{"id":915,"date":"2026-04-14T12:22:15","date_gmt":"2026-04-14T12:22:15","guid":{"rendered":"https:\/\/yourjob.ba\/?p=915"},"modified":"2026-04-14T12:22:17","modified_gmt":"2026-04-14T12:22:17","slug":"domagoj-andrijanic-mladi-cesto-ne-vide-koliko-vrijede-a-upravo-tu-pocinje-nasa-uloga","status":"publish","type":"post","link":"https:\/\/yourjob.ba\/index.php\/2026\/04\/14\/domagoj-andrijanic-mladi-cesto-ne-vide-koliko-vrijede-a-upravo-tu-pocinje-nasa-uloga\/","title":{"rendered":"Domagoj Andrijani\u0107: \u201cMladi \u010desto ne vide koliko vrijede, a upravo tu po\u010dinje na\u0161a uloga\u201d"},"content":{"rendered":"\n<h2 class=\"wp-block-heading\">Soft skills trener koji mladima poma\u017ee prepoznati vlastiti potencijal<\/h2>\n\n\n\n<p>U programu <strong>YourJob<\/strong> mladi ne stje\u010du samo znanja potrebna za zapo\u0161ljavanje, nego i prostor da prepoznaju vlastite sposobnosti, oja\u010daju samopouzdanje i sigurnije zakora\u010de prema tr\u017ei\u0161tu rada. U tome va\u017enu ulogu ima i <strong>Domagoj Andrijani\u0107<\/strong>, soft skills trener koji kroz suradnju s <strong>Caritasom BiH<\/strong> i programom <strong>YourJob<\/strong> radi s mladima na <strong>razvoju komunikacijskih, prezentacijskih i profesionalnih vje\u0161tina.<\/strong><br>Kako sam ka\u017ee, suradnja s Caritasom BiH od po\u010detka je bila puno vi\u0161e od formalnog projektnog anga\u017emana.<\/p>\n\n\n\n<blockquote class=\"wp-block-quote is-layout-flow wp-block-quote-is-layout-flow\">\n<p>\u201cSuradnja s Caritasom BiH zapo\u010dela je kroz formalno partnerstvo u okviru projekta usmjerenog na ja\u010danje zapo\u0161ljavanja mladih. Ono \u0161to je po\u010delo kao projektna suradnja dviju organizacija, brzo se pretvorilo u uspje\u0161nu sinergiju jer smo u Caritasu prona\u0161li partnera koji dijeli na\u0161e vrijednosti o va\u017enosti cjelo\u017eivotnog u\u010denja i osna\u017eivanja pojedinca.\u201d<\/p>\n<\/blockquote>\n\n\n\n<h2 class=\"wp-block-heading\">Suradnja u kojoj je mlada osoba uvijek u sredi\u0161tu<\/h2>\n\n\n\n<p>Govore\u0107i o toj suradnji, Domagoj posebno isti\u010de pristup koji Caritas BiH ima prema mladima, a koji je profesionalan, organiziran i istovremeno duboko usmjeren na pojedinca.<\/p>\n\n\n\n<blockquote class=\"wp-block-quote is-layout-flow wp-block-quote-is-layout-flow\">\n<p>\u201cOno \u0161to me posebno fascinira je njihova usmjerenost prema pojedincu jer ovdje polaznik nije samo broj u tablici ili dio statistike. Svaka mlada osoba dobiva prilago\u0111en pristup, mentorstvo i podr\u0161ku koja uva\u017eava njezine specifi\u010dne talente i izazove.\u201d<\/p>\n<\/blockquote>\n\n\n\n<p>Upravo ta ljudska dimenzija, dodaje, stvara prostor u kojem i treneri mogu dati svoj maksimum, jer rade u okru\u017eenju koje istinski vjeruje da svaka mlada osoba mo\u017ee napredovati kada dobije pravu podr\u0161ku.<\/p>\n\n\n\n<figure class=\"wp-block-image size-large\"><img loading=\"lazy\" decoding=\"async\" width=\"1536\" height=\"864\" src=\"https:\/\/yourjob.ba\/wp-content\/uploads\/2026\/04\/image7-edited.jpeg\" alt=\"\" class=\"wp-image-931\" srcset=\"https:\/\/yourjob.ba\/wp-content\/uploads\/2026\/04\/image7-edited.jpeg 1536w, https:\/\/yourjob.ba\/wp-content\/uploads\/2026\/04\/image7-edited-300x169.jpeg 300w, https:\/\/yourjob.ba\/wp-content\/uploads\/2026\/04\/image7-edited-1024x576.jpeg 1024w, https:\/\/yourjob.ba\/wp-content\/uploads\/2026\/04\/image7-edited-768x432.jpeg 768w\" sizes=\"auto, (max-width: 1536px) 100vw, 1536px\" \/><\/figure>\n\n\n\n<h2 class=\"wp-block-heading\">Od \u017eivotopisa do razgovora za posao: vje\u0161tine koje mladima trebaju odmah<\/h2>\n\n\n\n<p>Kroz YourJob Domagoj naj\u010de\u0161\u0107e vodi obuke koje mlade pripremaju za prve ozbiljne korake prema zaposlenju. To uklju\u010duje poslovnu komunikaciju, prezentacijske vje\u0161tine, pisanje \u017eivotopisa i motivacijskog pisma, kao i simulacije razgovora za posao.<\/p>\n\n\n\n<blockquote class=\"wp-block-quote is-layout-flow wp-block-quote-is-layout-flow\">\n<p>\u201cMoj rad u programu YourJob primarno je fokusiran na module koji mlade pripremaju za prvi, a \u010desto i presudni kontakt s poslodavcem. To podrazumijeva intenzivne radionice pisanja profesionalnih \u017eivotopisa i motivacijskih pisama, kao i simulacije intervjua za posao, gdje polaznici kroz vje\u017ebe \u2018jedan na jedan\u2019 u\u010de kako kontrolirati tremu, jasno artikulirati svoje prednosti i ostaviti sna\u017ean prvi dojam.\u201d<\/p>\n<\/blockquote>\n\n\n\n<p>Rije\u010d je o vje\u0161tinama koje \u010desto nisu dovoljno zastupljene u formalnom obrazovanju, a upravo su presudne kada mlada osoba prvi put treba predstaviti sebe, svoje iskustvo i svoj potencijal.<\/p>\n\n\n\n<h2 class=\"wp-block-heading\">Najva\u017enija promjena doga\u0111a se u samopouzdanju<\/h2>\n\n\n\n<p>Iako su teme obuka razli\u010dite, Domagoj ka\u017ee da mu je najvrjedniji dio rada s mladima uvijek isti &#8211; trenutak kada oni po\u010dnu druga\u010dije gledati na sebe.<\/p>\n\n\n\n<blockquote class=\"wp-block-quote is-layout-flow wp-block-quote-is-layout-flow\">\n<p>\u201cNajvi\u0161e me ispunjavaju trenutci u kojima mladi ljudi, kroz interaktivne vje\u017ebe i rad, po prvi put \u2018ugledaju\u2019 sebe kao kompetentne i sposobne pojedince. Taj prelazak iz nesigurnosti u svjesnost o vlastitim vje\u0161tinama zajedni\u010dki je nazivnik svih mojih najdra\u017eih edukacija.\u201d<\/p>\n<\/blockquote>\n\n\n\n<p>To je promjena koja se ne vidi samo u na\u010dinu na koji govore, nego i u na\u010dinu na koji ulaze u prostoriju, komuniciraju s drugima i zauzimaju se za sebe. Na po\u010detku su \u010desto oprezni, tihi i nesigurni, a na kraju obuke otvoreniji, jasniji i spremniji napraviti sljede\u0107i korak.<\/p>\n\n\n\n<figure class=\"wp-block-image size-large\"><img loading=\"lazy\" decoding=\"async\" width=\"1200\" height=\"675\" src=\"https:\/\/yourjob.ba\/wp-content\/uploads\/2026\/04\/image2-edited.jpeg\" alt=\"\" class=\"wp-image-924\" srcset=\"https:\/\/yourjob.ba\/wp-content\/uploads\/2026\/04\/image2-edited.jpeg 1200w, https:\/\/yourjob.ba\/wp-content\/uploads\/2026\/04\/image2-edited-300x169.jpeg 300w, https:\/\/yourjob.ba\/wp-content\/uploads\/2026\/04\/image2-edited-1024x576.jpeg 1024w, https:\/\/yourjob.ba\/wp-content\/uploads\/2026\/04\/image2-edited-768x432.jpeg 768w\" sizes=\"auto, (max-width: 1200px) 100vw, 1200px\" \/><\/figure>\n\n\n\n<h2 class=\"wp-block-heading\">Soft skills nisu \u201cdodatak\u201d, nego temelj zapo\u0161ljivosti<\/h2>\n\n\n\n<p>Na pitanje koje su vje\u0161tine mladima danas najpotrebnije, Domagoj ne dvoji jer su upravo soft skills one koje \u010dine razliku dugoro\u010dno.<\/p>\n\n\n\n<blockquote class=\"wp-block-quote is-layout-flow wp-block-quote-is-layout-flow\">\n<p>\u201cApsolutno najkorisnije su soft skills vje\u0161tine, jer su one te koje mladu osobu \u010dine prilagodljivom i otpornom na brze promjene na tr\u017ei\u0161tu rada. Tehni\u010dka znanja se stalno mijenjaju, ali vje\u0161tine poput kriti\u010dkog razmi\u0161ljanja, rje\u0161avanja problema i timske suradnje su univerzalne i trajne.\u201d<\/p>\n<\/blockquote>\n\n\n\n<p>Posebno nagla\u0161ava komunikacijske vje\u0161tine i to ne samo sposobnost da netko govori, nego i da slu\u0161a, prima povratnu informaciju i reagira konstruktivno.<\/p>\n\n\n\n<blockquote class=\"wp-block-quote is-layout-flow wp-block-quote-is-layout-flow\">\n<p>\u201cTo je baza bez koje nijedna diploma ne mo\u017ee zasjati u punom sjaju.\u201d<\/p>\n<\/blockquote>\n\n\n\n<h2 class=\"wp-block-heading\">Paso\u0161 kompetencija: alat koji poma\u017ee mladima da osvijeste svoju vrijednost<\/h2>\n\n\n\n<p>Va\u017ean dio rada s mladima u ovom procesu je i <strong>Paso\u0161 kompetencija<\/strong>, alat koji poma\u017ee prepoznati, imenovati i predstaviti neformalno ste\u010dene vje\u0161tine.<br>Domagoj ga vidi kao iznimno va\u017ean instrument i za mlade i za osobe koje mijenjaju karijeru, ali i za poslodavce.<\/p>\n\n\n\n<blockquote class=\"wp-block-quote is-layout-flow wp-block-quote-is-layout-flow\">\n<p>\u201cPaso\u0161 kompetencija pojedincima pru\u017ea ono \u0161to je u modernom poslovanju najdragocjenije: argumentirano samopouzdanje temeljeno na dokazima. \u010cesto ljudi postanu nesvjesni svojih prijenosnih vje\u0161tina, a ovaj alat im omogu\u0107uje da ih precizno mapiraju i uspje\u0161no primijene u potpuno novim okru\u017eenjima.\u201d<\/p>\n<\/blockquote>\n\n\n\n<p>Dodaje da je njegova vrijednost i u tome \u0161to poslodavcima daje jasniji uvid u stvarne kapacitete kandidata.<\/p>\n\n\n\n<blockquote class=\"wp-block-quote is-layout-flow wp-block-quote-is-layout-flow\">\n<p>\u201cKada poslodavac dobije djelatnika \u010dije su vje\u0161tine precizno mapirane, smanjuju se tro\u0161kovi pogre\u0161nog zapo\u0161ljavanja i ubrzava proces integracije u radni proces.\u201d<\/p>\n<\/blockquote>\n\n\n\n<figure class=\"wp-block-image size-large\"><img loading=\"lazy\" decoding=\"async\" width=\"1600\" height=\"900\" src=\"https:\/\/yourjob.ba\/wp-content\/uploads\/2026\/04\/image5-1-edited.jpeg\" alt=\"\" class=\"wp-image-933\" srcset=\"https:\/\/yourjob.ba\/wp-content\/uploads\/2026\/04\/image5-1-edited.jpeg 1600w, https:\/\/yourjob.ba\/wp-content\/uploads\/2026\/04\/image5-1-edited-300x169.jpeg 300w, https:\/\/yourjob.ba\/wp-content\/uploads\/2026\/04\/image5-1-edited-1024x576.jpeg 1024w, https:\/\/yourjob.ba\/wp-content\/uploads\/2026\/04\/image5-1-edited-768x432.jpeg 768w, https:\/\/yourjob.ba\/wp-content\/uploads\/2026\/04\/image5-1-edited-1536x864.jpeg 1536w\" sizes=\"auto, (max-width: 1600px) 100vw, 1600px\" \/><\/figure>\n\n\n\n<h2 class=\"wp-block-heading\">Pri\u010da koja ostaje: od straha do prvog uspje\u0161nog razgovora za posao<\/h2>\n\n\n\n<p>Me\u0111u brojnim iskustvima s radionica, jedno mu je posebno ostalo u sje\u0107anju. Rije\u010d je o polaznici koja je na po\u010detku pokazivala izrazit otpor prema javnom nastupu i profesionalnoj komunikaciji.<\/p>\n\n\n\n<blockquote class=\"wp-block-quote is-layout-flow wp-block-quote-is-layout-flow\">\n<p>\u201cUvijek se sjetim polaznice koja je na prvu radionicu komunikacijskih vje\u0161tina do\u0161la s izrazitim otporom prema javnom nastupu. Spu\u0161ten pogled, prekri\u017eene ruke i drhtav glas jasno su govorili o dubokoj nesigurnosti. Tvrdila je da \u2018jednostavno nije taj tip\u2019 i da se nikada ne\u0107e mo\u0107i jasno zauzeti za sebe pred poslodavcem.\u201d<\/p>\n<\/blockquote>\n\n\n\n<p>Kroz vje\u017ebe i simulacije, korak po korak, po\u010dela je graditi sigurnost. Presudan trenutak dogodio se tijekom rada na asertivnoj komunikaciji.<\/p>\n\n\n\n<blockquote class=\"wp-block-quote is-layout-flow wp-block-quote-is-layout-flow\">\n<p>\u201cOdjednom, kao da se dogodio klik: ispravila je dr\u017eanje, uspostavila \u010dvrst kontakt o\u010dima i mirnim, ali odlu\u010dnim glasom iznijela svoje argumente.\u201d<\/p>\n<\/blockquote>\n\n\n\n<p>Kasnije se javila s vije\u0161\u0107u da joj je upravo to novoste\u010deno samopouzdanje pomoglo na prvom pravom razgovoru za posao. Kako navodi, takvi trenutci su najbolji dokaz da soft skills nisu samo \u2018meke\u2019 vje\u0161tine, ve\u0107 najmo\u0107niji alati koje mlada osoba mo\u017ee posjedovati u svom profesionalnom razvoju.<\/p>\n\n\n\n<figure class=\"wp-block-image size-large\"><img loading=\"lazy\" decoding=\"async\" width=\"1536\" height=\"864\" src=\"https:\/\/yourjob.ba\/wp-content\/uploads\/2026\/04\/1.2024-MO-1-edited.jpeg\" alt=\"\" class=\"wp-image-920\" srcset=\"https:\/\/yourjob.ba\/wp-content\/uploads\/2026\/04\/1.2024-MO-1-edited.jpeg 1536w, https:\/\/yourjob.ba\/wp-content\/uploads\/2026\/04\/1.2024-MO-1-edited-300x169.jpeg 300w, https:\/\/yourjob.ba\/wp-content\/uploads\/2026\/04\/1.2024-MO-1-edited-1024x576.jpeg 1024w, https:\/\/yourjob.ba\/wp-content\/uploads\/2026\/04\/1.2024-MO-1-edited-768x432.jpeg 768w\" sizes=\"auto, (max-width: 1536px) 100vw, 1536px\" \/><\/figure>\n\n\n\n<h2 class=\"wp-block-heading\">Najve\u0107a nagrada je vidjeti kako mladi po\u010dinju vjerovati sebi<\/h2>\n\n\n\n<p>Za Domagoja je najve\u0107a vrijednost rada s mladima promjena koju vidi do kraja obuke \u2014 ne samo u znanju, nego u stavu, energiji i na\u010dinu na koji promatraju vlastitu budu\u0107nost.<\/p>\n\n\n\n<blockquote class=\"wp-block-quote is-layout-flow wp-block-quote-is-layout-flow\">\n<p>\u201cNa po\u010detku treninga \u010desto se susre\u0107em s rezervirano\u0161\u0107u, pa \u010dak i strahom od javnog nastupa ili timske interakcije. Ono \u0161to me najvi\u0161e obraduje jest trenutak kada polaznici ovladaju alatima verbalne i neverbalne komunikacije i kada njihovo tijelo po\u010dne pratiti njihove rije\u010di.\u201d<\/p>\n<\/blockquote>\n\n\n\n<p>Kako ka\u017ee, tada se doga\u0111a najva\u017eniji pomak jer mladi vi\u0161e ne \u010dekaju priliku, nego je znaju prepoznati i stvoriti. Ta promjena pogleda iz pasivnog promatra\u010da u aktivnog arhitekta vlastite karijere za njega je najsna\u017eniji indikator uspjeha.<\/p>\n\n\n\n<h2 class=\"wp-block-heading\">Kada mladi osvijeste svoju vrijednost, otvaraju se i nove prilike<\/h2>\n\n\n\n<figure class=\"wp-block-image size-large\"><img loading=\"lazy\" decoding=\"async\" width=\"1024\" height=\"683\" src=\"https:\/\/yourjob.ba\/wp-content\/uploads\/2026\/04\/slika-2-1024x683.jpg\" alt=\"\" class=\"wp-image-917\" srcset=\"https:\/\/yourjob.ba\/wp-content\/uploads\/2026\/04\/slika-2-1024x683.jpg 1024w, https:\/\/yourjob.ba\/wp-content\/uploads\/2026\/04\/slika-2-300x200.jpg 300w, https:\/\/yourjob.ba\/wp-content\/uploads\/2026\/04\/slika-2-768x512.jpg 768w, https:\/\/yourjob.ba\/wp-content\/uploads\/2026\/04\/slika-2-1536x1024.jpg 1536w, https:\/\/yourjob.ba\/wp-content\/uploads\/2026\/04\/slika-2.jpg 1600w\" sizes=\"auto, (max-width: 1024px) 100vw, 1024px\" \/><\/figure>\n\n\n\n<p>Razgovor s Domagojem Andrijani\u0107em pokazuje koliko je va\u017eno mladima ponuditi vi\u0161e od teorijskog znanja. Potrebni su im podr\u0161ka, razumijevanje, prakti\u010dni alati i ljudi koji \u0107e ih potaknuti da prepoznaju ono \u0161to ve\u0107 nose u sebi.<\/p>\n\n\n\n<p><em>Upravo zato YourJob nije samo program podr\u0161ke zapo\u0161ljavanju. To je prostor u kojem mladi u\u010de kako jasnije vidjeti vlastite kompetencije, kako ih predstaviti i kako s vi\u0161e sigurnosti zakora\u010diti prema svijetu rada. A ponekad je upravo to prvi i najva\u017eniji korak prema uspjehu.<\/em><\/p>\n\n\n\n<figure class=\"wp-block-gallery has-nested-images columns-default is-cropped wp-block-gallery-1 is-layout-flex wp-block-gallery-is-layout-flex\">\n<figure class=\"wp-block-image size-large\"><img loading=\"lazy\" decoding=\"async\" width=\"768\" height=\"1024\" data-id=\"929\" src=\"https:\/\/yourjob.ba\/wp-content\/uploads\/2026\/04\/image3-768x1024.jpeg\" alt=\"\" class=\"wp-image-929\" srcset=\"https:\/\/yourjob.ba\/wp-content\/uploads\/2026\/04\/image3-768x1024.jpeg 768w, https:\/\/yourjob.ba\/wp-content\/uploads\/2026\/04\/image3-225x300.jpeg 225w, https:\/\/yourjob.ba\/wp-content\/uploads\/2026\/04\/image3-1152x1536.jpeg 1152w, https:\/\/yourjob.ba\/wp-content\/uploads\/2026\/04\/image3.jpeg 1200w\" sizes=\"auto, (max-width: 768px) 100vw, 768px\" \/><\/figure>\n\n\n\n<figure class=\"wp-block-image size-large\"><img loading=\"lazy\" decoding=\"async\" width=\"768\" height=\"1024\" data-id=\"926\" src=\"https:\/\/yourjob.ba\/wp-content\/uploads\/2026\/04\/image378-768x1024.jpeg\" alt=\"\" class=\"wp-image-926\" srcset=\"https:\/\/yourjob.ba\/wp-content\/uploads\/2026\/04\/image378-768x1024.jpeg 768w, https:\/\/yourjob.ba\/wp-content\/uploads\/2026\/04\/image378-225x300.jpeg 225w, https:\/\/yourjob.ba\/wp-content\/uploads\/2026\/04\/image378-1152x1536.jpeg 1152w, https:\/\/yourjob.ba\/wp-content\/uploads\/2026\/04\/image378.jpeg 1536w\" sizes=\"auto, (max-width: 768px) 100vw, 768px\" \/><\/figure>\n\n\n\n<figure class=\"wp-block-image size-large\"><img loading=\"lazy\" decoding=\"async\" width=\"768\" height=\"1024\" data-id=\"928\" src=\"https:\/\/yourjob.ba\/wp-content\/uploads\/2026\/04\/slika-23-768x1024.jpg\" alt=\"\" class=\"wp-image-928\" srcset=\"https:\/\/yourjob.ba\/wp-content\/uploads\/2026\/04\/slika-23-768x1024.jpg 768w, https:\/\/yourjob.ba\/wp-content\/uploads\/2026\/04\/slika-23-225x300.jpg 225w, https:\/\/yourjob.ba\/wp-content\/uploads\/2026\/04\/slika-23-1152x1536.jpg 1152w, https:\/\/yourjob.ba\/wp-content\/uploads\/2026\/04\/slika-23.jpg 1536w\" sizes=\"auto, (max-width: 768px) 100vw, 768px\" \/><\/figure>\n\n\n\n<figure class=\"wp-block-image size-large\"><img loading=\"lazy\" decoding=\"async\" width=\"1536\" height=\"1152\" data-id=\"932\" src=\"https:\/\/yourjob.ba\/wp-content\/uploads\/2026\/04\/99-edited.jpeg\" alt=\"\" class=\"wp-image-932\" srcset=\"https:\/\/yourjob.ba\/wp-content\/uploads\/2026\/04\/99-edited.jpeg 1536w, https:\/\/yourjob.ba\/wp-content\/uploads\/2026\/04\/99-edited-300x225.jpeg 300w, https:\/\/yourjob.ba\/wp-content\/uploads\/2026\/04\/99-edited-1024x768.jpeg 1024w, https:\/\/yourjob.ba\/wp-content\/uploads\/2026\/04\/99-edited-768x576.jpeg 768w\" sizes=\"auto, (max-width: 1536px) 100vw, 1536px\" \/><\/figure>\n<\/figure>\n","protected":false},"excerpt":{"rendered":"<p>Soft skills trener koji mladima poma\u017ee prepoznati vlastiti potencijal U programu YourJob mladi ne stje\u010du samo znanja potrebna za zapo\u0161ljavanje, nego i prostor da prepoznaju vlastite sposobnosti, oja\u010daju samopouzdanje i sigurnije zakora\u010de prema tr\u017ei\u0161tu rada. U tome va\u017enu ulogu ima i Domagoj Andrijani\u0107, soft skills trener koji kroz suradnju s Caritasom BiH i programom YourJob [&hellip;]<\/p>\n","protected":false},"author":2,"featured_media":916,"comment_status":"open","ping_status":"open","sticky":false,"template":"","format":"standard","meta":{"footnotes":""},"categories":[1],"tags":[18,26,13],"class_list":["post-915","post","type-post","status-publish","format-standard","has-post-thumbnail","hentry","category-price","tag-caritasbih","tag-mladiuzaposljavanju","tag-yourjobbih"],"yoast_head":"<!-- This site is optimized with the Yoast SEO plugin v27.4 - https:\/\/yoast.com\/product\/yoast-seo-wordpress\/ -->\n<title>Domagoj Andrijani\u0107: \u201cMladi \u010desto ne vide koliko vrijede, a upravo tu po\u010dinje na\u0161a uloga\u201d - Potpora zapo\u0161ljivosti i mogu\u0107nostima zapo\u0161ljavanja mladih<\/title>\n<meta name=\"robots\" content=\"index, follow, max-snippet:-1, max-image-preview:large, max-video-preview:-1\" \/>\n<link rel=\"canonical\" href=\"https:\/\/yourjob.ba\/index.php\/2026\/04\/14\/domagoj-andrijanic-mladi-cesto-ne-vide-koliko-vrijede-a-upravo-tu-pocinje-nasa-uloga\/\" \/>\n<meta property=\"og:locale\" content=\"en_US\" \/>\n<meta property=\"og:type\" content=\"article\" \/>\n<meta property=\"og:title\" content=\"Domagoj Andrijani\u0107: \u201cMladi \u010desto ne vide koliko vrijede, a upravo tu po\u010dinje na\u0161a uloga\u201d - Potpora zapo\u0161ljivosti i mogu\u0107nostima zapo\u0161ljavanja mladih\" \/>\n<meta property=\"og:description\" content=\"Soft skills trener koji mladima poma\u017ee prepoznati vlastiti potencijal U programu YourJob mladi ne stje\u010du samo znanja potrebna za zapo\u0161ljavanje, nego i prostor da prepoznaju vlastite sposobnosti, oja\u010daju samopouzdanje i sigurnije zakora\u010de prema tr\u017ei\u0161tu rada. U tome va\u017enu ulogu ima i Domagoj Andrijani\u0107, soft skills trener koji kroz suradnju s Caritasom BiH i programom YourJob [&hellip;]\" \/>\n<meta property=\"og:url\" content=\"https:\/\/yourjob.ba\/index.php\/2026\/04\/14\/domagoj-andrijanic-mladi-cesto-ne-vide-koliko-vrijede-a-upravo-tu-pocinje-nasa-uloga\/\" \/>\n<meta property=\"og:site_name\" content=\"Potpora zapo\u0161ljivosti i mogu\u0107nostima zapo\u0161ljavanja mladih\" \/>\n<meta property=\"article:published_time\" content=\"2026-04-14T12:22:15+00:00\" \/>\n<meta property=\"article:modified_time\" content=\"2026-04-14T12:22:17+00:00\" \/>\n<meta property=\"og:image\" content=\"https:\/\/yourjob.ba\/wp-content\/uploads\/2026\/04\/slika-1.jpg\" \/>\n\t<meta property=\"og:image:width\" content=\"1600\" \/>\n\t<meta property=\"og:image:height\" content=\"1458\" \/>\n\t<meta property=\"og:image:type\" content=\"image\/jpeg\" \/>\n<meta name=\"author\" content=\"Ivona VIda\u010dkovi\u0107\" \/>\n<meta name=\"twitter:card\" content=\"summary_large_image\" \/>\n<meta name=\"twitter:label1\" content=\"Written by\" \/>\n\t<meta name=\"twitter:data1\" content=\"Ivona VIda\u010dkovi\u0107\" \/>\n\t<meta name=\"twitter:label2\" content=\"Est. reading time\" \/>\n\t<meta name=\"twitter:data2\" content=\"6 minutes\" \/>\n<script type=\"application\/ld+json\" class=\"yoast-schema-graph\">{\"@context\":\"https:\\\/\\\/schema.org\",\"@graph\":[{\"@type\":\"WebPage\",\"@id\":\"https:\\\/\\\/yourjob.ba\\\/index.php\\\/2026\\\/04\\\/14\\\/domagoj-andrijanic-mladi-cesto-ne-vide-koliko-vrijede-a-upravo-tu-pocinje-nasa-uloga\\\/\",\"url\":\"https:\\\/\\\/yourjob.ba\\\/index.php\\\/2026\\\/04\\\/14\\\/domagoj-andrijanic-mladi-cesto-ne-vide-koliko-vrijede-a-upravo-tu-pocinje-nasa-uloga\\\/\",\"name\":\"Domagoj Andrijani\u0107: \u201cMladi \u010desto ne vide koliko vrijede, a upravo tu po\u010dinje na\u0161a uloga\u201d - Potpora zapo\u0161ljivosti i mogu\u0107nostima zapo\u0161ljavanja mladih\",\"isPartOf\":{\"@id\":\"https:\\\/\\\/yourjob.ba\\\/#website\"},\"primaryImageOfPage\":{\"@id\":\"https:\\\/\\\/yourjob.ba\\\/index.php\\\/2026\\\/04\\\/14\\\/domagoj-andrijanic-mladi-cesto-ne-vide-koliko-vrijede-a-upravo-tu-pocinje-nasa-uloga\\\/#primaryimage\"},\"image\":{\"@id\":\"https:\\\/\\\/yourjob.ba\\\/index.php\\\/2026\\\/04\\\/14\\\/domagoj-andrijanic-mladi-cesto-ne-vide-koliko-vrijede-a-upravo-tu-pocinje-nasa-uloga\\\/#primaryimage\"},\"thumbnailUrl\":\"https:\\\/\\\/yourjob.ba\\\/wp-content\\\/uploads\\\/2026\\\/04\\\/slika-1.jpg\",\"datePublished\":\"2026-04-14T12:22:15+00:00\",\"dateModified\":\"2026-04-14T12:22:17+00:00\",\"breadcrumb\":{\"@id\":\"https:\\\/\\\/yourjob.ba\\\/index.php\\\/2026\\\/04\\\/14\\\/domagoj-andrijanic-mladi-cesto-ne-vide-koliko-vrijede-a-upravo-tu-pocinje-nasa-uloga\\\/#breadcrumb\"},\"inLanguage\":\"en-US\",\"potentialAction\":[{\"@type\":\"ReadAction\",\"target\":[\"https:\\\/\\\/yourjob.ba\\\/index.php\\\/2026\\\/04\\\/14\\\/domagoj-andrijanic-mladi-cesto-ne-vide-koliko-vrijede-a-upravo-tu-pocinje-nasa-uloga\\\/\"]}]},{\"@type\":\"ImageObject\",\"inLanguage\":\"en-US\",\"@id\":\"https:\\\/\\\/yourjob.ba\\\/index.php\\\/2026\\\/04\\\/14\\\/domagoj-andrijanic-mladi-cesto-ne-vide-koliko-vrijede-a-upravo-tu-pocinje-nasa-uloga\\\/#primaryimage\",\"url\":\"https:\\\/\\\/yourjob.ba\\\/wp-content\\\/uploads\\\/2026\\\/04\\\/slika-1.jpg\",\"contentUrl\":\"https:\\\/\\\/yourjob.ba\\\/wp-content\\\/uploads\\\/2026\\\/04\\\/slika-1.jpg\",\"width\":1600,\"height\":1458},{\"@type\":\"BreadcrumbList\",\"@id\":\"https:\\\/\\\/yourjob.ba\\\/index.php\\\/2026\\\/04\\\/14\\\/domagoj-andrijanic-mladi-cesto-ne-vide-koliko-vrijede-a-upravo-tu-pocinje-nasa-uloga\\\/#breadcrumb\",\"itemListElement\":[{\"@type\":\"ListItem\",\"position\":1,\"name\":\"Home\",\"item\":\"https:\\\/\\\/yourjob.ba\\\/\"},{\"@type\":\"ListItem\",\"position\":2,\"name\":\"Domagoj Andrijani\u0107: \u201cMladi \u010desto ne vide koliko vrijede, a upravo tu po\u010dinje na\u0161a uloga\u201d\"}]},{\"@type\":\"WebSite\",\"@id\":\"https:\\\/\\\/yourjob.ba\\\/#website\",\"url\":\"https:\\\/\\\/yourjob.ba\\\/\",\"name\":\"Potpora zapo\u0161ljivosti i mogu\u0107nostima zapo\u0161ljavanja mladih\",\"description\":\"\",\"publisher\":{\"@id\":\"https:\\\/\\\/yourjob.ba\\\/#organization\"},\"alternateName\":\"YourJob\",\"potentialAction\":[{\"@type\":\"SearchAction\",\"target\":{\"@type\":\"EntryPoint\",\"urlTemplate\":\"https:\\\/\\\/yourjob.ba\\\/?s={search_term_string}\"},\"query-input\":{\"@type\":\"PropertyValueSpecification\",\"valueRequired\":true,\"valueName\":\"search_term_string\"}}],\"inLanguage\":\"en-US\"},{\"@type\":\"Organization\",\"@id\":\"https:\\\/\\\/yourjob.ba\\\/#organization\",\"name\":\"YourJob\",\"url\":\"https:\\\/\\\/yourjob.ba\\\/\",\"logo\":{\"@type\":\"ImageObject\",\"inLanguage\":\"en-US\",\"@id\":\"https:\\\/\\\/yourjob.ba\\\/#\\\/schema\\\/logo\\\/image\\\/\",\"url\":\"https:\\\/\\\/yourjob.ba\\\/wp-content\\\/uploads\\\/2024\\\/09\\\/logo-01.jpg\",\"contentUrl\":\"https:\\\/\\\/yourjob.ba\\\/wp-content\\\/uploads\\\/2024\\\/09\\\/logo-01.jpg\",\"width\":1803,\"height\":673,\"caption\":\"YourJob\"},\"image\":{\"@id\":\"https:\\\/\\\/yourjob.ba\\\/#\\\/schema\\\/logo\\\/image\\\/\"}}]}<\/script>\n<!-- \/ Yoast SEO plugin. -->","yoast_head_json":{"title":"Domagoj Andrijani\u0107: \u201cMladi \u010desto ne vide koliko vrijede, a upravo tu po\u010dinje na\u0161a uloga\u201d - Potpora zapo\u0161ljivosti i mogu\u0107nostima zapo\u0161ljavanja mladih","robots":{"index":"index","follow":"follow","max-snippet":"max-snippet:-1","max-image-preview":"max-image-preview:large","max-video-preview":"max-video-preview:-1"},"canonical":"https:\/\/yourjob.ba\/index.php\/2026\/04\/14\/domagoj-andrijanic-mladi-cesto-ne-vide-koliko-vrijede-a-upravo-tu-pocinje-nasa-uloga\/","og_locale":"en_US","og_type":"article","og_title":"Domagoj Andrijani\u0107: \u201cMladi \u010desto ne vide koliko vrijede, a upravo tu po\u010dinje na\u0161a uloga\u201d - Potpora zapo\u0161ljivosti i mogu\u0107nostima zapo\u0161ljavanja mladih","og_description":"Soft skills trener koji mladima poma\u017ee prepoznati vlastiti potencijal U programu YourJob mladi ne stje\u010du samo znanja potrebna za zapo\u0161ljavanje, nego i prostor da prepoznaju vlastite sposobnosti, oja\u010daju samopouzdanje i sigurnije zakora\u010de prema tr\u017ei\u0161tu rada. U tome va\u017enu ulogu ima i Domagoj Andrijani\u0107, soft skills trener koji kroz suradnju s Caritasom BiH i programom YourJob [&hellip;]","og_url":"https:\/\/yourjob.ba\/index.php\/2026\/04\/14\/domagoj-andrijanic-mladi-cesto-ne-vide-koliko-vrijede-a-upravo-tu-pocinje-nasa-uloga\/","og_site_name":"Potpora zapo\u0161ljivosti i mogu\u0107nostima zapo\u0161ljavanja mladih","article_published_time":"2026-04-14T12:22:15+00:00","article_modified_time":"2026-04-14T12:22:17+00:00","og_image":[{"width":1600,"height":1458,"url":"https:\/\/yourjob.ba\/wp-content\/uploads\/2026\/04\/slika-1.jpg","type":"image\/jpeg"}],"author":"Ivona VIda\u010dkovi\u0107","twitter_card":"summary_large_image","twitter_misc":{"Written by":"Ivona VIda\u010dkovi\u0107","Est. reading time":"6 minutes"},"schema":{"@context":"https:\/\/schema.org","@graph":[{"@type":"WebPage","@id":"https:\/\/yourjob.ba\/index.php\/2026\/04\/14\/domagoj-andrijanic-mladi-cesto-ne-vide-koliko-vrijede-a-upravo-tu-pocinje-nasa-uloga\/","url":"https:\/\/yourjob.ba\/index.php\/2026\/04\/14\/domagoj-andrijanic-mladi-cesto-ne-vide-koliko-vrijede-a-upravo-tu-pocinje-nasa-uloga\/","name":"Domagoj Andrijani\u0107: \u201cMladi \u010desto ne vide koliko vrijede, a upravo tu po\u010dinje na\u0161a uloga\u201d - Potpora zapo\u0161ljivosti i mogu\u0107nostima zapo\u0161ljavanja mladih","isPartOf":{"@id":"https:\/\/yourjob.ba\/#website"},"primaryImageOfPage":{"@id":"https:\/\/yourjob.ba\/index.php\/2026\/04\/14\/domagoj-andrijanic-mladi-cesto-ne-vide-koliko-vrijede-a-upravo-tu-pocinje-nasa-uloga\/#primaryimage"},"image":{"@id":"https:\/\/yourjob.ba\/index.php\/2026\/04\/14\/domagoj-andrijanic-mladi-cesto-ne-vide-koliko-vrijede-a-upravo-tu-pocinje-nasa-uloga\/#primaryimage"},"thumbnailUrl":"https:\/\/yourjob.ba\/wp-content\/uploads\/2026\/04\/slika-1.jpg","datePublished":"2026-04-14T12:22:15+00:00","dateModified":"2026-04-14T12:22:17+00:00","breadcrumb":{"@id":"https:\/\/yourjob.ba\/index.php\/2026\/04\/14\/domagoj-andrijanic-mladi-cesto-ne-vide-koliko-vrijede-a-upravo-tu-pocinje-nasa-uloga\/#breadcrumb"},"inLanguage":"en-US","potentialAction":[{"@type":"ReadAction","target":["https:\/\/yourjob.ba\/index.php\/2026\/04\/14\/domagoj-andrijanic-mladi-cesto-ne-vide-koliko-vrijede-a-upravo-tu-pocinje-nasa-uloga\/"]}]},{"@type":"ImageObject","inLanguage":"en-US","@id":"https:\/\/yourjob.ba\/index.php\/2026\/04\/14\/domagoj-andrijanic-mladi-cesto-ne-vide-koliko-vrijede-a-upravo-tu-pocinje-nasa-uloga\/#primaryimage","url":"https:\/\/yourjob.ba\/wp-content\/uploads\/2026\/04\/slika-1.jpg","contentUrl":"https:\/\/yourjob.ba\/wp-content\/uploads\/2026\/04\/slika-1.jpg","width":1600,"height":1458},{"@type":"BreadcrumbList","@id":"https:\/\/yourjob.ba\/index.php\/2026\/04\/14\/domagoj-andrijanic-mladi-cesto-ne-vide-koliko-vrijede-a-upravo-tu-pocinje-nasa-uloga\/#breadcrumb","itemListElement":[{"@type":"ListItem","position":1,"name":"Home","item":"https:\/\/yourjob.ba\/"},{"@type":"ListItem","position":2,"name":"Domagoj Andrijani\u0107: \u201cMladi \u010desto ne vide koliko vrijede, a upravo tu po\u010dinje na\u0161a uloga\u201d"}]},{"@type":"WebSite","@id":"https:\/\/yourjob.ba\/#website","url":"https:\/\/yourjob.ba\/","name":"Potpora zapo\u0161ljivosti i mogu\u0107nostima zapo\u0161ljavanja mladih","description":"","publisher":{"@id":"https:\/\/yourjob.ba\/#organization"},"alternateName":"YourJob","potentialAction":[{"@type":"SearchAction","target":{"@type":"EntryPoint","urlTemplate":"https:\/\/yourjob.ba\/?s={search_term_string}"},"query-input":{"@type":"PropertyValueSpecification","valueRequired":true,"valueName":"search_term_string"}}],"inLanguage":"en-US"},{"@type":"Organization","@id":"https:\/\/yourjob.ba\/#organization","name":"YourJob","url":"https:\/\/yourjob.ba\/","logo":{"@type":"ImageObject","inLanguage":"en-US","@id":"https:\/\/yourjob.ba\/#\/schema\/logo\/image\/","url":"https:\/\/yourjob.ba\/wp-content\/uploads\/2024\/09\/logo-01.jpg","contentUrl":"https:\/\/yourjob.ba\/wp-content\/uploads\/2024\/09\/logo-01.jpg","width":1803,"height":673,"caption":"YourJob"},"image":{"@id":"https:\/\/yourjob.ba\/#\/schema\/logo\/image\/"}}]}},"_links":{"self":[{"href":"https:\/\/yourjob.ba\/index.php\/wp-json\/wp\/v2\/posts\/915","targetHints":{"allow":["GET"]}}],"collection":[{"href":"https:\/\/yourjob.ba\/index.php\/wp-json\/wp\/v2\/posts"}],"about":[{"href":"https:\/\/yourjob.ba\/index.php\/wp-json\/wp\/v2\/types\/post"}],"author":[{"embeddable":true,"href":"https:\/\/yourjob.ba\/index.php\/wp-json\/wp\/v2\/users\/2"}],"replies":[{"embeddable":true,"href":"https:\/\/yourjob.ba\/index.php\/wp-json\/wp\/v2\/comments?post=915"}],"version-history":[{"count":4,"href":"https:\/\/yourjob.ba\/index.php\/wp-json\/wp\/v2\/posts\/915\/revisions"}],"predecessor-version":[{"id":938,"href":"https:\/\/yourjob.ba\/index.php\/wp-json\/wp\/v2\/posts\/915\/revisions\/938"}],"wp:featuredmedia":[{"embeddable":true,"href":"https:\/\/yourjob.ba\/index.php\/wp-json\/wp\/v2\/media\/916"}],"wp:attachment":[{"href":"https:\/\/yourjob.ba\/index.php\/wp-json\/wp\/v2\/media?parent=915"}],"wp:term":[{"taxonomy":"category","embeddable":true,"href":"https:\/\/yourjob.ba\/index.php\/wp-json\/wp\/v2\/categories?post=915"},{"taxonomy":"post_tag","embeddable":true,"href":"https:\/\/yourjob.ba\/index.php\/wp-json\/wp\/v2\/tags?post=915"}],"curies":[{"name":"wp","href":"https:\/\/api.w.org\/{rel}","templated":true}]}}