{"id":883,"date":"2026-04-07T12:43:00","date_gmt":"2026-04-07T12:43:00","guid":{"rendered":"https:\/\/yourjob.ba\/?p=883"},"modified":"2026-04-07T13:20:25","modified_gmt":"2026-04-07T13:20:25","slug":"od-edukacije-do-zaposlenja-ivina-prica-o-rastu-ucenju-i-prvom-poslu-u-struci","status":"publish","type":"post","link":"https:\/\/yourjob.ba\/index.php\/2026\/04\/07\/od-edukacije-do-zaposlenja-ivina-prica-o-rastu-ucenju-i-prvom-poslu-u-struci\/","title":{"rendered":"Od edukacije do zaposlenja: Ivina pri\u010da o rastu, u\u010denju i prvom poslu u struci"},"content":{"rendered":"\n<p><strong>Iva iz Mostara<\/strong> odmalena je bila vezana uz sport, a upravo ju je ta ljubav usmjerila prema fizioterapiji. \u017delja da ostane bliska sportu, ali i da kroz svoj rad poma\u017ee ljudima, posebno djeci, dovela ju je do studija fizioterapije. Ipak, nakon zavr\u0161etka fakulteta znala je da njezin profesionalni put tu ne staje \u2013 \u017eeljela je u\u010diti dalje, razvijati se i ste\u0107i konkretna znanja koja \u0107e joj pomo\u0107i u radu s ljudima.<br><strong>Prekretnicu na tom putu prepoznala je kroz projekt YourJob<\/strong>, za koji je saznala nakon prijave na Zavod za zapo\u0161ljavanje. Privukla ju je \u010dinjenica da postoji program koji mladima pru\u017ea stvarnu podr\u0161ku pri ulasku na tr\u017ei\u0161te rada i otvara prostor za dodatno usavr\u0161avanje. Nakon prezentacije i individualnih razgovora otvorila su joj se nova vrata: kroz podr\u0161ku projekta uklju\u010dila se u <strong>Akademiju fizioterapije u RC \u017dIVOT<\/strong>, \u0161to je bio prvi konkretan korak prema njezinu zaposlenju u struci.<\/p>\n\n\n\n<figure class=\"wp-block-image size-large\"><img loading=\"lazy\" decoding=\"async\" width=\"1536\" height=\"864\" src=\"https:\/\/yourjob.ba\/wp-content\/uploads\/2026\/04\/WhatsApp-Image-2026-03-12-at-12.21.02-edited.jpeg\" alt=\"\" class=\"wp-image-896\" srcset=\"https:\/\/yourjob.ba\/wp-content\/uploads\/2026\/04\/WhatsApp-Image-2026-03-12-at-12.21.02-edited.jpeg 1536w, https:\/\/yourjob.ba\/wp-content\/uploads\/2026\/04\/WhatsApp-Image-2026-03-12-at-12.21.02-edited-300x169.jpeg 300w, https:\/\/yourjob.ba\/wp-content\/uploads\/2026\/04\/WhatsApp-Image-2026-03-12-at-12.21.02-edited-1024x576.jpeg 1024w, https:\/\/yourjob.ba\/wp-content\/uploads\/2026\/04\/WhatsApp-Image-2026-03-12-at-12.21.02-edited-768x432.jpeg 768w\" sizes=\"auto, (max-width: 1536px) 100vw, 1536px\" \/><\/figure>\n\n\n\n<p><strong>Prvi koraci prema sigurnijoj budu\u0107nosti<\/strong><\/p>\n\n\n\n<blockquote class=\"wp-block-quote is-layout-flow wp-block-quote-is-layout-flow\">\n<p>\u201c\u017deljela sam pro\u0161iriti svoje znanje i usavr\u0161iti vje\u0161tine u radu s ljudima. Pratila sam njihov rad, rezultate rehabilitacija i pozitivna iskustva drugih, pa sam bila sigurna da je to pravi izbor za moj profesionalni razvoj\u201d, ka\u017ee Iva.<\/p>\n<\/blockquote>\n\n\n\n<p>Tijekom \u0161kolovanja i prvih profesionalnih koraka najizazovniji joj je bio proces pronala\u017eenja vlastitog mjesta unutar struke.<\/p>\n\n\n\n<blockquote class=\"wp-block-quote is-layout-flow wp-block-quote-is-layout-flow\">\n<p>\u201cNajizazovniji dio mog puta u fizioterapiji bio je prona\u0107i oblast u kojoj sam najbolja \u2013 otkrivati vlastite sposobnosti i graditi sigurnost u sebe. Ipak, ono \u0161to me stalno motiviralo bila je \u017eelja da poma\u017eem ljudima i njihova iskrena zahvalnost za moj rad.\u201d<\/p>\n<\/blockquote>\n\n\n\n<p><strong>Uz stru\u010dnu edukaciju, kroz YourJob <\/strong>je imala priliku sudjelovati i u programu izrade poslovnog plana za pokretanje vlastitog biznisa. Iako tada jo\u0161 nije znala \u0161to joj budu\u0107nost donosi, upravo joj je taj proces dodatno pro\u0161irio vidike, osna\u017eio je da razmi\u0161lja hrabrije o svojoj karijeri i pokazao koliko je va\u017eno imati podr\u0161ku u klju\u010dnim trenucima profesionalnog razvoja.<\/p>\n\n\n\n<figure class=\"wp-block-image size-large\"><img loading=\"lazy\" decoding=\"async\" width=\"1024\" height=\"682\" src=\"https:\/\/yourjob.ba\/wp-content\/uploads\/2026\/04\/WhatsApp-Image-2026-03-12-at-12.21.06-1024x682.jpeg\" alt=\"\" class=\"wp-image-889\" srcset=\"https:\/\/yourjob.ba\/wp-content\/uploads\/2026\/04\/WhatsApp-Image-2026-03-12-at-12.21.06-1024x682.jpeg 1024w, https:\/\/yourjob.ba\/wp-content\/uploads\/2026\/04\/WhatsApp-Image-2026-03-12-at-12.21.06-300x200.jpeg 300w, https:\/\/yourjob.ba\/wp-content\/uploads\/2026\/04\/WhatsApp-Image-2026-03-12-at-12.21.06-768x512.jpeg 768w, https:\/\/yourjob.ba\/wp-content\/uploads\/2026\/04\/WhatsApp-Image-2026-03-12-at-12.21.06-1536x1023.jpeg 1536w, https:\/\/yourjob.ba\/wp-content\/uploads\/2026\/04\/WhatsApp-Image-2026-03-12-at-12.21.06.jpeg 1600w\" sizes=\"auto, (max-width: 1024px) 100vw, 1024px\" \/><figcaption class=\"wp-element-caption\">Iva na dodjeli certifikata nakon zavr\u0161ene Akademije RC \u017divot<\/figcaption><\/figure>\n\n\n\n<p><strong>Od akademije do pripravni\u0161tva, a zatim i zaposlenje<\/strong><br>Po zavr\u0161etku Akademije otvorila se nova prilika \u2013 mogu\u0107nost stjecanja dodatnog prakti\u010dnog iskustva i rada u RC \u017dIVOT. Pokazalo se da je upravo taj korak bio klju\u010dan za njezin daljnji profesionalni razvoj.<\/p>\n\n\n\n<blockquote class=\"wp-block-quote is-layout-flow wp-block-quote-is-layout-flow\">\n<p>\u201cDobila sam priliku u\u010diti kroz praksu, promatrati razli\u010dite pristupe radu i razvijati sigurnost u odnosu s klijentima. Na obostrano zadovoljstvo, nakon toga mi je ponu\u0111en i posao te sam tako postala dio tima RC \u017dIVOT.\u201d<\/p>\n<\/blockquote>\n\n\n\n<figure class=\"wp-block-image size-large\"><img loading=\"lazy\" decoding=\"async\" width=\"1024\" height=\"768\" src=\"https:\/\/yourjob.ba\/wp-content\/uploads\/2026\/04\/WhatsApp-Image-2026-03-12-at-12.21.08-1024x768.jpeg\" alt=\"\" class=\"wp-image-890\" srcset=\"https:\/\/yourjob.ba\/wp-content\/uploads\/2026\/04\/WhatsApp-Image-2026-03-12-at-12.21.08-1024x768.jpeg 1024w, https:\/\/yourjob.ba\/wp-content\/uploads\/2026\/04\/WhatsApp-Image-2026-03-12-at-12.21.08-300x225.jpeg 300w, https:\/\/yourjob.ba\/wp-content\/uploads\/2026\/04\/WhatsApp-Image-2026-03-12-at-12.21.08-768x576.jpeg 768w, https:\/\/yourjob.ba\/wp-content\/uploads\/2026\/04\/WhatsApp-Image-2026-03-12-at-12.21.08-1536x1153.jpeg 1536w, https:\/\/yourjob.ba\/wp-content\/uploads\/2026\/04\/WhatsApp-Image-2026-03-12-at-12.21.08.jpeg 1599w\" sizes=\"auto, (max-width: 1024px) 100vw, 1024px\" \/><\/figure>\n\n\n\n<p>Za Ivu je posebno va\u017enu ulogu imalo <strong>mentorstvo<\/strong>, koje joj je pomoglo da ste\u010deno znanje pretvori u stvarne vje\u0161tine.<\/p>\n\n\n\n<blockquote class=\"wp-block-quote is-layout-flow wp-block-quote-is-layout-flow\">\n<p>\u201cTijekom akademije imala sam mentora, \u0161to mi je zna\u010dilo izuzetno mnogo. Prenosio mi je svoje znanje, u\u010dio me pristupu pacijentima, dopu\u0161tao mi da ste\u010dene vje\u0161tine primijenim u radu i motivirao me da dodatno istra\u017eujem i u\u010dim.\u201d<\/p>\n<\/blockquote>\n\n\n\n<p>Ivina pri\u010da jasno pokazuje koliko povezivanje mladih s kvalitetnom edukacijom, prakti\u010dnim iskustvom i poslodavcima mo\u017ee biti presudno za uspje\u0161an ulazak na tr\u017ei\u0161te rada. <strong>U njezinu slu\u010daju, upravo je podr\u0161ka kroz YourJob bila most izme\u0111u zavr\u0161etka obrazovanja i prvog zaposlenja u struci.<\/strong><\/p>\n\n\n\n<p><strong>Svaki napredak klijenta kao potvrda da je na pravom putu<\/strong><br>Danas Iva s velikom zahvalno\u0161\u0107u govori o poslu koji radi i timu kojem pripada.<\/p>\n\n\n\n<blockquote class=\"wp-block-quote is-layout-flow wp-block-quote-is-layout-flow\">\n<p>\u201cRad u centru mi se izuzetno svi\u0111a i vrlo sam zahvalna na pru\u017eenoj prilici. Svaki radni dan donosi nove izazove jer su svi klijenti i njihovi problemi razli\u010diti i zahtijevaju individualan pristup i prilago\u0111en plan rehabilitacije. No, uz odli\u010dan kolektiv i tim s kojim radim, to nikada nije problem.\u201d<\/p>\n<\/blockquote>\n\n\n\n<figure class=\"wp-block-image size-large\"><img loading=\"lazy\" decoding=\"async\" width=\"1080\" height=\"810\" src=\"https:\/\/yourjob.ba\/wp-content\/uploads\/2026\/04\/WhatsApp-Image-2026-03-12-at-12.22.03-edited.jpeg\" alt=\"\" class=\"wp-image-898\" srcset=\"https:\/\/yourjob.ba\/wp-content\/uploads\/2026\/04\/WhatsApp-Image-2026-03-12-at-12.22.03-edited.jpeg 1080w, https:\/\/yourjob.ba\/wp-content\/uploads\/2026\/04\/WhatsApp-Image-2026-03-12-at-12.22.03-edited-300x225.jpeg 300w, https:\/\/yourjob.ba\/wp-content\/uploads\/2026\/04\/WhatsApp-Image-2026-03-12-at-12.22.03-edited-1024x768.jpeg 1024w, https:\/\/yourjob.ba\/wp-content\/uploads\/2026\/04\/WhatsApp-Image-2026-03-12-at-12.22.03-edited-768x576.jpeg 768w\" sizes=\"auto, (max-width: 1080px) 100vw, 1080px\" \/><\/figure>\n\n\n\n<p>Posebno isti\u010de koliko joj zna\u010di <strong>podr\u0161ka kolega i mentora Marina<\/strong>, koji je svakodnevno motivira na u\u010denje i usavr\u0161avanje.<br>U poslu fizioterapeuta, ka\u017ee, najvi\u0161e je ispunjavaju upravo mali i veliki pomaci koje vidi kod svojih klijenata.<br>\u201cSvaki napredak klijenata, smanjenje boli, povratak svakodnevnim aktivnostima, usvojene zdrave \u017eivotne navike, te njihova iskrena zahvalnost daju mi neizmjernu radost i potvrdu da radim pravi posao.\u201d<\/p>\n\n\n\n<p>Jedan susret posebno joj je ostao u srcu.<\/p>\n\n\n\n<blockquote class=\"wp-block-quote is-layout-flow wp-block-quote-is-layout-flow\">\n<p>\u201cNa rehabilitaciju mi je do\u0161la \u017eena koja mi je kao maloj bila teta u vrti\u0107u. Nakon toliko godina ponovno smo se srele. Prisjetile smo se kako me je kao dijete vodila za ruku i hrabrila da savladam strah, a sada sam ja ta koja njoj poma\u017ee da otkloni bol i vrati se svom poslu i svakodnevnim aktivnostima. Taj trenutak me duboko dirnuo.\u201d<\/p>\n<\/blockquote>\n\n\n\n<p><strong>Poruka mladima<\/strong><br>Za mlade fizioterapeute koji tek ulaze u praksu, Iva ima jasnu poruku:<br><strong>\u201cHrabro kora\u010dajte, ne bojte se svojih snova i ambicija te svakodnevno u\u010dite, istra\u017eujte i otkrivajte fascinantni svijet fizioterapije. Mogu\u0107nosti \u0107e se prirodno same otkrivati.\u201d<\/strong><\/p>\n\n\n\n<figure class=\"wp-block-image size-large\"><img loading=\"lazy\" decoding=\"async\" width=\"1080\" height=\"810\" src=\"https:\/\/yourjob.ba\/wp-content\/uploads\/2026\/04\/WhatsApp-Image-2026-03-12-at-12.22.04-edited.jpeg\" alt=\"\" class=\"wp-image-899\" srcset=\"https:\/\/yourjob.ba\/wp-content\/uploads\/2026\/04\/WhatsApp-Image-2026-03-12-at-12.22.04-edited.jpeg 1080w, https:\/\/yourjob.ba\/wp-content\/uploads\/2026\/04\/WhatsApp-Image-2026-03-12-at-12.22.04-edited-300x225.jpeg 300w, https:\/\/yourjob.ba\/wp-content\/uploads\/2026\/04\/WhatsApp-Image-2026-03-12-at-12.22.04-edited-1024x768.jpeg 1024w, https:\/\/yourjob.ba\/wp-content\/uploads\/2026\/04\/WhatsApp-Image-2026-03-12-at-12.22.04-edited-768x576.jpeg 768w\" sizes=\"auto, (max-width: 1080px) 100vw, 1080px\" \/><\/figure>\n\n\n\n<p><strong>Osvrt mentora<\/strong><br>O Ivinom profesionalnom razvoju njezin mentor  Marin govori s velikim po\u0161tovanjem i uvjerenjem da se radi o mladoj osobi koja je od samog po\u010detka pokazala ozbiljnost, predanost i istinsku \u017eelju za u\u010denjem.<\/p>\n\n\n\n<blockquote class=\"wp-block-quote is-layout-flow wp-block-quote-is-layout-flow\">\n<p>\u201cZa Ivu mogu re\u0107i samo rije\u010di hvale. Od samog po\u010detka pokazala je da je spremna u\u010diti, stjecati nova znanja i vje\u0161tine te ulagati svoje vrijeme i trud kako bi \u0161to vi\u0161e napredovala. To je osobina koja se odmah prepozna.\u201d<\/p>\n<\/blockquote>\n\n\n\n<figure class=\"wp-block-image aligncenter size-full is-resized\"><img loading=\"lazy\" decoding=\"async\" width=\"627\" height=\"627\" src=\"https:\/\/yourjob.ba\/wp-content\/uploads\/2026\/04\/marin-mustapic-edited.png\" alt=\"\" class=\"wp-image-901\" style=\"width:540px;height:auto\" srcset=\"https:\/\/yourjob.ba\/wp-content\/uploads\/2026\/04\/marin-mustapic-edited.png 627w, https:\/\/yourjob.ba\/wp-content\/uploads\/2026\/04\/marin-mustapic-edited-300x300.png 300w, https:\/\/yourjob.ba\/wp-content\/uploads\/2026\/04\/marin-mustapic-edited-150x150.png 150w\" sizes=\"auto, (max-width: 627px) 100vw, 627px\" \/><figcaption class=\"wp-element-caption\">Mentor Marin (foto: RC \u017divot)<\/figcaption><\/figure>\n\n\n\n<p class=\"has-text-align-left\">Kao njezine najve\u0107e kvalitete izdvaja odgovornost u radu s ljudima, disciplinu i sposobnost brzog u\u010denja.<br>\u201cOdgovorna je, profesionalna i na nju se mo\u017ee osloniti. Uz to, brzo u\u010di i dobro se prilago\u0111ava radu s razli\u010ditim klijentima, \u0161to je u rehabilitaciji izuzetno va\u017eno jer nijedan \u010dovjek i nijedna dijagnoza nisu isti.\u201d<br>Isti\u010de da je za uspjeh mladih osoba u poslovnom svijetu, kao i fizioterapeuta klju\u010dno stalno ulaganje u znanje i razvoj.<br>\u201cOvo je human posao u kojem nam je povjereno ne\u010dije zdravlje i mogu\u0107nost da utje\u010demo na kvalitetu ne\u010dijeg \u017eivota. Zato su anga\u017eman, predanost i strpljenje neophodni. Poslovni uspjeh dolazi kao posljedica takvog rada.\u201d<br>Govore\u0107i o uklapanju u tim, nagla\u0161ava da je Iva vrlo brzo postala ravnopravan \u010dlan kolektiva.<br>\u201cIzuzetno se dobro uklopila. Va\u017eno nam je bilo da postepeno osjeti atmosferu rada, upozna zahtjeve posla i razvija se korak po korak. Krenula je uz podr\u0161ku i nadzor, od lak\u0161ih prema zahtjevnijim slu\u010dajevima, a danas je potpuno ravnopravan \u010dlan centra koji stalno te\u017ei nadogradnji svog znanja.\u201d<br>Za kraj, njegov pogled na ulaganje u mlade kadrove sa\u017eima se u sna\u017enoj poruci:<br><\/p>\n\n\n\n<blockquote class=\"wp-block-quote is-layout-flow wp-block-quote-is-layout-flow\">\n<p class=\"has-text-align-left\">\u201cMedicina napreduje iz dana u dan, a fakultet je samo temelj. Ulagati u mlade zna\u010di ulagati u budu\u0107nost struke, kvalitetu rada i bolje mogu\u0107nosti za ljude kojima poma\u017eemo.\u201d<\/p>\n<\/blockquote>\n\n\n\n<figure class=\"wp-block-image size-large\"><img loading=\"lazy\" decoding=\"async\" width=\"1200\" height=\"800\" src=\"https:\/\/yourjob.ba\/wp-content\/uploads\/2026\/04\/WhatsApp-Image-2026-03-12-at-12.20.57-edited.jpeg\" alt=\"\" class=\"wp-image-911\" srcset=\"https:\/\/yourjob.ba\/wp-content\/uploads\/2026\/04\/WhatsApp-Image-2026-03-12-at-12.20.57-edited.jpeg 1200w, https:\/\/yourjob.ba\/wp-content\/uploads\/2026\/04\/WhatsApp-Image-2026-03-12-at-12.20.57-edited-300x200.jpeg 300w, https:\/\/yourjob.ba\/wp-content\/uploads\/2026\/04\/WhatsApp-Image-2026-03-12-at-12.20.57-edited-1024x683.jpeg 1024w, https:\/\/yourjob.ba\/wp-content\/uploads\/2026\/04\/WhatsApp-Image-2026-03-12-at-12.20.57-edited-768x512.jpeg 768w\" sizes=\"auto, (max-width: 1200px) 100vw, 1200px\" \/><\/figure>\n\n\n\n<p><strong>Danijela \u010cule, YourJob savjetnica za zapo\u0161ljavanje mladih:<\/strong><br>&#8220;<em>Ivina pri\u010da je lijep primjer kako se uz <strong>motivaciju, stru\u010dnu podr\u0161ku i pravu priliku mogu ostvariti konkretni rezultati<\/strong>. Od prvog kontakta bilo je jasno da se radi o mladoj osobi koja zna \u0161to \u017eeli i koja je spremna ulagati u sebe. <strong>Kroz program YourJob<\/strong> <strong>i na\u0161e karijerno savjetovali\u0161te<\/strong> dobila je priliku dodatno razviti svoje kompetencije, a svojim radom, odgovorno\u0161\u0107u i predano\u0161\u0107u, uz potporu na\u0161ih partnera iz RC \u017divot, tu je priliku pretvorila u zaposlenje u struci. Posebno je lijepo \u010duti i osvrt <strong>mentora<\/strong>, jer upravo takva podr\u0161ka i prepoznavanje truda mladih ljudi daju <strong>dodatnu vrijednost cijelom procesu<\/strong>. Ovakve pri\u010de ne donose samo rezultate u profesionalnom smislu, nego bude i nadu, ponos i vjeru da zajedni\u010dkim radom mo\u017eemo mijenjati \u017eivote mladih nabolje. Upravo zato ovakve pri\u010de potvr\u0111uju koliko je va\u017eno mladima pru\u017eiti podr\u0161ku, usmjerenje i prostor da poka\u017eu svoj potencijal, i zbog njih smo <strong>jako ponosni na ono \u0161to svakodnevno radimo<\/strong>.<\/em>&#8220;<\/p>\n\n\n\n<div class=\"wp-block-columns is-layout-flex wp-container-core-columns-is-layout-28f84493 wp-block-columns-is-layout-flex\">\n<div class=\"wp-block-column is-layout-flow wp-block-column-is-layout-flow\" style=\"flex-basis:100%\">\n<p class=\"has-text-align-center\"><strong>Ivina pri\u010da potvr\u0111uje da motivacija mlade osobe, kvalitetno mentorstvo i otvorenost poslodavca mogu, uz podr\u0161ku programa poput YourJob-a, dovesti do vrlo konkretnih rezultata: stjecanja znanja, razvoja samopouzdanja i prvog zaposlenja u struci. <\/strong><br><strong>Zato ovakve pri\u010de nisu samo osobni uspjesi, nego i sna\u017ena potvrda koliko je va\u017eno ulagati u mlade te stvarati prilike za njihov profesionalni razvoj \u2013 \u0161to je ujedno i temeljni cilj programa YourJob i karijernih savjetovali\u0161ta.<\/strong><\/p>\n<\/div>\n<\/div>\n","protected":false},"excerpt":{"rendered":"<p>Iva iz Mostara odmalena je bila vezana uz sport, a upravo ju je ta ljubav usmjerila prema fizioterapiji. \u017delja da ostane bliska sportu, ali i da kroz svoj rad poma\u017ee ljudima, posebno djeci, dovela ju je do studija fizioterapije. Ipak, nakon zavr\u0161etka fakulteta znala je da njezin profesionalni put tu ne staje \u2013 \u017eeljela je [&hellip;]<\/p>\n","protected":false},"author":2,"featured_media":895,"comment_status":"open","ping_status":"open","sticky":false,"template":"","format":"standard","meta":{"footnotes":""},"categories":[1],"tags":[],"class_list":["post-883","post","type-post","status-publish","format-standard","has-post-thumbnail","hentry","category-price"],"yoast_head":"<!-- This site is optimized with the Yoast SEO plugin v27.4 - https:\/\/yoast.com\/product\/yoast-seo-wordpress\/ -->\n<title>Od edukacije do zaposlenja: Ivina pri\u010da o rastu, u\u010denju i prvom poslu u struci - Potpora zapo\u0161ljivosti i mogu\u0107nostima zapo\u0161ljavanja mladih<\/title>\n<meta name=\"robots\" content=\"index, follow, max-snippet:-1, max-image-preview:large, max-video-preview:-1\" \/>\n<link rel=\"canonical\" href=\"https:\/\/yourjob.ba\/index.php\/2026\/04\/07\/od-edukacije-do-zaposlenja-ivina-prica-o-rastu-ucenju-i-prvom-poslu-u-struci\/\" \/>\n<meta property=\"og:locale\" content=\"en_US\" \/>\n<meta property=\"og:type\" content=\"article\" \/>\n<meta property=\"og:title\" content=\"Od edukacije do zaposlenja: Ivina pri\u010da o rastu, u\u010denju i prvom poslu u struci - Potpora zapo\u0161ljivosti i mogu\u0107nostima zapo\u0161ljavanja mladih\" \/>\n<meta property=\"og:description\" content=\"Iva iz Mostara odmalena je bila vezana uz sport, a upravo ju je ta ljubav usmjerila prema fizioterapiji. \u017delja da ostane bliska sportu, ali i da kroz svoj rad poma\u017ee ljudima, posebno djeci, dovela ju je do studija fizioterapije. Ipak, nakon zavr\u0161etka fakulteta znala je da njezin profesionalni put tu ne staje \u2013 \u017eeljela je [&hellip;]\" \/>\n<meta property=\"og:url\" content=\"https:\/\/yourjob.ba\/index.php\/2026\/04\/07\/od-edukacije-do-zaposlenja-ivina-prica-o-rastu-ucenju-i-prvom-poslu-u-struci\/\" \/>\n<meta property=\"og:site_name\" content=\"Potpora zapo\u0161ljivosti i mogu\u0107nostima zapo\u0161ljavanja mladih\" \/>\n<meta property=\"article:published_time\" content=\"2026-04-07T12:43:00+00:00\" \/>\n<meta property=\"article:modified_time\" content=\"2026-04-07T13:20:25+00:00\" \/>\n<meta property=\"og:image\" content=\"https:\/\/yourjob.ba\/wp-content\/uploads\/2026\/04\/WhatsApp-Image-2026-03-12-at-12.21.04-1.jpeg\" \/>\n\t<meta property=\"og:image:width\" content=\"1325\" \/>\n\t<meta property=\"og:image:height\" content=\"746\" \/>\n\t<meta property=\"og:image:type\" content=\"image\/jpeg\" \/>\n<meta name=\"author\" content=\"Ivona VIda\u010dkovi\u0107\" \/>\n<meta name=\"twitter:card\" content=\"summary_large_image\" \/>\n<meta name=\"twitter:label1\" content=\"Written by\" \/>\n\t<meta name=\"twitter:data1\" content=\"Ivona VIda\u010dkovi\u0107\" \/>\n\t<meta name=\"twitter:label2\" content=\"Est. reading time\" \/>\n\t<meta name=\"twitter:data2\" content=\"7 minutes\" \/>\n<script type=\"application\/ld+json\" class=\"yoast-schema-graph\">{\"@context\":\"https:\\\/\\\/schema.org\",\"@graph\":[{\"@type\":\"WebPage\",\"@id\":\"https:\\\/\\\/yourjob.ba\\\/index.php\\\/2026\\\/04\\\/07\\\/od-edukacije-do-zaposlenja-ivina-prica-o-rastu-ucenju-i-prvom-poslu-u-struci\\\/\",\"url\":\"https:\\\/\\\/yourjob.ba\\\/index.php\\\/2026\\\/04\\\/07\\\/od-edukacije-do-zaposlenja-ivina-prica-o-rastu-ucenju-i-prvom-poslu-u-struci\\\/\",\"name\":\"Od edukacije do zaposlenja: Ivina pri\u010da o rastu, u\u010denju i prvom poslu u struci - Potpora zapo\u0161ljivosti i mogu\u0107nostima zapo\u0161ljavanja mladih\",\"isPartOf\":{\"@id\":\"https:\\\/\\\/yourjob.ba\\\/#website\"},\"primaryImageOfPage\":{\"@id\":\"https:\\\/\\\/yourjob.ba\\\/index.php\\\/2026\\\/04\\\/07\\\/od-edukacije-do-zaposlenja-ivina-prica-o-rastu-ucenju-i-prvom-poslu-u-struci\\\/#primaryimage\"},\"image\":{\"@id\":\"https:\\\/\\\/yourjob.ba\\\/index.php\\\/2026\\\/04\\\/07\\\/od-edukacije-do-zaposlenja-ivina-prica-o-rastu-ucenju-i-prvom-poslu-u-struci\\\/#primaryimage\"},\"thumbnailUrl\":\"https:\\\/\\\/yourjob.ba\\\/wp-content\\\/uploads\\\/2026\\\/04\\\/WhatsApp-Image-2026-03-12-at-12.21.04-1.jpeg\",\"datePublished\":\"2026-04-07T12:43:00+00:00\",\"dateModified\":\"2026-04-07T13:20:25+00:00\",\"breadcrumb\":{\"@id\":\"https:\\\/\\\/yourjob.ba\\\/index.php\\\/2026\\\/04\\\/07\\\/od-edukacije-do-zaposlenja-ivina-prica-o-rastu-ucenju-i-prvom-poslu-u-struci\\\/#breadcrumb\"},\"inLanguage\":\"en-US\",\"potentialAction\":[{\"@type\":\"ReadAction\",\"target\":[\"https:\\\/\\\/yourjob.ba\\\/index.php\\\/2026\\\/04\\\/07\\\/od-edukacije-do-zaposlenja-ivina-prica-o-rastu-ucenju-i-prvom-poslu-u-struci\\\/\"]}]},{\"@type\":\"ImageObject\",\"inLanguage\":\"en-US\",\"@id\":\"https:\\\/\\\/yourjob.ba\\\/index.php\\\/2026\\\/04\\\/07\\\/od-edukacije-do-zaposlenja-ivina-prica-o-rastu-ucenju-i-prvom-poslu-u-struci\\\/#primaryimage\",\"url\":\"https:\\\/\\\/yourjob.ba\\\/wp-content\\\/uploads\\\/2026\\\/04\\\/WhatsApp-Image-2026-03-12-at-12.21.04-1.jpeg\",\"contentUrl\":\"https:\\\/\\\/yourjob.ba\\\/wp-content\\\/uploads\\\/2026\\\/04\\\/WhatsApp-Image-2026-03-12-at-12.21.04-1.jpeg\",\"width\":1325,\"height\":746},{\"@type\":\"BreadcrumbList\",\"@id\":\"https:\\\/\\\/yourjob.ba\\\/index.php\\\/2026\\\/04\\\/07\\\/od-edukacije-do-zaposlenja-ivina-prica-o-rastu-ucenju-i-prvom-poslu-u-struci\\\/#breadcrumb\",\"itemListElement\":[{\"@type\":\"ListItem\",\"position\":1,\"name\":\"Home\",\"item\":\"https:\\\/\\\/yourjob.ba\\\/\"},{\"@type\":\"ListItem\",\"position\":2,\"name\":\"Od edukacije do zaposlenja: Ivina pri\u010da o rastu, u\u010denju i prvom poslu u struci\"}]},{\"@type\":\"WebSite\",\"@id\":\"https:\\\/\\\/yourjob.ba\\\/#website\",\"url\":\"https:\\\/\\\/yourjob.ba\\\/\",\"name\":\"Potpora zapo\u0161ljivosti i mogu\u0107nostima zapo\u0161ljavanja mladih\",\"description\":\"\",\"publisher\":{\"@id\":\"https:\\\/\\\/yourjob.ba\\\/#organization\"},\"alternateName\":\"YourJob\",\"potentialAction\":[{\"@type\":\"SearchAction\",\"target\":{\"@type\":\"EntryPoint\",\"urlTemplate\":\"https:\\\/\\\/yourjob.ba\\\/?s={search_term_string}\"},\"query-input\":{\"@type\":\"PropertyValueSpecification\",\"valueRequired\":true,\"valueName\":\"search_term_string\"}}],\"inLanguage\":\"en-US\"},{\"@type\":\"Organization\",\"@id\":\"https:\\\/\\\/yourjob.ba\\\/#organization\",\"name\":\"YourJob\",\"url\":\"https:\\\/\\\/yourjob.ba\\\/\",\"logo\":{\"@type\":\"ImageObject\",\"inLanguage\":\"en-US\",\"@id\":\"https:\\\/\\\/yourjob.ba\\\/#\\\/schema\\\/logo\\\/image\\\/\",\"url\":\"https:\\\/\\\/yourjob.ba\\\/wp-content\\\/uploads\\\/2024\\\/09\\\/logo-01.jpg\",\"contentUrl\":\"https:\\\/\\\/yourjob.ba\\\/wp-content\\\/uploads\\\/2024\\\/09\\\/logo-01.jpg\",\"width\":1803,\"height\":673,\"caption\":\"YourJob\"},\"image\":{\"@id\":\"https:\\\/\\\/yourjob.ba\\\/#\\\/schema\\\/logo\\\/image\\\/\"}}]}<\/script>\n<!-- \/ Yoast SEO plugin. -->","yoast_head_json":{"title":"Od edukacije do zaposlenja: Ivina pri\u010da o rastu, u\u010denju i prvom poslu u struci - Potpora zapo\u0161ljivosti i mogu\u0107nostima zapo\u0161ljavanja mladih","robots":{"index":"index","follow":"follow","max-snippet":"max-snippet:-1","max-image-preview":"max-image-preview:large","max-video-preview":"max-video-preview:-1"},"canonical":"https:\/\/yourjob.ba\/index.php\/2026\/04\/07\/od-edukacije-do-zaposlenja-ivina-prica-o-rastu-ucenju-i-prvom-poslu-u-struci\/","og_locale":"en_US","og_type":"article","og_title":"Od edukacije do zaposlenja: Ivina pri\u010da o rastu, u\u010denju i prvom poslu u struci - Potpora zapo\u0161ljivosti i mogu\u0107nostima zapo\u0161ljavanja mladih","og_description":"Iva iz Mostara odmalena je bila vezana uz sport, a upravo ju je ta ljubav usmjerila prema fizioterapiji. \u017delja da ostane bliska sportu, ali i da kroz svoj rad poma\u017ee ljudima, posebno djeci, dovela ju je do studija fizioterapije. Ipak, nakon zavr\u0161etka fakulteta znala je da njezin profesionalni put tu ne staje \u2013 \u017eeljela je [&hellip;]","og_url":"https:\/\/yourjob.ba\/index.php\/2026\/04\/07\/od-edukacije-do-zaposlenja-ivina-prica-o-rastu-ucenju-i-prvom-poslu-u-struci\/","og_site_name":"Potpora zapo\u0161ljivosti i mogu\u0107nostima zapo\u0161ljavanja mladih","article_published_time":"2026-04-07T12:43:00+00:00","article_modified_time":"2026-04-07T13:20:25+00:00","og_image":[{"width":1325,"height":746,"url":"https:\/\/yourjob.ba\/wp-content\/uploads\/2026\/04\/WhatsApp-Image-2026-03-12-at-12.21.04-1.jpeg","type":"image\/jpeg"}],"author":"Ivona VIda\u010dkovi\u0107","twitter_card":"summary_large_image","twitter_misc":{"Written by":"Ivona VIda\u010dkovi\u0107","Est. reading time":"7 minutes"},"schema":{"@context":"https:\/\/schema.org","@graph":[{"@type":"WebPage","@id":"https:\/\/yourjob.ba\/index.php\/2026\/04\/07\/od-edukacije-do-zaposlenja-ivina-prica-o-rastu-ucenju-i-prvom-poslu-u-struci\/","url":"https:\/\/yourjob.ba\/index.php\/2026\/04\/07\/od-edukacije-do-zaposlenja-ivina-prica-o-rastu-ucenju-i-prvom-poslu-u-struci\/","name":"Od edukacije do zaposlenja: Ivina pri\u010da o rastu, u\u010denju i prvom poslu u struci - Potpora zapo\u0161ljivosti i mogu\u0107nostima zapo\u0161ljavanja mladih","isPartOf":{"@id":"https:\/\/yourjob.ba\/#website"},"primaryImageOfPage":{"@id":"https:\/\/yourjob.ba\/index.php\/2026\/04\/07\/od-edukacije-do-zaposlenja-ivina-prica-o-rastu-ucenju-i-prvom-poslu-u-struci\/#primaryimage"},"image":{"@id":"https:\/\/yourjob.ba\/index.php\/2026\/04\/07\/od-edukacije-do-zaposlenja-ivina-prica-o-rastu-ucenju-i-prvom-poslu-u-struci\/#primaryimage"},"thumbnailUrl":"https:\/\/yourjob.ba\/wp-content\/uploads\/2026\/04\/WhatsApp-Image-2026-03-12-at-12.21.04-1.jpeg","datePublished":"2026-04-07T12:43:00+00:00","dateModified":"2026-04-07T13:20:25+00:00","breadcrumb":{"@id":"https:\/\/yourjob.ba\/index.php\/2026\/04\/07\/od-edukacije-do-zaposlenja-ivina-prica-o-rastu-ucenju-i-prvom-poslu-u-struci\/#breadcrumb"},"inLanguage":"en-US","potentialAction":[{"@type":"ReadAction","target":["https:\/\/yourjob.ba\/index.php\/2026\/04\/07\/od-edukacije-do-zaposlenja-ivina-prica-o-rastu-ucenju-i-prvom-poslu-u-struci\/"]}]},{"@type":"ImageObject","inLanguage":"en-US","@id":"https:\/\/yourjob.ba\/index.php\/2026\/04\/07\/od-edukacije-do-zaposlenja-ivina-prica-o-rastu-ucenju-i-prvom-poslu-u-struci\/#primaryimage","url":"https:\/\/yourjob.ba\/wp-content\/uploads\/2026\/04\/WhatsApp-Image-2026-03-12-at-12.21.04-1.jpeg","contentUrl":"https:\/\/yourjob.ba\/wp-content\/uploads\/2026\/04\/WhatsApp-Image-2026-03-12-at-12.21.04-1.jpeg","width":1325,"height":746},{"@type":"BreadcrumbList","@id":"https:\/\/yourjob.ba\/index.php\/2026\/04\/07\/od-edukacije-do-zaposlenja-ivina-prica-o-rastu-ucenju-i-prvom-poslu-u-struci\/#breadcrumb","itemListElement":[{"@type":"ListItem","position":1,"name":"Home","item":"https:\/\/yourjob.ba\/"},{"@type":"ListItem","position":2,"name":"Od edukacije do zaposlenja: Ivina pri\u010da o rastu, u\u010denju i prvom poslu u struci"}]},{"@type":"WebSite","@id":"https:\/\/yourjob.ba\/#website","url":"https:\/\/yourjob.ba\/","name":"Potpora zapo\u0161ljivosti i mogu\u0107nostima zapo\u0161ljavanja mladih","description":"","publisher":{"@id":"https:\/\/yourjob.ba\/#organization"},"alternateName":"YourJob","potentialAction":[{"@type":"SearchAction","target":{"@type":"EntryPoint","urlTemplate":"https:\/\/yourjob.ba\/?s={search_term_string}"},"query-input":{"@type":"PropertyValueSpecification","valueRequired":true,"valueName":"search_term_string"}}],"inLanguage":"en-US"},{"@type":"Organization","@id":"https:\/\/yourjob.ba\/#organization","name":"YourJob","url":"https:\/\/yourjob.ba\/","logo":{"@type":"ImageObject","inLanguage":"en-US","@id":"https:\/\/yourjob.ba\/#\/schema\/logo\/image\/","url":"https:\/\/yourjob.ba\/wp-content\/uploads\/2024\/09\/logo-01.jpg","contentUrl":"https:\/\/yourjob.ba\/wp-content\/uploads\/2024\/09\/logo-01.jpg","width":1803,"height":673,"caption":"YourJob"},"image":{"@id":"https:\/\/yourjob.ba\/#\/schema\/logo\/image\/"}}]}},"_links":{"self":[{"href":"https:\/\/yourjob.ba\/index.php\/wp-json\/wp\/v2\/posts\/883","targetHints":{"allow":["GET"]}}],"collection":[{"href":"https:\/\/yourjob.ba\/index.php\/wp-json\/wp\/v2\/posts"}],"about":[{"href":"https:\/\/yourjob.ba\/index.php\/wp-json\/wp\/v2\/types\/post"}],"author":[{"embeddable":true,"href":"https:\/\/yourjob.ba\/index.php\/wp-json\/wp\/v2\/users\/2"}],"replies":[{"embeddable":true,"href":"https:\/\/yourjob.ba\/index.php\/wp-json\/wp\/v2\/comments?post=883"}],"version-history":[{"count":10,"href":"https:\/\/yourjob.ba\/index.php\/wp-json\/wp\/v2\/posts\/883\/revisions"}],"predecessor-version":[{"id":914,"href":"https:\/\/yourjob.ba\/index.php\/wp-json\/wp\/v2\/posts\/883\/revisions\/914"}],"wp:featuredmedia":[{"embeddable":true,"href":"https:\/\/yourjob.ba\/index.php\/wp-json\/wp\/v2\/media\/895"}],"wp:attachment":[{"href":"https:\/\/yourjob.ba\/index.php\/wp-json\/wp\/v2\/media?parent=883"}],"wp:term":[{"taxonomy":"category","embeddable":true,"href":"https:\/\/yourjob.ba\/index.php\/wp-json\/wp\/v2\/categories?post=883"},{"taxonomy":"post_tag","embeddable":true,"href":"https:\/\/yourjob.ba\/index.php\/wp-json\/wp\/v2\/tags?post=883"}],"curies":[{"name":"wp","href":"https:\/\/api.w.org\/{rel}","templated":true}]}}