{"id":867,"date":"2026-03-23T22:01:18","date_gmt":"2026-03-23T22:01:18","guid":{"rendered":"https:\/\/yourjob.ba\/?p=867"},"modified":"2026-03-23T22:02:39","modified_gmt":"2026-03-23T22:02:39","slug":"od-prvih-stepova-do-vlastitih-odjevnih-komada-obuka-krojenja-i-sivanja-koja-osnazuje-mlade-zene","status":"publish","type":"post","link":"https:\/\/yourjob.ba\/index.php\/2026\/03\/23\/od-prvih-stepova-do-vlastitih-odjevnih-komada-obuka-krojenja-i-sivanja-koja-osnazuje-mlade-zene\/","title":{"rendered":"Od prvih \u0161tepova do vlastitih odjevnih komada: obuka krojenja i \u0161ivanja koja osna\u017euje mlade \u017eene"},"content":{"rendered":"\n<p><strong>Suradnja koja mladim \u017eenama otvara nove mogu\u0107nosti<\/strong><br>Suradnja <strong>Caritasa Bosne i Hercegovine i Humanitarnog udru\u017eenja \u017eena Duga<\/strong> zapo\u010dela je 2020. godine kroz organiziranje te\u010dajeva krojenja i \u0161ivanja za nezaposlene mlade od 15 do 30 godina, u okviru programa <strong>YourJob<\/strong>. Kroz ovu suradnju brojne mlade \u017eene dobile su priliku usvojiti prakti\u010dne vje\u0161tine, razvijati samopouzdanje i otkrivati vlastite potencijale.<br>U provedbi aktivnosti i uspje\u0161noj suradnji va\u017enu je ulogu imala i YourJob savjetnica za zapo\u0161ljavanje mladih <strong>Slavica Juki\u0107<\/strong>, isti\u010de <strong>Vera Stefanovi\u0107 iz Udru\u017eenja Duga<\/strong>, s kojom smo razgovarali o zna\u010daju ove suradnje. Prema njezinim rije\u010dima, posebno je vrijedno biti dio programa koji mladim \u017eenama pru\u017ea priliku da usvoje nova, korisna i svakodnevno primjenjiva znanja i vje\u0161tine.<\/p>\n\n\n\n<p>Kroz svaki ciklus obuke Udru\u017eenje \u201eDuga\u201c osiguravalo je potreban materijal i sredstva za rad, dok su polaznice uklju\u010dene kroz Caritasov projekt bile ravnopravno uklju\u010dene u raspored zajedno s ostalim polaznicama. Na taj je na\u010din stvoreno poticajno okru\u017eenje u kojem svaka polaznica mo\u017ee u\u010diti, napredovati i osje\u0107ati se podr\u017eano.<\/p>\n\n\n\n<p><strong>Korak po korak do novih znanja i vje\u0161tina<\/strong><br>Te\u010daj krojenja i \u0161ivanja osmi\u0161ljen je tako da polaznice tijekom 12 termina postupno prolaze put od osnovnih tehnika do izrade vlastitih odjevnih predmeta.<br>U prvim terminima upoznaju se sa \u0161iva\u0107im strojem i materijalima, u\u010de razli\u010dite vrste \u0161tepova, u\u0161ivanje patentnog zatvara\u010da, izradu d\u017eepova i rupica, a prvi gotov proizvod koji izra\u0111uju je neseser.<br>Srednji dio obuke usmjeren je na izradu prvog odjevnog predmeta. Polaznice u\u010de uzimati mjere, izra\u0111ivati konstrukciju suknje te samostalno krojiti i \u0161ivati.<br>Zavr\u0161ni termini rezervirani su za rad s Burdom i drugim modnim \u010dasopisima. Osim va\u0111enja kroja, polaznice u\u010de i kako kroj prilagoditi zadanim mjerama, \u010dime postupno stje\u010du sigurnost za samostalniji i kreativniji rad.<\/p>\n\n\n\n<p><strong>Podr\u0161ka koja bri\u0161e nesigurnost<\/strong><br>Udru\u017eenje \u201eDuga\u201c organizira po\u010detne i napredne te\u010dajeve, a polaznice se prema prijavi i razini znanja raspore\u0111uju u odgovaraju\u0107e skupine. Posebna vrijednost ove obuke ogleda se i u dodatnoj podr\u0161ci polaznicama koje kod ku\u0107e nemaju \u0161iva\u0107i stroj. Njima je omogu\u0107eno da sat vremena prije po\u010detka termina dodatno vje\u017ebaju prethodno obra\u0111eno gradivo.<br>Veliki broj polaznica na po\u010detku te\u010daja osje\u0107a nesigurnost i strah da ne\u0107e uspjeti savladati sve izazove. No upravo se tu pokazuje va\u017enost podr\u0161ke, strpljenja i ohrabrenja. Zahvaljuju\u0107i stru\u010dnosti i predanosti instruktorice, po\u010detni strah postupno nestaje, a na njegovo mjesto dolaze sigurnost, motivacija i ponos.<br>Svaka polaznica napreduje svojim tempom, ali svaka od njih prolazi va\u017ean osobni put, od nesigurnosti prema vjeri u vlastite sposobnosti. Upravo to ovu obuku \u010dini mnogo vi\u0161e od u\u010denja jedne prakti\u010dne vje\u0161tine.<\/p>\n\n\n\n<p><strong>Od po\u010detnog do naprednog te\u010daja<\/strong><br>Po zavr\u0161etku po\u010detnog te\u010daja polaznice su imale mogu\u0107nost prijaviti se na napredni te\u010daj u sljede\u0107em ciklusu. Napredni te\u010daj podrazumijeva primjenu znanja ste\u010denih na po\u010detnoj razini te izradu slo\u017eenijih odjevnih predmeta prema vlastitom izboru.<br>Na taj na\u010din polaznice korak po korak razvijaju vi\u0161u razinu znanja, preciznosti i samostalnosti. Obuka ne ostaje samo na osnovama, nego postaje prostor u kojem \u017eene razvijaju kreativnost, u\u010de biti ustrajne i otkrivaju koliko mogu posti\u0107i kada dobiju priliku i podr\u0161ku.<\/p>\n\n\n\n<figure class=\"wp-block-gallery has-nested-images columns-default is-cropped wp-block-gallery-1 is-layout-flex wp-block-gallery-is-layout-flex\">\n<figure class=\"wp-block-image size-large\"><img loading=\"lazy\" decoding=\"async\" width=\"1024\" height=\"576\" data-id=\"879\" src=\"https:\/\/yourjob.ba\/wp-content\/uploads\/2026\/03\/Maj-2024.-polaznice-pocetnog-kursa-1-1-edited-1024x576.jpg\" alt=\"\" class=\"wp-image-879\" srcset=\"https:\/\/yourjob.ba\/wp-content\/uploads\/2026\/03\/Maj-2024.-polaznice-pocetnog-kursa-1-1-edited-1024x576.jpg 1024w, https:\/\/yourjob.ba\/wp-content\/uploads\/2026\/03\/Maj-2024.-polaznice-pocetnog-kursa-1-1-edited-300x169.jpg 300w, https:\/\/yourjob.ba\/wp-content\/uploads\/2026\/03\/Maj-2024.-polaznice-pocetnog-kursa-1-1-edited-768x432.jpg 768w, https:\/\/yourjob.ba\/wp-content\/uploads\/2026\/03\/Maj-2024.-polaznice-pocetnog-kursa-1-1-edited-1536x864.jpg 1536w, https:\/\/yourjob.ba\/wp-content\/uploads\/2026\/03\/Maj-2024.-polaznice-pocetnog-kursa-1-1-edited.jpg 1600w\" sizes=\"auto, (max-width: 1024px) 100vw, 1024px\" \/><\/figure>\n<\/figure>\n\n\n\n<p><strong>Iskustvo polaznice: \u201eNisam ni slutila koliko \u0161ivanje mo\u017ee biti zanimljivo i kreativno\u201c<\/strong><br>Jedna od polaznica obuke, An\u0111ela Tati\u0107, prijavila se iz \u017eelje da nau\u010di ne\u0161to novo i korisno, ali i zato \u0161to ju je oduvijek zanimalo kako nastaje odje\u0107a.<\/p>\n\n\n\n<blockquote class=\"wp-block-quote is-layout-flow wp-block-quote-is-layout-flow\">\n<p>\u201eNa obuku \u0161ivanja prijavila sam se iz \u017eelje da nau\u010dim ne\u0161to novo i korisno, ali i zato \u0161to me oduvijek zanimalo kako nastaje odje\u0107a. O\u010dekivala sam da \u0107u ste\u0107i osnovna znanja o \u0161ivanju i radu na stroju, ali nisam ni slutila koliko zapravo mo\u017ee biti zanimljivo i kreativno\u201c, isti\u010de ona.<\/p>\n<\/blockquote>\n\n\n\n<p>Prije obuke imala je vrlo malo znanja o \u0161ivanju, uglavnom samo ono najosnovnije. Na po\u010detku joj je najte\u017ee bilo sna\u0107i se sa \u0161iva\u0107im strojem i precizno pratiti krojeve, no uz praksu i pomo\u0107 predava\u010da sve je s vremenom postajalo lak\u0161e.<br>Tijekom obuke nau\u010dila je pravilno koristiti \u0161iva\u0107i stroj, \u010ditati i pratiti krojeve te precizno sastavljati dijelove odje\u0107e. Osim tehni\u010dkih znanja, obuka ju je nau\u010dila i koliko su strpljenje i preciznost va\u017eni u cijelom procesu.<\/p>\n\n\n\n<figure class=\"wp-block-gallery has-nested-images columns-default is-cropped wp-block-gallery-2 is-layout-flex wp-block-gallery-is-layout-flex\">\n<figure class=\"wp-block-image size-large\"><img loading=\"lazy\" decoding=\"async\" width=\"1024\" height=\"461\" data-id=\"871\" src=\"https:\/\/yourjob.ba\/wp-content\/uploads\/2026\/03\/duga-1-1024x461.jpg\" alt=\"\" class=\"wp-image-871\" srcset=\"https:\/\/yourjob.ba\/wp-content\/uploads\/2026\/03\/duga-1-1024x461.jpg 1024w, https:\/\/yourjob.ba\/wp-content\/uploads\/2026\/03\/duga-1-300x135.jpg 300w, https:\/\/yourjob.ba\/wp-content\/uploads\/2026\/03\/duga-1-768x346.jpg 768w, https:\/\/yourjob.ba\/wp-content\/uploads\/2026\/03\/duga-1-1536x691.jpg 1536w, https:\/\/yourjob.ba\/wp-content\/uploads\/2026\/03\/duga-1.jpg 1800w\" sizes=\"auto, (max-width: 1024px) 100vw, 1024px\" \/><\/figure>\n\n\n\n<figure class=\"wp-block-image size-large\"><img loading=\"lazy\" decoding=\"async\" width=\"1024\" height=\"461\" data-id=\"870\" src=\"https:\/\/yourjob.ba\/wp-content\/uploads\/2026\/03\/duga-2-1024x461.jpg\" alt=\"\" class=\"wp-image-870\" srcset=\"https:\/\/yourjob.ba\/wp-content\/uploads\/2026\/03\/duga-2-1024x461.jpg 1024w, https:\/\/yourjob.ba\/wp-content\/uploads\/2026\/03\/duga-2-300x135.jpg 300w, https:\/\/yourjob.ba\/wp-content\/uploads\/2026\/03\/duga-2-768x346.jpg 768w, https:\/\/yourjob.ba\/wp-content\/uploads\/2026\/03\/duga-2-1536x691.jpg 1536w, https:\/\/yourjob.ba\/wp-content\/uploads\/2026\/03\/duga-2.jpg 1600w\" sizes=\"auto, (max-width: 1024px) 100vw, 1024px\" \/><\/figure>\n<\/figure>\n\n\n\n<p><strong>Ponos na vlastiti rad<\/strong><br>Tijekom obuke izradila je nekoliko odjevnih komada, me\u0111u kojima su suknja, hla\u010de, kratke hla\u010de i sako. Posebno je ponosna upravo na sako, jer je bio najzahtjevniji za izradu i tra\u017eio najvi\u0161e pa\u017enje, truda i preciznosti.<\/p>\n\n\n\n<blockquote class=\"wp-block-quote is-layout-flow wp-block-quote-is-layout-flow\">\n<p>\u201eKada vidite da mo\u017eete vlastitim rukama napraviti komad odje\u0107e, to daje poseban osje\u0107aj zadovoljstva i potvr\u0111uje da uz trud i u\u010denje mo\u017eete savladati nove vje\u0161tine\u201c, ka\u017ee polaznica.<\/p>\n<\/blockquote>\n\n\n\n<p>Takvi trenuci imaju posebnu vrijednost jer pokazuju \u017eenama koliko su sposobne stvarati, u\u010diti i napredovati. Svaki dovr\u0161eni odjevni predmet nije samo rezultat rada na stroju, nego i simbol upornosti, rasta i osobnog osna\u017eivanja.<\/p>\n\n\n\n<p><strong>Vje\u0161tina koja osna\u017euje i ostaje za cijeli \u017eivot<\/strong><br>Znanje ste\u010deno kroz obuku krojenja i \u0161ivanja korisno je i primjenjivo u svakodnevnom \u017eivotu, ali njegova vrijednost ide i mnogo dalje od same prakti\u010dne primjene. Ovakve obuke \u017eenama donose osje\u0107aj postignu\u0107a, ja\u010daju vjeru u vlastite sposobnosti i otvaraju prostor za daljnji osobni i profesionalni razvoj.<br>Kada polaznice otkriju da mogu savladatin novu vje\u0161tinu i izazove te vlastitim rukama stvoriti ne\u0161to konkretno i vrijedno, tada raste i njihovo samopouzdanje. Upravo zato obuka krojenja i \u0161ivanja nije samo edukacija, ona je i prilika za osna\u017eivanje, ohrabrivanje i stvaranje novih perspektiva.<br>Na kraju, poruka jedne od polaznica mo\u017eda najbolje sa\u017eima zna\u010daj ovakvih programa:<\/p>\n\n\n\n<blockquote class=\"wp-block-quote is-layout-flow wp-block-quote-is-layout-flow\">\n<p>\u201eSvima koji razmi\u0161ljaju o prijavi na ovakvu obuku poru\u010dila bih da se svakako odva\u017ee i poku\u0161aju. To je prilika da nau\u010dite ne\u0161to novo, razvijete kreativnost i steknete vje\u0161tinu koja mo\u017ee biti korisna tijekom cijelog \u017eivota.\u201c<\/p>\n<\/blockquote>\n\n\n\n<figure class=\"wp-block-gallery has-nested-images columns-default is-cropped wp-block-gallery-3 is-layout-flex wp-block-gallery-is-layout-flex\">\n<figure class=\"wp-block-image size-large\"><img loading=\"lazy\" decoding=\"async\" width=\"716\" height=\"1024\" data-id=\"877\" src=\"https:\/\/yourjob.ba\/wp-content\/uploads\/2026\/03\/1716545865561-716x1024.jpg\" alt=\"\" class=\"wp-image-877\" srcset=\"https:\/\/yourjob.ba\/wp-content\/uploads\/2026\/03\/1716545865561-716x1024.jpg 716w, https:\/\/yourjob.ba\/wp-content\/uploads\/2026\/03\/1716545865561-210x300.jpg 210w, https:\/\/yourjob.ba\/wp-content\/uploads\/2026\/03\/1716545865561-768x1099.jpg 768w, https:\/\/yourjob.ba\/wp-content\/uploads\/2026\/03\/1716545865561-1074x1536.jpg 1074w, https:\/\/yourjob.ba\/wp-content\/uploads\/2026\/03\/1716545865561.jpg 1119w\" sizes=\"auto, (max-width: 716px) 100vw, 716px\" \/><\/figure>\n\n\n\n<figure class=\"wp-block-image size-large\"><img loading=\"lazy\" decoding=\"async\" width=\"620\" height=\"1024\" data-id=\"876\" src=\"https:\/\/yourjob.ba\/wp-content\/uploads\/2026\/03\/1716545865557-620x1024.jpg\" alt=\"\" class=\"wp-image-876\" srcset=\"https:\/\/yourjob.ba\/wp-content\/uploads\/2026\/03\/1716545865557-620x1024.jpg 620w, https:\/\/yourjob.ba\/wp-content\/uploads\/2026\/03\/1716545865557-182x300.jpg 182w, https:\/\/yourjob.ba\/wp-content\/uploads\/2026\/03\/1716545865557-768x1268.jpg 768w, https:\/\/yourjob.ba\/wp-content\/uploads\/2026\/03\/1716545865557-931x1536.jpg 931w, https:\/\/yourjob.ba\/wp-content\/uploads\/2026\/03\/1716545865557.jpg 970w\" sizes=\"auto, (max-width: 620px) 100vw, 620px\" \/><\/figure>\n\n\n\n<figure class=\"wp-block-image size-large\"><img loading=\"lazy\" decoding=\"async\" width=\"732\" height=\"1024\" data-id=\"875\" src=\"https:\/\/yourjob.ba\/wp-content\/uploads\/2026\/03\/1716545865552-732x1024.jpg\" alt=\"\" class=\"wp-image-875\" srcset=\"https:\/\/yourjob.ba\/wp-content\/uploads\/2026\/03\/1716545865552-732x1024.jpg 732w, https:\/\/yourjob.ba\/wp-content\/uploads\/2026\/03\/1716545865552-215x300.jpg 215w, https:\/\/yourjob.ba\/wp-content\/uploads\/2026\/03\/1716545865552-768x1074.jpg 768w, https:\/\/yourjob.ba\/wp-content\/uploads\/2026\/03\/1716545865552-1098x1536.jpg 1098w, https:\/\/yourjob.ba\/wp-content\/uploads\/2026\/03\/1716545865552.jpg 1144w\" sizes=\"auto, (max-width: 732px) 100vw, 732px\" \/><\/figure>\n\n\n\n<figure class=\"wp-block-image size-large\"><img loading=\"lazy\" decoding=\"async\" width=\"660\" height=\"1024\" data-id=\"874\" src=\"https:\/\/yourjob.ba\/wp-content\/uploads\/2026\/03\/1716545865548-660x1024.jpg\" alt=\"\" class=\"wp-image-874\" srcset=\"https:\/\/yourjob.ba\/wp-content\/uploads\/2026\/03\/1716545865548-660x1024.jpg 660w, https:\/\/yourjob.ba\/wp-content\/uploads\/2026\/03\/1716545865548-193x300.jpg 193w, https:\/\/yourjob.ba\/wp-content\/uploads\/2026\/03\/1716545865548-768x1192.jpg 768w, https:\/\/yourjob.ba\/wp-content\/uploads\/2026\/03\/1716545865548-990x1536.jpg 990w, https:\/\/yourjob.ba\/wp-content\/uploads\/2026\/03\/1716545865548.jpg 1031w\" sizes=\"auto, (max-width: 660px) 100vw, 660px\" \/><\/figure>\n\n\n\n<figure class=\"wp-block-image size-large\"><img loading=\"lazy\" decoding=\"async\" width=\"683\" height=\"1024\" data-id=\"873\" src=\"https:\/\/yourjob.ba\/wp-content\/uploads\/2026\/03\/1716545865538-683x1024.jpg\" alt=\"\" class=\"wp-image-873\" srcset=\"https:\/\/yourjob.ba\/wp-content\/uploads\/2026\/03\/1716545865538-683x1024.jpg 683w, https:\/\/yourjob.ba\/wp-content\/uploads\/2026\/03\/1716545865538-200x300.jpg 200w, https:\/\/yourjob.ba\/wp-content\/uploads\/2026\/03\/1716545865538-768x1151.jpg 768w, https:\/\/yourjob.ba\/wp-content\/uploads\/2026\/03\/1716545865538-1025x1536.jpg 1025w, https:\/\/yourjob.ba\/wp-content\/uploads\/2026\/03\/1716545865538.jpg 1067w\" sizes=\"auto, (max-width: 683px) 100vw, 683px\" \/><\/figure>\n\n\n\n<figure class=\"wp-block-image size-large\"><img loading=\"lazy\" decoding=\"async\" width=\"669\" height=\"1024\" data-id=\"872\" src=\"https:\/\/yourjob.ba\/wp-content\/uploads\/2026\/03\/1716545865534-669x1024.jpg\" alt=\"\" class=\"wp-image-872\" srcset=\"https:\/\/yourjob.ba\/wp-content\/uploads\/2026\/03\/1716545865534-669x1024.jpg 669w, https:\/\/yourjob.ba\/wp-content\/uploads\/2026\/03\/1716545865534-196x300.jpg 196w, https:\/\/yourjob.ba\/wp-content\/uploads\/2026\/03\/1716545865534-768x1176.jpg 768w, https:\/\/yourjob.ba\/wp-content\/uploads\/2026\/03\/1716545865534-1003x1536.jpg 1003w, https:\/\/yourjob.ba\/wp-content\/uploads\/2026\/03\/1716545865534.jpg 1044w\" sizes=\"auto, (max-width: 669px) 100vw, 669px\" \/><\/figure>\n<\/figure>\n","protected":false},"excerpt":{"rendered":"<p>Suradnja koja mladim \u017eenama otvara nove mogu\u0107nostiSuradnja Caritasa Bosne i Hercegovine i Humanitarnog udru\u017eenja \u017eena Duga zapo\u010dela je 2020. godine kroz organiziranje te\u010dajeva krojenja i \u0161ivanja za nezaposlene mlade od 15 do 30 godina, u okviru programa YourJob. Kroz ovu suradnju brojne mlade \u017eene dobile su priliku usvojiti prakti\u010dne vje\u0161tine, razvijati samopouzdanje i otkrivati vlastite [&hellip;]<\/p>\n","protected":false},"author":2,"featured_media":869,"comment_status":"open","ping_status":"open","sticky":false,"template":"","format":"standard","meta":{"footnotes":""},"categories":[1],"tags":[],"class_list":["post-867","post","type-post","status-publish","format-standard","has-post-thumbnail","hentry","category-price"],"yoast_head":"<!-- This site is optimized with the Yoast SEO plugin v27.4 - https:\/\/yoast.com\/product\/yoast-seo-wordpress\/ -->\n<title>Od prvih \u0161tepova do vlastitih odjevnih komada: obuka krojenja i \u0161ivanja koja osna\u017euje mlade \u017eene - Potpora zapo\u0161ljivosti i mogu\u0107nostima zapo\u0161ljavanja mladih<\/title>\n<meta name=\"robots\" content=\"index, follow, max-snippet:-1, max-image-preview:large, max-video-preview:-1\" \/>\n<link rel=\"canonical\" href=\"https:\/\/yourjob.ba\/index.php\/2026\/03\/23\/od-prvih-stepova-do-vlastitih-odjevnih-komada-obuka-krojenja-i-sivanja-koja-osnazuje-mlade-zene\/\" \/>\n<meta property=\"og:locale\" content=\"en_US\" \/>\n<meta property=\"og:type\" content=\"article\" \/>\n<meta property=\"og:title\" content=\"Od prvih \u0161tepova do vlastitih odjevnih komada: obuka krojenja i \u0161ivanja koja osna\u017euje mlade \u017eene - Potpora zapo\u0161ljivosti i mogu\u0107nostima zapo\u0161ljavanja mladih\" \/>\n<meta property=\"og:description\" content=\"Suradnja koja mladim \u017eenama otvara nove mogu\u0107nostiSuradnja Caritasa Bosne i Hercegovine i Humanitarnog udru\u017eenja \u017eena Duga zapo\u010dela je 2020. godine kroz organiziranje te\u010dajeva krojenja i \u0161ivanja za nezaposlene mlade od 15 do 30 godina, u okviru programa YourJob. Kroz ovu suradnju brojne mlade \u017eene dobile su priliku usvojiti prakti\u010dne vje\u0161tine, razvijati samopouzdanje i otkrivati vlastite [&hellip;]\" \/>\n<meta property=\"og:url\" content=\"https:\/\/yourjob.ba\/index.php\/2026\/03\/23\/od-prvih-stepova-do-vlastitih-odjevnih-komada-obuka-krojenja-i-sivanja-koja-osnazuje-mlade-zene\/\" \/>\n<meta property=\"og:site_name\" content=\"Potpora zapo\u0161ljivosti i mogu\u0107nostima zapo\u0161ljavanja mladih\" \/>\n<meta property=\"article:published_time\" content=\"2026-03-23T22:01:18+00:00\" \/>\n<meta property=\"article:modified_time\" content=\"2026-03-23T22:02:39+00:00\" \/>\n<meta property=\"og:image\" content=\"https:\/\/yourjob.ba\/wp-content\/uploads\/2026\/03\/Maj-2024.polaznice-naprednog-kursa-1.jpg\" \/>\n\t<meta property=\"og:image:width\" content=\"1200\" \/>\n\t<meta property=\"og:image:height\" content=\"1600\" \/>\n\t<meta property=\"og:image:type\" content=\"image\/jpeg\" \/>\n<meta name=\"author\" content=\"Ivona VIda\u010dkovi\u0107\" \/>\n<meta name=\"twitter:card\" content=\"summary_large_image\" \/>\n<meta name=\"twitter:label1\" content=\"Written by\" \/>\n\t<meta name=\"twitter:data1\" content=\"Ivona VIda\u010dkovi\u0107\" \/>\n\t<meta name=\"twitter:label2\" content=\"Est. reading time\" \/>\n\t<meta name=\"twitter:data2\" content=\"5 minutes\" \/>\n<script type=\"application\/ld+json\" class=\"yoast-schema-graph\">{\"@context\":\"https:\\\/\\\/schema.org\",\"@graph\":[{\"@type\":\"WebPage\",\"@id\":\"https:\\\/\\\/yourjob.ba\\\/index.php\\\/2026\\\/03\\\/23\\\/od-prvih-stepova-do-vlastitih-odjevnih-komada-obuka-krojenja-i-sivanja-koja-osnazuje-mlade-zene\\\/\",\"url\":\"https:\\\/\\\/yourjob.ba\\\/index.php\\\/2026\\\/03\\\/23\\\/od-prvih-stepova-do-vlastitih-odjevnih-komada-obuka-krojenja-i-sivanja-koja-osnazuje-mlade-zene\\\/\",\"name\":\"Od prvih \u0161tepova do vlastitih odjevnih komada: obuka krojenja i \u0161ivanja koja osna\u017euje mlade \u017eene - Potpora zapo\u0161ljivosti i mogu\u0107nostima zapo\u0161ljavanja mladih\",\"isPartOf\":{\"@id\":\"https:\\\/\\\/yourjob.ba\\\/#website\"},\"primaryImageOfPage\":{\"@id\":\"https:\\\/\\\/yourjob.ba\\\/index.php\\\/2026\\\/03\\\/23\\\/od-prvih-stepova-do-vlastitih-odjevnih-komada-obuka-krojenja-i-sivanja-koja-osnazuje-mlade-zene\\\/#primaryimage\"},\"image\":{\"@id\":\"https:\\\/\\\/yourjob.ba\\\/index.php\\\/2026\\\/03\\\/23\\\/od-prvih-stepova-do-vlastitih-odjevnih-komada-obuka-krojenja-i-sivanja-koja-osnazuje-mlade-zene\\\/#primaryimage\"},\"thumbnailUrl\":\"https:\\\/\\\/yourjob.ba\\\/wp-content\\\/uploads\\\/2026\\\/03\\\/Maj-2024.polaznice-naprednog-kursa-1.jpg\",\"datePublished\":\"2026-03-23T22:01:18+00:00\",\"dateModified\":\"2026-03-23T22:02:39+00:00\",\"breadcrumb\":{\"@id\":\"https:\\\/\\\/yourjob.ba\\\/index.php\\\/2026\\\/03\\\/23\\\/od-prvih-stepova-do-vlastitih-odjevnih-komada-obuka-krojenja-i-sivanja-koja-osnazuje-mlade-zene\\\/#breadcrumb\"},\"inLanguage\":\"en-US\",\"potentialAction\":[{\"@type\":\"ReadAction\",\"target\":[\"https:\\\/\\\/yourjob.ba\\\/index.php\\\/2026\\\/03\\\/23\\\/od-prvih-stepova-do-vlastitih-odjevnih-komada-obuka-krojenja-i-sivanja-koja-osnazuje-mlade-zene\\\/\"]}]},{\"@type\":\"ImageObject\",\"inLanguage\":\"en-US\",\"@id\":\"https:\\\/\\\/yourjob.ba\\\/index.php\\\/2026\\\/03\\\/23\\\/od-prvih-stepova-do-vlastitih-odjevnih-komada-obuka-krojenja-i-sivanja-koja-osnazuje-mlade-zene\\\/#primaryimage\",\"url\":\"https:\\\/\\\/yourjob.ba\\\/wp-content\\\/uploads\\\/2026\\\/03\\\/Maj-2024.polaznice-naprednog-kursa-1.jpg\",\"contentUrl\":\"https:\\\/\\\/yourjob.ba\\\/wp-content\\\/uploads\\\/2026\\\/03\\\/Maj-2024.polaznice-naprednog-kursa-1.jpg\",\"width\":1200,\"height\":1600},{\"@type\":\"BreadcrumbList\",\"@id\":\"https:\\\/\\\/yourjob.ba\\\/index.php\\\/2026\\\/03\\\/23\\\/od-prvih-stepova-do-vlastitih-odjevnih-komada-obuka-krojenja-i-sivanja-koja-osnazuje-mlade-zene\\\/#breadcrumb\",\"itemListElement\":[{\"@type\":\"ListItem\",\"position\":1,\"name\":\"Home\",\"item\":\"https:\\\/\\\/yourjob.ba\\\/\"},{\"@type\":\"ListItem\",\"position\":2,\"name\":\"Od prvih \u0161tepova do vlastitih odjevnih komada: obuka krojenja i \u0161ivanja koja osna\u017euje mlade \u017eene\"}]},{\"@type\":\"WebSite\",\"@id\":\"https:\\\/\\\/yourjob.ba\\\/#website\",\"url\":\"https:\\\/\\\/yourjob.ba\\\/\",\"name\":\"Potpora zapo\u0161ljivosti i mogu\u0107nostima zapo\u0161ljavanja mladih\",\"description\":\"\",\"publisher\":{\"@id\":\"https:\\\/\\\/yourjob.ba\\\/#organization\"},\"alternateName\":\"YourJob\",\"potentialAction\":[{\"@type\":\"SearchAction\",\"target\":{\"@type\":\"EntryPoint\",\"urlTemplate\":\"https:\\\/\\\/yourjob.ba\\\/?s={search_term_string}\"},\"query-input\":{\"@type\":\"PropertyValueSpecification\",\"valueRequired\":true,\"valueName\":\"search_term_string\"}}],\"inLanguage\":\"en-US\"},{\"@type\":\"Organization\",\"@id\":\"https:\\\/\\\/yourjob.ba\\\/#organization\",\"name\":\"YourJob\",\"url\":\"https:\\\/\\\/yourjob.ba\\\/\",\"logo\":{\"@type\":\"ImageObject\",\"inLanguage\":\"en-US\",\"@id\":\"https:\\\/\\\/yourjob.ba\\\/#\\\/schema\\\/logo\\\/image\\\/\",\"url\":\"https:\\\/\\\/yourjob.ba\\\/wp-content\\\/uploads\\\/2024\\\/09\\\/logo-01.jpg\",\"contentUrl\":\"https:\\\/\\\/yourjob.ba\\\/wp-content\\\/uploads\\\/2024\\\/09\\\/logo-01.jpg\",\"width\":1803,\"height\":673,\"caption\":\"YourJob\"},\"image\":{\"@id\":\"https:\\\/\\\/yourjob.ba\\\/#\\\/schema\\\/logo\\\/image\\\/\"}}]}<\/script>\n<!-- \/ Yoast SEO plugin. -->","yoast_head_json":{"title":"Od prvih \u0161tepova do vlastitih odjevnih komada: obuka krojenja i \u0161ivanja koja osna\u017euje mlade \u017eene - Potpora zapo\u0161ljivosti i mogu\u0107nostima zapo\u0161ljavanja mladih","robots":{"index":"index","follow":"follow","max-snippet":"max-snippet:-1","max-image-preview":"max-image-preview:large","max-video-preview":"max-video-preview:-1"},"canonical":"https:\/\/yourjob.ba\/index.php\/2026\/03\/23\/od-prvih-stepova-do-vlastitih-odjevnih-komada-obuka-krojenja-i-sivanja-koja-osnazuje-mlade-zene\/","og_locale":"en_US","og_type":"article","og_title":"Od prvih \u0161tepova do vlastitih odjevnih komada: obuka krojenja i \u0161ivanja koja osna\u017euje mlade \u017eene - Potpora zapo\u0161ljivosti i mogu\u0107nostima zapo\u0161ljavanja mladih","og_description":"Suradnja koja mladim \u017eenama otvara nove mogu\u0107nostiSuradnja Caritasa Bosne i Hercegovine i Humanitarnog udru\u017eenja \u017eena Duga zapo\u010dela je 2020. godine kroz organiziranje te\u010dajeva krojenja i \u0161ivanja za nezaposlene mlade od 15 do 30 godina, u okviru programa YourJob. Kroz ovu suradnju brojne mlade \u017eene dobile su priliku usvojiti prakti\u010dne vje\u0161tine, razvijati samopouzdanje i otkrivati vlastite [&hellip;]","og_url":"https:\/\/yourjob.ba\/index.php\/2026\/03\/23\/od-prvih-stepova-do-vlastitih-odjevnih-komada-obuka-krojenja-i-sivanja-koja-osnazuje-mlade-zene\/","og_site_name":"Potpora zapo\u0161ljivosti i mogu\u0107nostima zapo\u0161ljavanja mladih","article_published_time":"2026-03-23T22:01:18+00:00","article_modified_time":"2026-03-23T22:02:39+00:00","og_image":[{"width":1200,"height":1600,"url":"https:\/\/yourjob.ba\/wp-content\/uploads\/2026\/03\/Maj-2024.polaznice-naprednog-kursa-1.jpg","type":"image\/jpeg"}],"author":"Ivona VIda\u010dkovi\u0107","twitter_card":"summary_large_image","twitter_misc":{"Written by":"Ivona VIda\u010dkovi\u0107","Est. reading time":"5 minutes"},"schema":{"@context":"https:\/\/schema.org","@graph":[{"@type":"WebPage","@id":"https:\/\/yourjob.ba\/index.php\/2026\/03\/23\/od-prvih-stepova-do-vlastitih-odjevnih-komada-obuka-krojenja-i-sivanja-koja-osnazuje-mlade-zene\/","url":"https:\/\/yourjob.ba\/index.php\/2026\/03\/23\/od-prvih-stepova-do-vlastitih-odjevnih-komada-obuka-krojenja-i-sivanja-koja-osnazuje-mlade-zene\/","name":"Od prvih \u0161tepova do vlastitih odjevnih komada: obuka krojenja i \u0161ivanja koja osna\u017euje mlade \u017eene - Potpora zapo\u0161ljivosti i mogu\u0107nostima zapo\u0161ljavanja mladih","isPartOf":{"@id":"https:\/\/yourjob.ba\/#website"},"primaryImageOfPage":{"@id":"https:\/\/yourjob.ba\/index.php\/2026\/03\/23\/od-prvih-stepova-do-vlastitih-odjevnih-komada-obuka-krojenja-i-sivanja-koja-osnazuje-mlade-zene\/#primaryimage"},"image":{"@id":"https:\/\/yourjob.ba\/index.php\/2026\/03\/23\/od-prvih-stepova-do-vlastitih-odjevnih-komada-obuka-krojenja-i-sivanja-koja-osnazuje-mlade-zene\/#primaryimage"},"thumbnailUrl":"https:\/\/yourjob.ba\/wp-content\/uploads\/2026\/03\/Maj-2024.polaznice-naprednog-kursa-1.jpg","datePublished":"2026-03-23T22:01:18+00:00","dateModified":"2026-03-23T22:02:39+00:00","breadcrumb":{"@id":"https:\/\/yourjob.ba\/index.php\/2026\/03\/23\/od-prvih-stepova-do-vlastitih-odjevnih-komada-obuka-krojenja-i-sivanja-koja-osnazuje-mlade-zene\/#breadcrumb"},"inLanguage":"en-US","potentialAction":[{"@type":"ReadAction","target":["https:\/\/yourjob.ba\/index.php\/2026\/03\/23\/od-prvih-stepova-do-vlastitih-odjevnih-komada-obuka-krojenja-i-sivanja-koja-osnazuje-mlade-zene\/"]}]},{"@type":"ImageObject","inLanguage":"en-US","@id":"https:\/\/yourjob.ba\/index.php\/2026\/03\/23\/od-prvih-stepova-do-vlastitih-odjevnih-komada-obuka-krojenja-i-sivanja-koja-osnazuje-mlade-zene\/#primaryimage","url":"https:\/\/yourjob.ba\/wp-content\/uploads\/2026\/03\/Maj-2024.polaznice-naprednog-kursa-1.jpg","contentUrl":"https:\/\/yourjob.ba\/wp-content\/uploads\/2026\/03\/Maj-2024.polaznice-naprednog-kursa-1.jpg","width":1200,"height":1600},{"@type":"BreadcrumbList","@id":"https:\/\/yourjob.ba\/index.php\/2026\/03\/23\/od-prvih-stepova-do-vlastitih-odjevnih-komada-obuka-krojenja-i-sivanja-koja-osnazuje-mlade-zene\/#breadcrumb","itemListElement":[{"@type":"ListItem","position":1,"name":"Home","item":"https:\/\/yourjob.ba\/"},{"@type":"ListItem","position":2,"name":"Od prvih \u0161tepova do vlastitih odjevnih komada: obuka krojenja i \u0161ivanja koja osna\u017euje mlade \u017eene"}]},{"@type":"WebSite","@id":"https:\/\/yourjob.ba\/#website","url":"https:\/\/yourjob.ba\/","name":"Potpora zapo\u0161ljivosti i mogu\u0107nostima zapo\u0161ljavanja mladih","description":"","publisher":{"@id":"https:\/\/yourjob.ba\/#organization"},"alternateName":"YourJob","potentialAction":[{"@type":"SearchAction","target":{"@type":"EntryPoint","urlTemplate":"https:\/\/yourjob.ba\/?s={search_term_string}"},"query-input":{"@type":"PropertyValueSpecification","valueRequired":true,"valueName":"search_term_string"}}],"inLanguage":"en-US"},{"@type":"Organization","@id":"https:\/\/yourjob.ba\/#organization","name":"YourJob","url":"https:\/\/yourjob.ba\/","logo":{"@type":"ImageObject","inLanguage":"en-US","@id":"https:\/\/yourjob.ba\/#\/schema\/logo\/image\/","url":"https:\/\/yourjob.ba\/wp-content\/uploads\/2024\/09\/logo-01.jpg","contentUrl":"https:\/\/yourjob.ba\/wp-content\/uploads\/2024\/09\/logo-01.jpg","width":1803,"height":673,"caption":"YourJob"},"image":{"@id":"https:\/\/yourjob.ba\/#\/schema\/logo\/image\/"}}]}},"_links":{"self":[{"href":"https:\/\/yourjob.ba\/index.php\/wp-json\/wp\/v2\/posts\/867","targetHints":{"allow":["GET"]}}],"collection":[{"href":"https:\/\/yourjob.ba\/index.php\/wp-json\/wp\/v2\/posts"}],"about":[{"href":"https:\/\/yourjob.ba\/index.php\/wp-json\/wp\/v2\/types\/post"}],"author":[{"embeddable":true,"href":"https:\/\/yourjob.ba\/index.php\/wp-json\/wp\/v2\/users\/2"}],"replies":[{"embeddable":true,"href":"https:\/\/yourjob.ba\/index.php\/wp-json\/wp\/v2\/comments?post=867"}],"version-history":[{"count":2,"href":"https:\/\/yourjob.ba\/index.php\/wp-json\/wp\/v2\/posts\/867\/revisions"}],"predecessor-version":[{"id":881,"href":"https:\/\/yourjob.ba\/index.php\/wp-json\/wp\/v2\/posts\/867\/revisions\/881"}],"wp:featuredmedia":[{"embeddable":true,"href":"https:\/\/yourjob.ba\/index.php\/wp-json\/wp\/v2\/media\/869"}],"wp:attachment":[{"href":"https:\/\/yourjob.ba\/index.php\/wp-json\/wp\/v2\/media?parent=867"}],"wp:term":[{"taxonomy":"category","embeddable":true,"href":"https:\/\/yourjob.ba\/index.php\/wp-json\/wp\/v2\/categories?post=867"},{"taxonomy":"post_tag","embeddable":true,"href":"https:\/\/yourjob.ba\/index.php\/wp-json\/wp\/v2\/tags?post=867"}],"curies":[{"name":"wp","href":"https:\/\/api.w.org\/{rel}","templated":true}]}}