{"id":848,"date":"2026-03-11T08:11:53","date_gmt":"2026-03-11T08:11:53","guid":{"rendered":"https:\/\/yourjob.ba\/?p=848"},"modified":"2026-03-11T08:12:49","modified_gmt":"2026-03-11T08:12:49","slug":"andela-spasojevic-od-interesa-za-tehnologiju-do-prvih-koraka-u-qa-svijetu","status":"publish","type":"post","link":"https:\/\/yourjob.ba\/index.php\/2026\/03\/11\/andela-spasojevic-od-interesa-za-tehnologiju-do-prvih-koraka-u-qa-svijetu\/","title":{"rendered":"An\u0111ela Spasojevi\u0107: Od interesa za tehnologiju do prvih koraka u QA svijetu"},"content":{"rendered":"\n<p>An\u0111ela Spasojevi\u0107 iz Banje Luke oduvijek je voljela red, logiku i osje\u0107aj da iza svakog ulo\u017eenog truda postoji jasan rezultat. Istovremeno, privla\u010dile su je promjene, u\u010denje i izazovi, zbog \u010dega je svijet tehnologije za nju predstavljao prirodan prostor za razvoj. Upravo ju je ta kombinacija osobnih interesa i \u017eelje za novim po\u010detkom dovela do projekta <strong>Osna\u017dENE\/EmpowerHER<\/strong>, koji je prepoznala kao priliku za konkretan ulazak u IT sektor.<\/p>\n\n\n\n<p>Za program je saznala putem dru\u0161tvenih mre\u017ea, u trenutku kada je aktivno tra\u017eila mogu\u0107nost da napravi va\u017ean iskorak u svojoj karijeri. Nije tra\u017eila samo edukaciju, nego okru\u017eenje u kojem \u0107e mo\u0107i u\u010diti, razvijati se i dobiti podr\u0161ku na po\u010detku profesionalnog puta. Osna\u017dENE\/EmpowerHER joj je upravo to i ponudio \u2013 spoj znanja, mentorstva i dodatnog osna\u017eivanja, \u0161to je za nekoga tko ulazi u novo podru\u010dje \u010desto jednako va\u017eno kao i sama tehni\u010dka obuka.<\/p>\n\n\n\n<h3 class=\"wp-block-heading\">Iskorak u novo podru\u010dje<\/h3>\n\n\n\n<p>Iako je prema IT svijetu osje\u0107ala veliku znati\u017eelju, po\u010detak nije bio bez straha. Kao i mnogima koji prvi put ulaze u podru\u010dje programiranja, i An\u0111eli je nepoznato djelovalo zahtjevno i pomalo nesigurno. Ipak, \u017eelja da doka\u017ee sebi kako mo\u017ee savladati i ono \u0161to se na prvi pogled \u010dini slo\u017eenim bila je ja\u010da od po\u010detne nelagode.<\/p>\n\n\n\n<p>Tijekom obuke otkrila je da QA testiranje u sebi spaja upravo ono \u0161to joj najvi\u0161e odgovara \u2013 preciznost, analiti\u010dnost i tra\u017eenje rje\u0161enja. Posebno ju je privukao osje\u0107aj odgovornosti koji dolazi s provjerom kvalitete proizvoda, kao i zadovoljstvo koje dolazi kada zna da je ne\u0161to spremno za krajnjeg korisnika bez pogre\u0161aka.<\/p>\n\n\n\n<p>Uz rad u <strong>JavaScriptu<\/strong> i <strong>Playwrightu<\/strong>, obuka joj je donijela i \u0161iru sliku o tome kako funkcionira IT sektor. Kroz upoznavanje sa <strong>Scrum metodologijom<\/strong> postalo joj je jasnije da testiranje nije samo pronala\u017eenje gre\u0161aka, nego razumijevanje cijelog procesa razvoja proizvoda i suradnje unutar tima. Osim tehni\u010dkih znanja, posebno va\u017enim pokazao se i dio programa posve\u0107en komunikaciji i soft vje\u0161tinama. Upravo joj je taj segment pomogao da sigurnije izra\u017eava svoje mi\u0161ljenje, bolje razumije vlastitu ulogu u timu i dodatno oja\u010da samopouzdanje.<\/p>\n\n\n\n<figure class=\"wp-block-image size-large\"><img loading=\"lazy\" decoding=\"async\" width=\"1205\" height=\"904\" src=\"https:\/\/yourjob.ba\/wp-content\/uploads\/2026\/03\/20260310_212827-edited.jpg\" alt=\"\" class=\"wp-image-858\" srcset=\"https:\/\/yourjob.ba\/wp-content\/uploads\/2026\/03\/20260310_212827-edited.jpg 1205w, https:\/\/yourjob.ba\/wp-content\/uploads\/2026\/03\/20260310_212827-edited-300x225.jpg 300w, https:\/\/yourjob.ba\/wp-content\/uploads\/2026\/03\/20260310_212827-edited-1024x768.jpg 1024w, https:\/\/yourjob.ba\/wp-content\/uploads\/2026\/03\/20260310_212827-edited-768x576.jpg 768w\" sizes=\"auto, (max-width: 1205px) 100vw, 1205px\" \/><\/figure>\n\n\n\n<h3 class=\"wp-block-heading\">Podr\u0161ka, izazovi i rast<\/h3>\n\n\n\n<p>Jedan od najvrjednijih dijelova cijelog iskustva za An\u0111elu bila je atmosfera tijekom programa. Podr\u0161ka unutar grupe, otvorenost za pitanja i odnos predava\u010da koji su bili vi\u0161e od klasi\u010dnih edukatora ostavili su sna\u017ean dojam. Umjesto strogo formalnog pristupa, program joj je pru\u017eio osje\u0107aj zajedni\u0161tva i sigurnosti, \u0161to je posebno va\u017eno kada se ulazi u novo i zahtjevno podru\u010dje.<\/p>\n\n\n\n<p>Naravno, bilo je i izazova. Najve\u0107i me\u0111u njima bio je prelazak s manuelnog na\u010dina razmi\u0161ljanja na logiku automatizacije i pisanje skripti. Taj proces nije do\u0161ao preko no\u0107i, ali ga je uspjela savladati uporno\u0161\u0107u, stalnim vje\u017ebanjem i spremno\u0161\u0107u da ne odustane nakon prvih pogre\u0161aka. Upravo su ti trenuci, kada nakon vi\u0161e poku\u0161aja test napokon pro\u0111e bez gre\u0161ke, postali dodatni izvor motivacije i potvrda da napredak dolazi korak po korak.<\/p>\n\n\n\n<figure class=\"wp-block-image size-large\"><img loading=\"lazy\" decoding=\"async\" width=\"1067\" height=\"800\" src=\"https:\/\/yourjob.ba\/wp-content\/uploads\/2026\/03\/IMG-ANDELA-SPASOJEVIC-edited.jpg\" alt=\"\" class=\"wp-image-862\" srcset=\"https:\/\/yourjob.ba\/wp-content\/uploads\/2026\/03\/IMG-ANDELA-SPASOJEVIC-edited.jpg 1067w, https:\/\/yourjob.ba\/wp-content\/uploads\/2026\/03\/IMG-ANDELA-SPASOJEVIC-edited-300x225.jpg 300w, https:\/\/yourjob.ba\/wp-content\/uploads\/2026\/03\/IMG-ANDELA-SPASOJEVIC-edited-1024x768.jpg 1024w, https:\/\/yourjob.ba\/wp-content\/uploads\/2026\/03\/IMG-ANDELA-SPASOJEVIC-edited-768x576.jpg 768w\" sizes=\"auto, (max-width: 1067px) 100vw, 1067px\" \/><\/figure>\n\n\n\n<h3 class=\"wp-block-heading\">Pogled prema budu\u0107nosti<\/h3>\n\n\n\n<p>Danas An\u0111ela na svoju budu\u0107nost gleda s mnogo vi\u0161e sigurnosti i optimizma. Obuka joj je pokazala da IT nije rezerviran samo za one koji ve\u0107 imaju predznanje ili tipi\u010dan tehni\u010dki profil, nego i za one koji su spremni u\u010diti, raditi i razvijati se. Osje\u0107a se spremnijom za tr\u017ei\u0161te rada, svjesnija svojih jakih strana i jasnije usmjerena prema onome \u0161to \u017eeli graditi u profesionalnom smislu.<\/p>\n\n\n\n<p>Njezin sljede\u0107i cilj je prona\u0107i priliku na <strong>juniorskoj QA poziciji<\/strong>, gdje \u0107e mo\u0107i dodatno razvijati znanje i stjecati iskustvo u stvarnim radnim uvjetima. Dugoro\u010dno se \u017eeli usmjeravati prema podru\u010dju automatizacije i graditi karijeru koja spaja tehni\u010dku preciznost i kvalitetne komunikacijske vje\u0161tine. Uz zapo\u0161ljavanje, \u017eeli nastaviti u\u010diti i pratiti razvoj novih alata, svjesna da je upravo kontinuirano usavr\u0161avanje jedan od temelja uspjeha u IT svijetu.<\/p>\n\n\n\n<p>An\u0111elina pri\u010da pokazuje koliko jedna prilika, uz pravu podr\u0161ku i osobnu motivaciju, mo\u017ee otvoriti novi profesionalni smjer. Djevojkama koje se jo\u0161 dvoume poru\u010dila bi da ne dopuste da ih zaustave strah, nesigurnost ili osje\u0107aj da nisu dovoljno tehni\u010dki potkovane. Uz trud, organizaciju i podr\u0161ku, mnogo je vi\u0161e mogu\u0107e nego \u0161to se na po\u010detku \u010dini.<\/p>\n\n\n\n<p><em>Projekt Osna\u017dENE\/EmpowerHER \u2013 Ekonomska inkluzija i razvoj vje\u0161tina za \u017eene u Bosni i Hercegovini Projekt provodi Caritas Bosne i Hercegovine i financijski je podr\u017ean od Vlade&nbsp;Republike Slovenije putem Veleposlanstva Republike Slovenije u BiH i Caritasa Slovenije.<\/em><\/p>\n","protected":false},"excerpt":{"rendered":"<p>An\u0111ela Spasojevi\u0107 iz Banje Luke oduvijek je voljela red, logiku i osje\u0107aj da iza svakog ulo\u017eenog truda postoji jasan rezultat. Istovremeno, privla\u010dile su je promjene, u\u010denje i izazovi, zbog \u010dega je svijet tehnologije za nju predstavljao prirodan prostor za razvoj. Upravo ju je ta kombinacija osobnih interesa i \u017eelje za novim po\u010detkom dovela do projekta [&hellip;]<\/p>\n","protected":false},"author":2,"featured_media":856,"comment_status":"open","ping_status":"open","sticky":false,"template":"","format":"standard","meta":{"footnotes":""},"categories":[1],"tags":[],"class_list":["post-848","post","type-post","status-publish","format-standard","has-post-thumbnail","hentry","category-price"],"yoast_head":"<!-- This site is optimized with the Yoast SEO plugin v27.4 - https:\/\/yoast.com\/product\/yoast-seo-wordpress\/ -->\n<title>An\u0111ela Spasojevi\u0107: Od interesa za tehnologiju do prvih koraka u QA svijetu - Potpora zapo\u0161ljivosti i mogu\u0107nostima zapo\u0161ljavanja mladih<\/title>\n<meta name=\"robots\" content=\"index, follow, max-snippet:-1, max-image-preview:large, max-video-preview:-1\" \/>\n<link rel=\"canonical\" href=\"https:\/\/yourjob.ba\/index.php\/2026\/03\/11\/andela-spasojevic-od-interesa-za-tehnologiju-do-prvih-koraka-u-qa-svijetu\/\" \/>\n<meta property=\"og:locale\" content=\"en_US\" \/>\n<meta property=\"og:type\" content=\"article\" \/>\n<meta property=\"og:title\" content=\"An\u0111ela Spasojevi\u0107: Od interesa za tehnologiju do prvih koraka u QA svijetu - Potpora zapo\u0161ljivosti i mogu\u0107nostima zapo\u0161ljavanja mladih\" \/>\n<meta property=\"og:description\" content=\"An\u0111ela Spasojevi\u0107 iz Banje Luke oduvijek je voljela red, logiku i osje\u0107aj da iza svakog ulo\u017eenog truda postoji jasan rezultat. Istovremeno, privla\u010dile su je promjene, u\u010denje i izazovi, zbog \u010dega je svijet tehnologije za nju predstavljao prirodan prostor za razvoj. Upravo ju je ta kombinacija osobnih interesa i \u017eelje za novim po\u010detkom dovela do projekta [&hellip;]\" \/>\n<meta property=\"og:url\" content=\"https:\/\/yourjob.ba\/index.php\/2026\/03\/11\/andela-spasojevic-od-interesa-za-tehnologiju-do-prvih-koraka-u-qa-svijetu\/\" \/>\n<meta property=\"og:site_name\" content=\"Potpora zapo\u0161ljivosti i mogu\u0107nostima zapo\u0161ljavanja mladih\" \/>\n<meta property=\"article:published_time\" content=\"2026-03-11T08:11:53+00:00\" \/>\n<meta property=\"article:modified_time\" content=\"2026-03-11T08:12:49+00:00\" \/>\n<meta property=\"og:image\" content=\"https:\/\/yourjob.ba\/wp-content\/uploads\/2026\/03\/IMG_20250919_111853-1.jpga_-scaled.jpg\" \/>\n\t<meta property=\"og:image:width\" content=\"2560\" \/>\n\t<meta property=\"og:image:height\" content=\"2048\" \/>\n\t<meta property=\"og:image:type\" content=\"image\/jpeg\" \/>\n<meta name=\"author\" content=\"Ivona VIda\u010dkovi\u0107\" \/>\n<meta name=\"twitter:card\" content=\"summary_large_image\" \/>\n<meta name=\"twitter:label1\" content=\"Written by\" \/>\n\t<meta name=\"twitter:data1\" content=\"Ivona VIda\u010dkovi\u0107\" \/>\n\t<meta name=\"twitter:label2\" content=\"Est. reading time\" \/>\n\t<meta name=\"twitter:data2\" content=\"4 minutes\" \/>\n<script type=\"application\/ld+json\" class=\"yoast-schema-graph\">{\"@context\":\"https:\\\/\\\/schema.org\",\"@graph\":[{\"@type\":\"WebPage\",\"@id\":\"https:\\\/\\\/yourjob.ba\\\/index.php\\\/2026\\\/03\\\/11\\\/andela-spasojevic-od-interesa-za-tehnologiju-do-prvih-koraka-u-qa-svijetu\\\/\",\"url\":\"https:\\\/\\\/yourjob.ba\\\/index.php\\\/2026\\\/03\\\/11\\\/andela-spasojevic-od-interesa-za-tehnologiju-do-prvih-koraka-u-qa-svijetu\\\/\",\"name\":\"An\u0111ela Spasojevi\u0107: Od interesa za tehnologiju do prvih koraka u QA svijetu - Potpora zapo\u0161ljivosti i mogu\u0107nostima zapo\u0161ljavanja mladih\",\"isPartOf\":{\"@id\":\"https:\\\/\\\/yourjob.ba\\\/#website\"},\"primaryImageOfPage\":{\"@id\":\"https:\\\/\\\/yourjob.ba\\\/index.php\\\/2026\\\/03\\\/11\\\/andela-spasojevic-od-interesa-za-tehnologiju-do-prvih-koraka-u-qa-svijetu\\\/#primaryimage\"},\"image\":{\"@id\":\"https:\\\/\\\/yourjob.ba\\\/index.php\\\/2026\\\/03\\\/11\\\/andela-spasojevic-od-interesa-za-tehnologiju-do-prvih-koraka-u-qa-svijetu\\\/#primaryimage\"},\"thumbnailUrl\":\"https:\\\/\\\/yourjob.ba\\\/wp-content\\\/uploads\\\/2026\\\/03\\\/IMG_20250919_111853-1.jpga_-scaled.jpg\",\"datePublished\":\"2026-03-11T08:11:53+00:00\",\"dateModified\":\"2026-03-11T08:12:49+00:00\",\"breadcrumb\":{\"@id\":\"https:\\\/\\\/yourjob.ba\\\/index.php\\\/2026\\\/03\\\/11\\\/andela-spasojevic-od-interesa-za-tehnologiju-do-prvih-koraka-u-qa-svijetu\\\/#breadcrumb\"},\"inLanguage\":\"en-US\",\"potentialAction\":[{\"@type\":\"ReadAction\",\"target\":[\"https:\\\/\\\/yourjob.ba\\\/index.php\\\/2026\\\/03\\\/11\\\/andela-spasojevic-od-interesa-za-tehnologiju-do-prvih-koraka-u-qa-svijetu\\\/\"]}]},{\"@type\":\"ImageObject\",\"inLanguage\":\"en-US\",\"@id\":\"https:\\\/\\\/yourjob.ba\\\/index.php\\\/2026\\\/03\\\/11\\\/andela-spasojevic-od-interesa-za-tehnologiju-do-prvih-koraka-u-qa-svijetu\\\/#primaryimage\",\"url\":\"https:\\\/\\\/yourjob.ba\\\/wp-content\\\/uploads\\\/2026\\\/03\\\/IMG_20250919_111853-1.jpga_-scaled.jpg\",\"contentUrl\":\"https:\\\/\\\/yourjob.ba\\\/wp-content\\\/uploads\\\/2026\\\/03\\\/IMG_20250919_111853-1.jpga_-scaled.jpg\",\"width\":2560,\"height\":2048},{\"@type\":\"BreadcrumbList\",\"@id\":\"https:\\\/\\\/yourjob.ba\\\/index.php\\\/2026\\\/03\\\/11\\\/andela-spasojevic-od-interesa-za-tehnologiju-do-prvih-koraka-u-qa-svijetu\\\/#breadcrumb\",\"itemListElement\":[{\"@type\":\"ListItem\",\"position\":1,\"name\":\"Home\",\"item\":\"https:\\\/\\\/yourjob.ba\\\/\"},{\"@type\":\"ListItem\",\"position\":2,\"name\":\"An\u0111ela Spasojevi\u0107: Od interesa za tehnologiju do prvih koraka u QA svijetu\"}]},{\"@type\":\"WebSite\",\"@id\":\"https:\\\/\\\/yourjob.ba\\\/#website\",\"url\":\"https:\\\/\\\/yourjob.ba\\\/\",\"name\":\"Potpora zapo\u0161ljivosti i mogu\u0107nostima zapo\u0161ljavanja mladih\",\"description\":\"\",\"publisher\":{\"@id\":\"https:\\\/\\\/yourjob.ba\\\/#organization\"},\"alternateName\":\"YourJob\",\"potentialAction\":[{\"@type\":\"SearchAction\",\"target\":{\"@type\":\"EntryPoint\",\"urlTemplate\":\"https:\\\/\\\/yourjob.ba\\\/?s={search_term_string}\"},\"query-input\":{\"@type\":\"PropertyValueSpecification\",\"valueRequired\":true,\"valueName\":\"search_term_string\"}}],\"inLanguage\":\"en-US\"},{\"@type\":\"Organization\",\"@id\":\"https:\\\/\\\/yourjob.ba\\\/#organization\",\"name\":\"YourJob\",\"url\":\"https:\\\/\\\/yourjob.ba\\\/\",\"logo\":{\"@type\":\"ImageObject\",\"inLanguage\":\"en-US\",\"@id\":\"https:\\\/\\\/yourjob.ba\\\/#\\\/schema\\\/logo\\\/image\\\/\",\"url\":\"https:\\\/\\\/yourjob.ba\\\/wp-content\\\/uploads\\\/2024\\\/09\\\/logo-01.jpg\",\"contentUrl\":\"https:\\\/\\\/yourjob.ba\\\/wp-content\\\/uploads\\\/2024\\\/09\\\/logo-01.jpg\",\"width\":1803,\"height\":673,\"caption\":\"YourJob\"},\"image\":{\"@id\":\"https:\\\/\\\/yourjob.ba\\\/#\\\/schema\\\/logo\\\/image\\\/\"}}]}<\/script>\n<!-- \/ Yoast SEO plugin. -->","yoast_head_json":{"title":"An\u0111ela Spasojevi\u0107: Od interesa za tehnologiju do prvih koraka u QA svijetu - Potpora zapo\u0161ljivosti i mogu\u0107nostima zapo\u0161ljavanja mladih","robots":{"index":"index","follow":"follow","max-snippet":"max-snippet:-1","max-image-preview":"max-image-preview:large","max-video-preview":"max-video-preview:-1"},"canonical":"https:\/\/yourjob.ba\/index.php\/2026\/03\/11\/andela-spasojevic-od-interesa-za-tehnologiju-do-prvih-koraka-u-qa-svijetu\/","og_locale":"en_US","og_type":"article","og_title":"An\u0111ela Spasojevi\u0107: Od interesa za tehnologiju do prvih koraka u QA svijetu - Potpora zapo\u0161ljivosti i mogu\u0107nostima zapo\u0161ljavanja mladih","og_description":"An\u0111ela Spasojevi\u0107 iz Banje Luke oduvijek je voljela red, logiku i osje\u0107aj da iza svakog ulo\u017eenog truda postoji jasan rezultat. Istovremeno, privla\u010dile su je promjene, u\u010denje i izazovi, zbog \u010dega je svijet tehnologije za nju predstavljao prirodan prostor za razvoj. Upravo ju je ta kombinacija osobnih interesa i \u017eelje za novim po\u010detkom dovela do projekta [&hellip;]","og_url":"https:\/\/yourjob.ba\/index.php\/2026\/03\/11\/andela-spasojevic-od-interesa-za-tehnologiju-do-prvih-koraka-u-qa-svijetu\/","og_site_name":"Potpora zapo\u0161ljivosti i mogu\u0107nostima zapo\u0161ljavanja mladih","article_published_time":"2026-03-11T08:11:53+00:00","article_modified_time":"2026-03-11T08:12:49+00:00","og_image":[{"width":2560,"height":2048,"url":"https:\/\/yourjob.ba\/wp-content\/uploads\/2026\/03\/IMG_20250919_111853-1.jpga_-scaled.jpg","type":"image\/jpeg"}],"author":"Ivona VIda\u010dkovi\u0107","twitter_card":"summary_large_image","twitter_misc":{"Written by":"Ivona VIda\u010dkovi\u0107","Est. reading time":"4 minutes"},"schema":{"@context":"https:\/\/schema.org","@graph":[{"@type":"WebPage","@id":"https:\/\/yourjob.ba\/index.php\/2026\/03\/11\/andela-spasojevic-od-interesa-za-tehnologiju-do-prvih-koraka-u-qa-svijetu\/","url":"https:\/\/yourjob.ba\/index.php\/2026\/03\/11\/andela-spasojevic-od-interesa-za-tehnologiju-do-prvih-koraka-u-qa-svijetu\/","name":"An\u0111ela Spasojevi\u0107: Od interesa za tehnologiju do prvih koraka u QA svijetu - Potpora zapo\u0161ljivosti i mogu\u0107nostima zapo\u0161ljavanja mladih","isPartOf":{"@id":"https:\/\/yourjob.ba\/#website"},"primaryImageOfPage":{"@id":"https:\/\/yourjob.ba\/index.php\/2026\/03\/11\/andela-spasojevic-od-interesa-za-tehnologiju-do-prvih-koraka-u-qa-svijetu\/#primaryimage"},"image":{"@id":"https:\/\/yourjob.ba\/index.php\/2026\/03\/11\/andela-spasojevic-od-interesa-za-tehnologiju-do-prvih-koraka-u-qa-svijetu\/#primaryimage"},"thumbnailUrl":"https:\/\/yourjob.ba\/wp-content\/uploads\/2026\/03\/IMG_20250919_111853-1.jpga_-scaled.jpg","datePublished":"2026-03-11T08:11:53+00:00","dateModified":"2026-03-11T08:12:49+00:00","breadcrumb":{"@id":"https:\/\/yourjob.ba\/index.php\/2026\/03\/11\/andela-spasojevic-od-interesa-za-tehnologiju-do-prvih-koraka-u-qa-svijetu\/#breadcrumb"},"inLanguage":"en-US","potentialAction":[{"@type":"ReadAction","target":["https:\/\/yourjob.ba\/index.php\/2026\/03\/11\/andela-spasojevic-od-interesa-za-tehnologiju-do-prvih-koraka-u-qa-svijetu\/"]}]},{"@type":"ImageObject","inLanguage":"en-US","@id":"https:\/\/yourjob.ba\/index.php\/2026\/03\/11\/andela-spasojevic-od-interesa-za-tehnologiju-do-prvih-koraka-u-qa-svijetu\/#primaryimage","url":"https:\/\/yourjob.ba\/wp-content\/uploads\/2026\/03\/IMG_20250919_111853-1.jpga_-scaled.jpg","contentUrl":"https:\/\/yourjob.ba\/wp-content\/uploads\/2026\/03\/IMG_20250919_111853-1.jpga_-scaled.jpg","width":2560,"height":2048},{"@type":"BreadcrumbList","@id":"https:\/\/yourjob.ba\/index.php\/2026\/03\/11\/andela-spasojevic-od-interesa-za-tehnologiju-do-prvih-koraka-u-qa-svijetu\/#breadcrumb","itemListElement":[{"@type":"ListItem","position":1,"name":"Home","item":"https:\/\/yourjob.ba\/"},{"@type":"ListItem","position":2,"name":"An\u0111ela Spasojevi\u0107: Od interesa za tehnologiju do prvih koraka u QA svijetu"}]},{"@type":"WebSite","@id":"https:\/\/yourjob.ba\/#website","url":"https:\/\/yourjob.ba\/","name":"Potpora zapo\u0161ljivosti i mogu\u0107nostima zapo\u0161ljavanja mladih","description":"","publisher":{"@id":"https:\/\/yourjob.ba\/#organization"},"alternateName":"YourJob","potentialAction":[{"@type":"SearchAction","target":{"@type":"EntryPoint","urlTemplate":"https:\/\/yourjob.ba\/?s={search_term_string}"},"query-input":{"@type":"PropertyValueSpecification","valueRequired":true,"valueName":"search_term_string"}}],"inLanguage":"en-US"},{"@type":"Organization","@id":"https:\/\/yourjob.ba\/#organization","name":"YourJob","url":"https:\/\/yourjob.ba\/","logo":{"@type":"ImageObject","inLanguage":"en-US","@id":"https:\/\/yourjob.ba\/#\/schema\/logo\/image\/","url":"https:\/\/yourjob.ba\/wp-content\/uploads\/2024\/09\/logo-01.jpg","contentUrl":"https:\/\/yourjob.ba\/wp-content\/uploads\/2024\/09\/logo-01.jpg","width":1803,"height":673,"caption":"YourJob"},"image":{"@id":"https:\/\/yourjob.ba\/#\/schema\/logo\/image\/"}}]}},"_links":{"self":[{"href":"https:\/\/yourjob.ba\/index.php\/wp-json\/wp\/v2\/posts\/848","targetHints":{"allow":["GET"]}}],"collection":[{"href":"https:\/\/yourjob.ba\/index.php\/wp-json\/wp\/v2\/posts"}],"about":[{"href":"https:\/\/yourjob.ba\/index.php\/wp-json\/wp\/v2\/types\/post"}],"author":[{"embeddable":true,"href":"https:\/\/yourjob.ba\/index.php\/wp-json\/wp\/v2\/users\/2"}],"replies":[{"embeddable":true,"href":"https:\/\/yourjob.ba\/index.php\/wp-json\/wp\/v2\/comments?post=848"}],"version-history":[{"count":7,"href":"https:\/\/yourjob.ba\/index.php\/wp-json\/wp\/v2\/posts\/848\/revisions"}],"predecessor-version":[{"id":865,"href":"https:\/\/yourjob.ba\/index.php\/wp-json\/wp\/v2\/posts\/848\/revisions\/865"}],"wp:featuredmedia":[{"embeddable":true,"href":"https:\/\/yourjob.ba\/index.php\/wp-json\/wp\/v2\/media\/856"}],"wp:attachment":[{"href":"https:\/\/yourjob.ba\/index.php\/wp-json\/wp\/v2\/media?parent=848"}],"wp:term":[{"taxonomy":"category","embeddable":true,"href":"https:\/\/yourjob.ba\/index.php\/wp-json\/wp\/v2\/categories?post=848"},{"taxonomy":"post_tag","embeddable":true,"href":"https:\/\/yourjob.ba\/index.php\/wp-json\/wp\/v2\/tags?post=848"}],"curies":[{"name":"wp","href":"https:\/\/api.w.org\/{rel}","templated":true}]}}