{"id":753,"date":"2021-05-27T13:30:00","date_gmt":"2021-05-27T13:30:00","guid":{"rendered":"https:\/\/yourjob.ba\/?p=753"},"modified":"2025-10-17T13:50:36","modified_gmt":"2025-10-17T13:50:36","slug":"david-brajkovic-prva-iskustva-na-pripravnickom-stazu-uz-podrsku-yourjob-projekta","status":"publish","type":"post","link":"https:\/\/yourjob.ba\/index.php\/2021\/05\/27\/david-brajkovic-prva-iskustva-na-pripravnickom-stazu-uz-podrsku-yourjob-projekta\/","title":{"rendered":"David Brajkovi\u0107: Prva iskustva na pripravni\u010dkom sta\u017eu uz podr\u0161ku YourJob projekta"},"content":{"rendered":"\n<p>David Brajkovi\u0107 ima 18 godina i dolazi iz Zvirovi\u0107a, op\u0107ina \u010capljina. Nedavno je zavr\u0161io srednju \u0161kolu za zanimanje Ra\u010dunalni tehni\u010dar u strojarstvu, a svoju prvu priliku za prakti\u010dno iskustvo u struci dobio je zahvaljuju\u0107i projektu <strong>YourJob<\/strong>.<\/p>\n\n\n\n<p>Za projekt je saznao od svoje razrednice Marijene Raji\u0107, kojoj je posebno zahvalan. Kroz suradnju sa \u0161kolom sudjelovao je na praksi u Interi, a trenutno je na pripravni\u010dkom sta\u017eu u tvrtki <strong>Energovalves<\/strong>, na radnom mjestu CNC operatera, koji je sufinanciran preko YourJob programa. David isti\u010de da mu mentor poma\u017ee u svakodnevnom radu i da je jako zadovoljan svojom pozicijom, te da mu je cilj pokazati se kao vrijedan i sposoban radnik.<\/p>\n\n\n\n<p>David o YourJob projektu govori s entuzijazmom: \u201eProjekt je jako zanimljiv i izuzetno mi je drago \u0161to sam imao priliku sudjelovati u aktivnostima. Suradnici su odli\u010dni, i volio bih sudjelovati i u budu\u0107im projektima.\u201c<\/p>\n\n\n\n<p>Za mlade koji tra\u017ee svoje prve prilike, David ima jasnu poruku: <\/p>\n\n\n\n<blockquote class=\"wp-block-quote is-layout-flow wp-block-quote-is-layout-flow\">\n<p>\u201eProbajte na\u0107i posao jer \u017eivot je kratak, a vrijeme brzo prolazi. Javite se YourJob-u, oni \u0107e vam pomo\u0107i u tome \u0161to i kako napraviti.\u201c<\/p>\n<\/blockquote>\n\n\n\n<p>Davidova pri\u010da pokazuje koliko je va\u017eno iskoristiti prilike koje se pru\u017eaju mladima. Sudjelovanje u projektu YourJob omogu\u0107ilo mu je stjecanje prakti\u010dnih vje\u0161tina, mentorstvo i samopouzdanje na radnom mjestu. Njegovo iskustvo inspirira druge mlade da budu uporni, tra\u017ee svoje \u0161anse i aktivno sudjeluju u programima koji im mogu pomo\u0107i u razvoju karijere.<\/p>\n","protected":false},"excerpt":{"rendered":"<p>David Brajkovi\u0107 ima 18 godina i dolazi iz Zvirovi\u0107a, op\u0107ina \u010capljina. Nedavno je zavr\u0161io srednju \u0161kolu za zanimanje Ra\u010dunalni tehni\u010dar u strojarstvu, a svoju prvu priliku za prakti\u010dno iskustvo u struci dobio je zahvaljuju\u0107i projektu YourJob. Za projekt je saznao od svoje razrednice Marijene Raji\u0107, kojoj je posebno zahvalan. Kroz suradnju sa \u0161kolom sudjelovao je [&hellip;]<\/p>\n","protected":false},"author":2,"featured_media":754,"comment_status":"open","ping_status":"open","sticky":false,"template":"","format":"standard","meta":{"footnotes":""},"categories":[1],"tags":[],"class_list":["post-753","post","type-post","status-publish","format-standard","has-post-thumbnail","hentry","category-price"],"yoast_head":"<!-- This site is optimized with the Yoast SEO plugin v27.4 - https:\/\/yoast.com\/product\/yoast-seo-wordpress\/ -->\n<title>David Brajkovi\u0107: Prva iskustva na pripravni\u010dkom sta\u017eu uz podr\u0161ku YourJob projekta - Potpora zapo\u0161ljivosti i mogu\u0107nostima zapo\u0161ljavanja mladih<\/title>\n<meta name=\"robots\" content=\"index, follow, max-snippet:-1, max-image-preview:large, max-video-preview:-1\" \/>\n<link rel=\"canonical\" href=\"https:\/\/yourjob.ba\/index.php\/2021\/05\/27\/david-brajkovic-prva-iskustva-na-pripravnickom-stazu-uz-podrsku-yourjob-projekta\/\" \/>\n<meta property=\"og:locale\" content=\"en_US\" \/>\n<meta property=\"og:type\" content=\"article\" \/>\n<meta property=\"og:title\" content=\"David Brajkovi\u0107: Prva iskustva na pripravni\u010dkom sta\u017eu uz podr\u0161ku YourJob projekta - Potpora zapo\u0161ljivosti i mogu\u0107nostima zapo\u0161ljavanja mladih\" \/>\n<meta property=\"og:description\" content=\"David Brajkovi\u0107 ima 18 godina i dolazi iz Zvirovi\u0107a, op\u0107ina \u010capljina. Nedavno je zavr\u0161io srednju \u0161kolu za zanimanje Ra\u010dunalni tehni\u010dar u strojarstvu, a svoju prvu priliku za prakti\u010dno iskustvo u struci dobio je zahvaljuju\u0107i projektu YourJob. Za projekt je saznao od svoje razrednice Marijene Raji\u0107, kojoj je posebno zahvalan. Kroz suradnju sa \u0161kolom sudjelovao je [&hellip;]\" \/>\n<meta property=\"og:url\" content=\"https:\/\/yourjob.ba\/index.php\/2021\/05\/27\/david-brajkovic-prva-iskustva-na-pripravnickom-stazu-uz-podrsku-yourjob-projekta\/\" \/>\n<meta property=\"og:site_name\" content=\"Potpora zapo\u0161ljivosti i mogu\u0107nostima zapo\u0161ljavanja mladih\" \/>\n<meta property=\"article:published_time\" content=\"2021-05-27T13:30:00+00:00\" \/>\n<meta property=\"article:modified_time\" content=\"2025-10-17T13:50:36+00:00\" \/>\n<meta property=\"og:image\" content=\"https:\/\/yourjob.ba\/wp-content\/uploads\/2025\/10\/191927491_1428238334198582_854213667355203315_n.png\" \/>\n\t<meta property=\"og:image:width\" content=\"780\" \/>\n\t<meta property=\"og:image:height\" content=\"975\" \/>\n\t<meta property=\"og:image:type\" content=\"image\/png\" \/>\n<meta name=\"author\" content=\"Ivona VIda\u010dkovi\u0107\" \/>\n<meta name=\"twitter:card\" content=\"summary_large_image\" \/>\n<meta name=\"twitter:label1\" content=\"Written by\" \/>\n\t<meta name=\"twitter:data1\" content=\"Ivona VIda\u010dkovi\u0107\" \/>\n\t<meta name=\"twitter:label2\" content=\"Est. reading time\" \/>\n\t<meta name=\"twitter:data2\" content=\"1 minute\" \/>\n<script type=\"application\/ld+json\" class=\"yoast-schema-graph\">{\"@context\":\"https:\\\/\\\/schema.org\",\"@graph\":[{\"@type\":\"WebPage\",\"@id\":\"https:\\\/\\\/yourjob.ba\\\/index.php\\\/2021\\\/05\\\/27\\\/david-brajkovic-prva-iskustva-na-pripravnickom-stazu-uz-podrsku-yourjob-projekta\\\/\",\"url\":\"https:\\\/\\\/yourjob.ba\\\/index.php\\\/2021\\\/05\\\/27\\\/david-brajkovic-prva-iskustva-na-pripravnickom-stazu-uz-podrsku-yourjob-projekta\\\/\",\"name\":\"David Brajkovi\u0107: Prva iskustva na pripravni\u010dkom sta\u017eu uz podr\u0161ku YourJob projekta - Potpora zapo\u0161ljivosti i mogu\u0107nostima zapo\u0161ljavanja mladih\",\"isPartOf\":{\"@id\":\"https:\\\/\\\/yourjob.ba\\\/#website\"},\"primaryImageOfPage\":{\"@id\":\"https:\\\/\\\/yourjob.ba\\\/index.php\\\/2021\\\/05\\\/27\\\/david-brajkovic-prva-iskustva-na-pripravnickom-stazu-uz-podrsku-yourjob-projekta\\\/#primaryimage\"},\"image\":{\"@id\":\"https:\\\/\\\/yourjob.ba\\\/index.php\\\/2021\\\/05\\\/27\\\/david-brajkovic-prva-iskustva-na-pripravnickom-stazu-uz-podrsku-yourjob-projekta\\\/#primaryimage\"},\"thumbnailUrl\":\"https:\\\/\\\/yourjob.ba\\\/wp-content\\\/uploads\\\/2025\\\/10\\\/191927491_1428238334198582_854213667355203315_n.png\",\"datePublished\":\"2021-05-27T13:30:00+00:00\",\"dateModified\":\"2025-10-17T13:50:36+00:00\",\"breadcrumb\":{\"@id\":\"https:\\\/\\\/yourjob.ba\\\/index.php\\\/2021\\\/05\\\/27\\\/david-brajkovic-prva-iskustva-na-pripravnickom-stazu-uz-podrsku-yourjob-projekta\\\/#breadcrumb\"},\"inLanguage\":\"en-US\",\"potentialAction\":[{\"@type\":\"ReadAction\",\"target\":[\"https:\\\/\\\/yourjob.ba\\\/index.php\\\/2021\\\/05\\\/27\\\/david-brajkovic-prva-iskustva-na-pripravnickom-stazu-uz-podrsku-yourjob-projekta\\\/\"]}]},{\"@type\":\"ImageObject\",\"inLanguage\":\"en-US\",\"@id\":\"https:\\\/\\\/yourjob.ba\\\/index.php\\\/2021\\\/05\\\/27\\\/david-brajkovic-prva-iskustva-na-pripravnickom-stazu-uz-podrsku-yourjob-projekta\\\/#primaryimage\",\"url\":\"https:\\\/\\\/yourjob.ba\\\/wp-content\\\/uploads\\\/2025\\\/10\\\/191927491_1428238334198582_854213667355203315_n.png\",\"contentUrl\":\"https:\\\/\\\/yourjob.ba\\\/wp-content\\\/uploads\\\/2025\\\/10\\\/191927491_1428238334198582_854213667355203315_n.png\",\"width\":780,\"height\":975},{\"@type\":\"BreadcrumbList\",\"@id\":\"https:\\\/\\\/yourjob.ba\\\/index.php\\\/2021\\\/05\\\/27\\\/david-brajkovic-prva-iskustva-na-pripravnickom-stazu-uz-podrsku-yourjob-projekta\\\/#breadcrumb\",\"itemListElement\":[{\"@type\":\"ListItem\",\"position\":1,\"name\":\"Home\",\"item\":\"https:\\\/\\\/yourjob.ba\\\/\"},{\"@type\":\"ListItem\",\"position\":2,\"name\":\"David Brajkovi\u0107: Prva iskustva na pripravni\u010dkom sta\u017eu uz podr\u0161ku YourJob projekta\"}]},{\"@type\":\"WebSite\",\"@id\":\"https:\\\/\\\/yourjob.ba\\\/#website\",\"url\":\"https:\\\/\\\/yourjob.ba\\\/\",\"name\":\"Potpora zapo\u0161ljivosti i mogu\u0107nostima zapo\u0161ljavanja mladih\",\"description\":\"\",\"publisher\":{\"@id\":\"https:\\\/\\\/yourjob.ba\\\/#organization\"},\"alternateName\":\"YourJob\",\"potentialAction\":[{\"@type\":\"SearchAction\",\"target\":{\"@type\":\"EntryPoint\",\"urlTemplate\":\"https:\\\/\\\/yourjob.ba\\\/?s={search_term_string}\"},\"query-input\":{\"@type\":\"PropertyValueSpecification\",\"valueRequired\":true,\"valueName\":\"search_term_string\"}}],\"inLanguage\":\"en-US\"},{\"@type\":\"Organization\",\"@id\":\"https:\\\/\\\/yourjob.ba\\\/#organization\",\"name\":\"YourJob\",\"url\":\"https:\\\/\\\/yourjob.ba\\\/\",\"logo\":{\"@type\":\"ImageObject\",\"inLanguage\":\"en-US\",\"@id\":\"https:\\\/\\\/yourjob.ba\\\/#\\\/schema\\\/logo\\\/image\\\/\",\"url\":\"https:\\\/\\\/yourjob.ba\\\/wp-content\\\/uploads\\\/2024\\\/09\\\/logo-01.jpg\",\"contentUrl\":\"https:\\\/\\\/yourjob.ba\\\/wp-content\\\/uploads\\\/2024\\\/09\\\/logo-01.jpg\",\"width\":1803,\"height\":673,\"caption\":\"YourJob\"},\"image\":{\"@id\":\"https:\\\/\\\/yourjob.ba\\\/#\\\/schema\\\/logo\\\/image\\\/\"}}]}<\/script>\n<!-- \/ Yoast SEO plugin. -->","yoast_head_json":{"title":"David Brajkovi\u0107: Prva iskustva na pripravni\u010dkom sta\u017eu uz podr\u0161ku YourJob projekta - Potpora zapo\u0161ljivosti i mogu\u0107nostima zapo\u0161ljavanja mladih","robots":{"index":"index","follow":"follow","max-snippet":"max-snippet:-1","max-image-preview":"max-image-preview:large","max-video-preview":"max-video-preview:-1"},"canonical":"https:\/\/yourjob.ba\/index.php\/2021\/05\/27\/david-brajkovic-prva-iskustva-na-pripravnickom-stazu-uz-podrsku-yourjob-projekta\/","og_locale":"en_US","og_type":"article","og_title":"David Brajkovi\u0107: Prva iskustva na pripravni\u010dkom sta\u017eu uz podr\u0161ku YourJob projekta - Potpora zapo\u0161ljivosti i mogu\u0107nostima zapo\u0161ljavanja mladih","og_description":"David Brajkovi\u0107 ima 18 godina i dolazi iz Zvirovi\u0107a, op\u0107ina \u010capljina. Nedavno je zavr\u0161io srednju \u0161kolu za zanimanje Ra\u010dunalni tehni\u010dar u strojarstvu, a svoju prvu priliku za prakti\u010dno iskustvo u struci dobio je zahvaljuju\u0107i projektu YourJob. Za projekt je saznao od svoje razrednice Marijene Raji\u0107, kojoj je posebno zahvalan. Kroz suradnju sa \u0161kolom sudjelovao je [&hellip;]","og_url":"https:\/\/yourjob.ba\/index.php\/2021\/05\/27\/david-brajkovic-prva-iskustva-na-pripravnickom-stazu-uz-podrsku-yourjob-projekta\/","og_site_name":"Potpora zapo\u0161ljivosti i mogu\u0107nostima zapo\u0161ljavanja mladih","article_published_time":"2021-05-27T13:30:00+00:00","article_modified_time":"2025-10-17T13:50:36+00:00","og_image":[{"width":780,"height":975,"url":"https:\/\/yourjob.ba\/wp-content\/uploads\/2025\/10\/191927491_1428238334198582_854213667355203315_n.png","type":"image\/png"}],"author":"Ivona VIda\u010dkovi\u0107","twitter_card":"summary_large_image","twitter_misc":{"Written by":"Ivona VIda\u010dkovi\u0107","Est. reading time":"1 minute"},"schema":{"@context":"https:\/\/schema.org","@graph":[{"@type":"WebPage","@id":"https:\/\/yourjob.ba\/index.php\/2021\/05\/27\/david-brajkovic-prva-iskustva-na-pripravnickom-stazu-uz-podrsku-yourjob-projekta\/","url":"https:\/\/yourjob.ba\/index.php\/2021\/05\/27\/david-brajkovic-prva-iskustva-na-pripravnickom-stazu-uz-podrsku-yourjob-projekta\/","name":"David Brajkovi\u0107: Prva iskustva na pripravni\u010dkom sta\u017eu uz podr\u0161ku YourJob projekta - Potpora zapo\u0161ljivosti i mogu\u0107nostima zapo\u0161ljavanja mladih","isPartOf":{"@id":"https:\/\/yourjob.ba\/#website"},"primaryImageOfPage":{"@id":"https:\/\/yourjob.ba\/index.php\/2021\/05\/27\/david-brajkovic-prva-iskustva-na-pripravnickom-stazu-uz-podrsku-yourjob-projekta\/#primaryimage"},"image":{"@id":"https:\/\/yourjob.ba\/index.php\/2021\/05\/27\/david-brajkovic-prva-iskustva-na-pripravnickom-stazu-uz-podrsku-yourjob-projekta\/#primaryimage"},"thumbnailUrl":"https:\/\/yourjob.ba\/wp-content\/uploads\/2025\/10\/191927491_1428238334198582_854213667355203315_n.png","datePublished":"2021-05-27T13:30:00+00:00","dateModified":"2025-10-17T13:50:36+00:00","breadcrumb":{"@id":"https:\/\/yourjob.ba\/index.php\/2021\/05\/27\/david-brajkovic-prva-iskustva-na-pripravnickom-stazu-uz-podrsku-yourjob-projekta\/#breadcrumb"},"inLanguage":"en-US","potentialAction":[{"@type":"ReadAction","target":["https:\/\/yourjob.ba\/index.php\/2021\/05\/27\/david-brajkovic-prva-iskustva-na-pripravnickom-stazu-uz-podrsku-yourjob-projekta\/"]}]},{"@type":"ImageObject","inLanguage":"en-US","@id":"https:\/\/yourjob.ba\/index.php\/2021\/05\/27\/david-brajkovic-prva-iskustva-na-pripravnickom-stazu-uz-podrsku-yourjob-projekta\/#primaryimage","url":"https:\/\/yourjob.ba\/wp-content\/uploads\/2025\/10\/191927491_1428238334198582_854213667355203315_n.png","contentUrl":"https:\/\/yourjob.ba\/wp-content\/uploads\/2025\/10\/191927491_1428238334198582_854213667355203315_n.png","width":780,"height":975},{"@type":"BreadcrumbList","@id":"https:\/\/yourjob.ba\/index.php\/2021\/05\/27\/david-brajkovic-prva-iskustva-na-pripravnickom-stazu-uz-podrsku-yourjob-projekta\/#breadcrumb","itemListElement":[{"@type":"ListItem","position":1,"name":"Home","item":"https:\/\/yourjob.ba\/"},{"@type":"ListItem","position":2,"name":"David Brajkovi\u0107: Prva iskustva na pripravni\u010dkom sta\u017eu uz podr\u0161ku YourJob projekta"}]},{"@type":"WebSite","@id":"https:\/\/yourjob.ba\/#website","url":"https:\/\/yourjob.ba\/","name":"Potpora zapo\u0161ljivosti i mogu\u0107nostima zapo\u0161ljavanja mladih","description":"","publisher":{"@id":"https:\/\/yourjob.ba\/#organization"},"alternateName":"YourJob","potentialAction":[{"@type":"SearchAction","target":{"@type":"EntryPoint","urlTemplate":"https:\/\/yourjob.ba\/?s={search_term_string}"},"query-input":{"@type":"PropertyValueSpecification","valueRequired":true,"valueName":"search_term_string"}}],"inLanguage":"en-US"},{"@type":"Organization","@id":"https:\/\/yourjob.ba\/#organization","name":"YourJob","url":"https:\/\/yourjob.ba\/","logo":{"@type":"ImageObject","inLanguage":"en-US","@id":"https:\/\/yourjob.ba\/#\/schema\/logo\/image\/","url":"https:\/\/yourjob.ba\/wp-content\/uploads\/2024\/09\/logo-01.jpg","contentUrl":"https:\/\/yourjob.ba\/wp-content\/uploads\/2024\/09\/logo-01.jpg","width":1803,"height":673,"caption":"YourJob"},"image":{"@id":"https:\/\/yourjob.ba\/#\/schema\/logo\/image\/"}}]}},"_links":{"self":[{"href":"https:\/\/yourjob.ba\/index.php\/wp-json\/wp\/v2\/posts\/753","targetHints":{"allow":["GET"]}}],"collection":[{"href":"https:\/\/yourjob.ba\/index.php\/wp-json\/wp\/v2\/posts"}],"about":[{"href":"https:\/\/yourjob.ba\/index.php\/wp-json\/wp\/v2\/types\/post"}],"author":[{"embeddable":true,"href":"https:\/\/yourjob.ba\/index.php\/wp-json\/wp\/v2\/users\/2"}],"replies":[{"embeddable":true,"href":"https:\/\/yourjob.ba\/index.php\/wp-json\/wp\/v2\/comments?post=753"}],"version-history":[{"count":1,"href":"https:\/\/yourjob.ba\/index.php\/wp-json\/wp\/v2\/posts\/753\/revisions"}],"predecessor-version":[{"id":755,"href":"https:\/\/yourjob.ba\/index.php\/wp-json\/wp\/v2\/posts\/753\/revisions\/755"}],"wp:featuredmedia":[{"embeddable":true,"href":"https:\/\/yourjob.ba\/index.php\/wp-json\/wp\/v2\/media\/754"}],"wp:attachment":[{"href":"https:\/\/yourjob.ba\/index.php\/wp-json\/wp\/v2\/media?parent=753"}],"wp:term":[{"taxonomy":"category","embeddable":true,"href":"https:\/\/yourjob.ba\/index.php\/wp-json\/wp\/v2\/categories?post=753"},{"taxonomy":"post_tag","embeddable":true,"href":"https:\/\/yourjob.ba\/index.php\/wp-json\/wp\/v2\/tags?post=753"}],"curies":[{"name":"wp","href":"https:\/\/api.w.org\/{rel}","templated":true}]}}