{"id":731,"date":"2024-01-04T12:42:00","date_gmt":"2024-01-04T12:42:00","guid":{"rendered":"https:\/\/yourjob.ba\/?p=731"},"modified":"2025-10-17T12:49:36","modified_gmt":"2025-10-17T12:49:36","slug":"731","status":"publish","type":"post","link":"https:\/\/yourjob.ba\/index.php\/2024\/01\/04\/731\/","title":{"rendered":"Stefan iz Banje Luke: Uz YourJob sam napravio prvi korak prema karijeri u IT sektoru\u201c"},"content":{"rendered":"\n<p>Stefan Rado\u0161, 26 god. je kroz program YourJob dobio priliku sudjelovati na obuci za Testiranje i kvalitet softvera u Banja Luci. <\/p>\n\n\n\n<p>Stefan je zavr\u0161io srednju Ekonomsku \u0161kolu u Berkovi\u0107ima, nakon koje je preselio u Banja Luku i upisao Matemati\u010dki fakultet, smjer informatika i tehni\u010dko vaspitanje. Spletom niza okolnosti morao je na\u017ealost pauzirati svoje studiranje. Od tada se bavio raznim poslovima, a trenutno radi kao konobar u jednom banjalu\u010dkom kafi\u0107u, \u0161to mu je pomoglo u stjecanju novih iskustva i novih poznanstava. Posao konobara je za njega samo prelazno rje\u0161enje, on bi \u017eelio kao i ve\u0107ina mladih osoba profesionalno se razvijati, posebno u IT sektoru, zaposliti u struci te ostati u svojoj zemlji, napredovati te zajedno s drugima razvijati pozitivnu budu\u0107nost za svoju i budu\u0107e generacije.<\/p>\n\n\n\n<p>U vrijeme kolektivne apatije on svoje ciljeve postavlja ambiciozno i hrabro, tako postaju\u0107i primjer pozitivne promjene u svojoj lokalnoj sredini. Njegov prijatelj mu je preporu\u010dio Caritasov program YourJob, te je uz potporu savjetnica za zapo\u0161ljavanje mladih stekao mogu\u0107nost sudjelovanja na obuci. Za YourJob ka\u017ee da mu se svi\u0111a prije svega zbog stvaranja mogu\u0107nosti zapo\u0161ljavanja mladih u BiH, ali i na radu razvoja socijalnog poduzetni\u0161tva za mlade. U vrijeme kada je biti mlad vrlo izazovno, ponekada nepovoljno, potrebno je vi\u0161e cijeniti rad mladih osoba, otvoriti nova radna mjesta, pru\u017eiti vi\u0161e prilika za rad, razvoj ali i zaradu. Mladi se trebaju osje\u0107ati cijenjeno i po\u0161tovano, mogu doprinijeti promjenama u dru\u0161tvu.<\/p>\n\n\n\n<p>Svojim vr\u0161njacima Stefan poru\u010duje: <\/p>\n\n\n\n<blockquote class=\"wp-block-quote is-layout-flow wp-block-quote-is-layout-flow\">\n<p>\u201eSlijedite svoje \u017eelje, jasno postavite ciljeve, budite vrijedni i a\u017eurni, vjerujte u svoje kvalitete i potencijale, nemojte biti obeshrabreni ili izgubiti volju. Obavezno aplicirajte na aktivnosti YourJob programa i prona\u0111ite ne\u0161to za sebe i svoju karijeru.\u201c<\/p>\n<\/blockquote>\n\n\n\n<p><\/p>\n","protected":false},"excerpt":{"rendered":"<p>Stefan Rado\u0161, 26 god. je kroz program YourJob dobio priliku sudjelovati na obuci za Testiranje i kvalitet softvera u Banja Luci. Stefan je zavr\u0161io srednju Ekonomsku \u0161kolu u Berkovi\u0107ima, nakon koje je preselio u Banja Luku i upisao Matemati\u010dki fakultet, smjer informatika i tehni\u010dko vaspitanje. Spletom niza okolnosti morao je na\u017ealost pauzirati svoje studiranje. Od [&hellip;]<\/p>\n","protected":false},"author":2,"featured_media":732,"comment_status":"open","ping_status":"open","sticky":false,"template":"","format":"standard","meta":{"footnotes":""},"categories":[1],"tags":[],"class_list":["post-731","post","type-post","status-publish","format-standard","has-post-thumbnail","hentry","category-price"],"yoast_head":"<!-- This site is optimized with the Yoast SEO plugin v27.4 - https:\/\/yoast.com\/product\/yoast-seo-wordpress\/ -->\n<title>Stefan iz Banje Luke: Uz YourJob sam napravio prvi korak prema karijeri u IT sektoru\u201c - Potpora zapo\u0161ljivosti i mogu\u0107nostima zapo\u0161ljavanja mladih<\/title>\n<meta name=\"robots\" content=\"index, follow, max-snippet:-1, max-image-preview:large, max-video-preview:-1\" \/>\n<link rel=\"canonical\" href=\"https:\/\/yourjob.ba\/index.php\/2024\/01\/04\/731\/\" \/>\n<meta property=\"og:locale\" content=\"en_US\" \/>\n<meta property=\"og:type\" content=\"article\" \/>\n<meta property=\"og:title\" content=\"Stefan iz Banje Luke: Uz YourJob sam napravio prvi korak prema karijeri u IT sektoru\u201c - Potpora zapo\u0161ljivosti i mogu\u0107nostima zapo\u0161ljavanja mladih\" \/>\n<meta property=\"og:description\" content=\"Stefan Rado\u0161, 26 god. je kroz program YourJob dobio priliku sudjelovati na obuci za Testiranje i kvalitet softvera u Banja Luci. Stefan je zavr\u0161io srednju Ekonomsku \u0161kolu u Berkovi\u0107ima, nakon koje je preselio u Banja Luku i upisao Matemati\u010dki fakultet, smjer informatika i tehni\u010dko vaspitanje. Spletom niza okolnosti morao je na\u017ealost pauzirati svoje studiranje. Od [&hellip;]\" \/>\n<meta property=\"og:url\" content=\"https:\/\/yourjob.ba\/index.php\/2024\/01\/04\/731\/\" \/>\n<meta property=\"og:site_name\" content=\"Potpora zapo\u0161ljivosti i mogu\u0107nostima zapo\u0161ljavanja mladih\" \/>\n<meta property=\"article:published_time\" content=\"2024-01-04T12:42:00+00:00\" \/>\n<meta property=\"article:modified_time\" content=\"2025-10-17T12:49:36+00:00\" \/>\n<meta property=\"og:image\" content=\"https:\/\/yourjob.ba\/wp-content\/uploads\/2025\/10\/487303690_1168376985299089_5168386490353028324_n.jpg\" \/>\n\t<meta property=\"og:image:width\" content=\"1200\" \/>\n\t<meta property=\"og:image:height\" content=\"1200\" \/>\n\t<meta property=\"og:image:type\" content=\"image\/jpeg\" \/>\n<meta name=\"author\" content=\"Ivona VIda\u010dkovi\u0107\" \/>\n<meta name=\"twitter:card\" content=\"summary_large_image\" \/>\n<meta name=\"twitter:label1\" content=\"Written by\" \/>\n\t<meta name=\"twitter:data1\" content=\"Ivona VIda\u010dkovi\u0107\" \/>\n\t<meta name=\"twitter:label2\" content=\"Est. reading time\" \/>\n\t<meta name=\"twitter:data2\" content=\"2 minutes\" \/>\n<script type=\"application\/ld+json\" class=\"yoast-schema-graph\">{\"@context\":\"https:\\\/\\\/schema.org\",\"@graph\":[{\"@type\":\"WebPage\",\"@id\":\"https:\\\/\\\/yourjob.ba\\\/index.php\\\/2024\\\/01\\\/04\\\/731\\\/\",\"url\":\"https:\\\/\\\/yourjob.ba\\\/index.php\\\/2024\\\/01\\\/04\\\/731\\\/\",\"name\":\"Stefan iz Banje Luke: Uz YourJob sam napravio prvi korak prema karijeri u IT sektoru\u201c - Potpora zapo\u0161ljivosti i mogu\u0107nostima zapo\u0161ljavanja mladih\",\"isPartOf\":{\"@id\":\"https:\\\/\\\/yourjob.ba\\\/#website\"},\"primaryImageOfPage\":{\"@id\":\"https:\\\/\\\/yourjob.ba\\\/index.php\\\/2024\\\/01\\\/04\\\/731\\\/#primaryimage\"},\"image\":{\"@id\":\"https:\\\/\\\/yourjob.ba\\\/index.php\\\/2024\\\/01\\\/04\\\/731\\\/#primaryimage\"},\"thumbnailUrl\":\"https:\\\/\\\/yourjob.ba\\\/wp-content\\\/uploads\\\/2025\\\/10\\\/487303690_1168376985299089_5168386490353028324_n.jpg\",\"datePublished\":\"2024-01-04T12:42:00+00:00\",\"dateModified\":\"2025-10-17T12:49:36+00:00\",\"breadcrumb\":{\"@id\":\"https:\\\/\\\/yourjob.ba\\\/index.php\\\/2024\\\/01\\\/04\\\/731\\\/#breadcrumb\"},\"inLanguage\":\"en-US\",\"potentialAction\":[{\"@type\":\"ReadAction\",\"target\":[\"https:\\\/\\\/yourjob.ba\\\/index.php\\\/2024\\\/01\\\/04\\\/731\\\/\"]}]},{\"@type\":\"ImageObject\",\"inLanguage\":\"en-US\",\"@id\":\"https:\\\/\\\/yourjob.ba\\\/index.php\\\/2024\\\/01\\\/04\\\/731\\\/#primaryimage\",\"url\":\"https:\\\/\\\/yourjob.ba\\\/wp-content\\\/uploads\\\/2025\\\/10\\\/487303690_1168376985299089_5168386490353028324_n.jpg\",\"contentUrl\":\"https:\\\/\\\/yourjob.ba\\\/wp-content\\\/uploads\\\/2025\\\/10\\\/487303690_1168376985299089_5168386490353028324_n.jpg\",\"width\":1200,\"height\":1200},{\"@type\":\"BreadcrumbList\",\"@id\":\"https:\\\/\\\/yourjob.ba\\\/index.php\\\/2024\\\/01\\\/04\\\/731\\\/#breadcrumb\",\"itemListElement\":[{\"@type\":\"ListItem\",\"position\":1,\"name\":\"Home\",\"item\":\"https:\\\/\\\/yourjob.ba\\\/\"},{\"@type\":\"ListItem\",\"position\":2,\"name\":\"Stefan iz Banje Luke: Uz YourJob sam napravio prvi korak prema karijeri u IT sektoru\u201c\"}]},{\"@type\":\"WebSite\",\"@id\":\"https:\\\/\\\/yourjob.ba\\\/#website\",\"url\":\"https:\\\/\\\/yourjob.ba\\\/\",\"name\":\"Potpora zapo\u0161ljivosti i mogu\u0107nostima zapo\u0161ljavanja mladih\",\"description\":\"\",\"publisher\":{\"@id\":\"https:\\\/\\\/yourjob.ba\\\/#organization\"},\"alternateName\":\"YourJob\",\"potentialAction\":[{\"@type\":\"SearchAction\",\"target\":{\"@type\":\"EntryPoint\",\"urlTemplate\":\"https:\\\/\\\/yourjob.ba\\\/?s={search_term_string}\"},\"query-input\":{\"@type\":\"PropertyValueSpecification\",\"valueRequired\":true,\"valueName\":\"search_term_string\"}}],\"inLanguage\":\"en-US\"},{\"@type\":\"Organization\",\"@id\":\"https:\\\/\\\/yourjob.ba\\\/#organization\",\"name\":\"YourJob\",\"url\":\"https:\\\/\\\/yourjob.ba\\\/\",\"logo\":{\"@type\":\"ImageObject\",\"inLanguage\":\"en-US\",\"@id\":\"https:\\\/\\\/yourjob.ba\\\/#\\\/schema\\\/logo\\\/image\\\/\",\"url\":\"https:\\\/\\\/yourjob.ba\\\/wp-content\\\/uploads\\\/2024\\\/09\\\/logo-01.jpg\",\"contentUrl\":\"https:\\\/\\\/yourjob.ba\\\/wp-content\\\/uploads\\\/2024\\\/09\\\/logo-01.jpg\",\"width\":1803,\"height\":673,\"caption\":\"YourJob\"},\"image\":{\"@id\":\"https:\\\/\\\/yourjob.ba\\\/#\\\/schema\\\/logo\\\/image\\\/\"}}]}<\/script>\n<!-- \/ Yoast SEO plugin. -->","yoast_head_json":{"title":"Stefan iz Banje Luke: Uz YourJob sam napravio prvi korak prema karijeri u IT sektoru\u201c - Potpora zapo\u0161ljivosti i mogu\u0107nostima zapo\u0161ljavanja mladih","robots":{"index":"index","follow":"follow","max-snippet":"max-snippet:-1","max-image-preview":"max-image-preview:large","max-video-preview":"max-video-preview:-1"},"canonical":"https:\/\/yourjob.ba\/index.php\/2024\/01\/04\/731\/","og_locale":"en_US","og_type":"article","og_title":"Stefan iz Banje Luke: Uz YourJob sam napravio prvi korak prema karijeri u IT sektoru\u201c - Potpora zapo\u0161ljivosti i mogu\u0107nostima zapo\u0161ljavanja mladih","og_description":"Stefan Rado\u0161, 26 god. je kroz program YourJob dobio priliku sudjelovati na obuci za Testiranje i kvalitet softvera u Banja Luci. Stefan je zavr\u0161io srednju Ekonomsku \u0161kolu u Berkovi\u0107ima, nakon koje je preselio u Banja Luku i upisao Matemati\u010dki fakultet, smjer informatika i tehni\u010dko vaspitanje. Spletom niza okolnosti morao je na\u017ealost pauzirati svoje studiranje. Od [&hellip;]","og_url":"https:\/\/yourjob.ba\/index.php\/2024\/01\/04\/731\/","og_site_name":"Potpora zapo\u0161ljivosti i mogu\u0107nostima zapo\u0161ljavanja mladih","article_published_time":"2024-01-04T12:42:00+00:00","article_modified_time":"2025-10-17T12:49:36+00:00","og_image":[{"width":1200,"height":1200,"url":"https:\/\/yourjob.ba\/wp-content\/uploads\/2025\/10\/487303690_1168376985299089_5168386490353028324_n.jpg","type":"image\/jpeg"}],"author":"Ivona VIda\u010dkovi\u0107","twitter_card":"summary_large_image","twitter_misc":{"Written by":"Ivona VIda\u010dkovi\u0107","Est. reading time":"2 minutes"},"schema":{"@context":"https:\/\/schema.org","@graph":[{"@type":"WebPage","@id":"https:\/\/yourjob.ba\/index.php\/2024\/01\/04\/731\/","url":"https:\/\/yourjob.ba\/index.php\/2024\/01\/04\/731\/","name":"Stefan iz Banje Luke: Uz YourJob sam napravio prvi korak prema karijeri u IT sektoru\u201c - Potpora zapo\u0161ljivosti i mogu\u0107nostima zapo\u0161ljavanja mladih","isPartOf":{"@id":"https:\/\/yourjob.ba\/#website"},"primaryImageOfPage":{"@id":"https:\/\/yourjob.ba\/index.php\/2024\/01\/04\/731\/#primaryimage"},"image":{"@id":"https:\/\/yourjob.ba\/index.php\/2024\/01\/04\/731\/#primaryimage"},"thumbnailUrl":"https:\/\/yourjob.ba\/wp-content\/uploads\/2025\/10\/487303690_1168376985299089_5168386490353028324_n.jpg","datePublished":"2024-01-04T12:42:00+00:00","dateModified":"2025-10-17T12:49:36+00:00","breadcrumb":{"@id":"https:\/\/yourjob.ba\/index.php\/2024\/01\/04\/731\/#breadcrumb"},"inLanguage":"en-US","potentialAction":[{"@type":"ReadAction","target":["https:\/\/yourjob.ba\/index.php\/2024\/01\/04\/731\/"]}]},{"@type":"ImageObject","inLanguage":"en-US","@id":"https:\/\/yourjob.ba\/index.php\/2024\/01\/04\/731\/#primaryimage","url":"https:\/\/yourjob.ba\/wp-content\/uploads\/2025\/10\/487303690_1168376985299089_5168386490353028324_n.jpg","contentUrl":"https:\/\/yourjob.ba\/wp-content\/uploads\/2025\/10\/487303690_1168376985299089_5168386490353028324_n.jpg","width":1200,"height":1200},{"@type":"BreadcrumbList","@id":"https:\/\/yourjob.ba\/index.php\/2024\/01\/04\/731\/#breadcrumb","itemListElement":[{"@type":"ListItem","position":1,"name":"Home","item":"https:\/\/yourjob.ba\/"},{"@type":"ListItem","position":2,"name":"Stefan iz Banje Luke: Uz YourJob sam napravio prvi korak prema karijeri u IT sektoru\u201c"}]},{"@type":"WebSite","@id":"https:\/\/yourjob.ba\/#website","url":"https:\/\/yourjob.ba\/","name":"Potpora zapo\u0161ljivosti i mogu\u0107nostima zapo\u0161ljavanja mladih","description":"","publisher":{"@id":"https:\/\/yourjob.ba\/#organization"},"alternateName":"YourJob","potentialAction":[{"@type":"SearchAction","target":{"@type":"EntryPoint","urlTemplate":"https:\/\/yourjob.ba\/?s={search_term_string}"},"query-input":{"@type":"PropertyValueSpecification","valueRequired":true,"valueName":"search_term_string"}}],"inLanguage":"en-US"},{"@type":"Organization","@id":"https:\/\/yourjob.ba\/#organization","name":"YourJob","url":"https:\/\/yourjob.ba\/","logo":{"@type":"ImageObject","inLanguage":"en-US","@id":"https:\/\/yourjob.ba\/#\/schema\/logo\/image\/","url":"https:\/\/yourjob.ba\/wp-content\/uploads\/2024\/09\/logo-01.jpg","contentUrl":"https:\/\/yourjob.ba\/wp-content\/uploads\/2024\/09\/logo-01.jpg","width":1803,"height":673,"caption":"YourJob"},"image":{"@id":"https:\/\/yourjob.ba\/#\/schema\/logo\/image\/"}}]}},"_links":{"self":[{"href":"https:\/\/yourjob.ba\/index.php\/wp-json\/wp\/v2\/posts\/731","targetHints":{"allow":["GET"]}}],"collection":[{"href":"https:\/\/yourjob.ba\/index.php\/wp-json\/wp\/v2\/posts"}],"about":[{"href":"https:\/\/yourjob.ba\/index.php\/wp-json\/wp\/v2\/types\/post"}],"author":[{"embeddable":true,"href":"https:\/\/yourjob.ba\/index.php\/wp-json\/wp\/v2\/users\/2"}],"replies":[{"embeddable":true,"href":"https:\/\/yourjob.ba\/index.php\/wp-json\/wp\/v2\/comments?post=731"}],"version-history":[{"count":2,"href":"https:\/\/yourjob.ba\/index.php\/wp-json\/wp\/v2\/posts\/731\/revisions"}],"predecessor-version":[{"id":737,"href":"https:\/\/yourjob.ba\/index.php\/wp-json\/wp\/v2\/posts\/731\/revisions\/737"}],"wp:featuredmedia":[{"embeddable":true,"href":"https:\/\/yourjob.ba\/index.php\/wp-json\/wp\/v2\/media\/732"}],"wp:attachment":[{"href":"https:\/\/yourjob.ba\/index.php\/wp-json\/wp\/v2\/media?parent=731"}],"wp:term":[{"taxonomy":"category","embeddable":true,"href":"https:\/\/yourjob.ba\/index.php\/wp-json\/wp\/v2\/categories?post=731"},{"taxonomy":"post_tag","embeddable":true,"href":"https:\/\/yourjob.ba\/index.php\/wp-json\/wp\/v2\/tags?post=731"}],"curies":[{"name":"wp","href":"https:\/\/api.w.org\/{rel}","templated":true}]}}