{"id":674,"date":"2025-10-14T10:11:21","date_gmt":"2025-10-14T10:11:21","guid":{"rendered":"https:\/\/yourjob.ba\/?p=674"},"modified":"2025-10-14T10:11:22","modified_gmt":"2025-10-14T10:11:22","slug":"od-laboratorija-do-klijenata-katarina-mitic-i-njezino-iskustvo-s-projektom-yourjob","status":"publish","type":"post","link":"https:\/\/yourjob.ba\/index.php\/2025\/10\/14\/od-laboratorija-do-klijenata-katarina-mitic-i-njezino-iskustvo-s-projektom-yourjob\/","title":{"rendered":"Od laboratorija do klijenata: Katarina Miti\u0107 i njezino iskustvo s projektom YourJob"},"content":{"rendered":"\n<p><strong>Osobna pri\u010da i po\u010detak<\/strong><\/p>\n\n\n\n<p>Katarina Miti\u0107 ro\u0111ena je i \u017eivi u Banjoj Luci. Zavr\u0161ila je osnovnu i srednju \u0161kolu, a potom i studij prehrambene tehnologije na Tehnolo\u0161kom fakultetu Sveu\u010dili\u0161ta u Banjoj Luci, stekav\u0161i zvanje dipl. ing. prehrambene tehnologije. Iako je oduvijek voljela istra\u017eiva\u010dki rad i rad u laboratoriju, shvatila je da je rad s ljudima ono \u0161to je istinski ispunjava. Upravo zato upisala je magistarski studij iz podru\u010dja nutricionizma kako bi bila bli\u017ee ljudima i razvijala svoje znanje u tom podru\u010dju.<\/p>\n\n\n\n<p>Za projekt <strong>YourJob<\/strong> Katarina je saznala od Sandre Orlovac, YourJob savjetnice za zapo\u0161ljavanje, koja je prepoznala njezinu \u017eelju za u\u010denjem i osobnim usavr\u0161avanjem. <\/p>\n\n\n\n<blockquote class=\"wp-block-quote is-layout-flow wp-block-quote-is-layout-flow\">\n<p>\u201cVolim izlaziti iz svoje zone komfora, a ovaj projekt bio je idealna prilika za to,\u201d isti\u010de Katarina.<\/p>\n<\/blockquote>\n\n\n\n<figure class=\"wp-block-image size-large\"><img loading=\"lazy\" decoding=\"async\" width=\"683\" height=\"1024\" src=\"https:\/\/yourjob.ba\/wp-content\/uploads\/2025\/09\/1000003643-683x1024.jpg\" alt=\"\" class=\"wp-image-677\" srcset=\"https:\/\/yourjob.ba\/wp-content\/uploads\/2025\/09\/1000003643-683x1024.jpg 683w, https:\/\/yourjob.ba\/wp-content\/uploads\/2025\/09\/1000003643-200x300.jpg 200w, https:\/\/yourjob.ba\/wp-content\/uploads\/2025\/09\/1000003643-768x1152.jpg 768w, https:\/\/yourjob.ba\/wp-content\/uploads\/2025\/09\/1000003643-1024x1536.jpg 1024w, https:\/\/yourjob.ba\/wp-content\/uploads\/2025\/09\/1000003643-1365x2048.jpg 1365w, https:\/\/yourjob.ba\/wp-content\/uploads\/2025\/09\/1000003643-scaled.jpg 1707w\" sizes=\"auto, (max-width: 683px) 100vw, 683px\" \/><\/figure>\n\n\n\n<p><strong>Iskustvo u projektu<\/strong><\/p>\n\n\n\n<p>Kroz projekt YourJob, uz podr\u0161ku <strong>Europske unije i \u0160vedske kroz projekt EUzaZapo\u0161ljavanje<\/strong>, Katarina je bila anga\u017eirana u <strong>Nutricentru <\/strong>na obuci na radnom mjestu, gdje je kroz prakti\u010dan rad stekla nova iskustva i znanja.<\/p>\n\n\n\n<p>\u201cNajvi\u0161e me obradovalo kada je od strane \u2018Nutricentra\u2019 stigao pozitivan odgovor da me primaju u program osposobljavanja i da \u0107u biti dio njihovog tima. Uz divnu mentoricu Maju zakora\u010dila sam u svijet izbalansirane prehrane i zdravih \u017eivotnih navika. Nau\u010dila sam kako sastaviti plan prehrane uz potrebne dodatke prehrani, kako pristupiti svakom klijentu pojedina\u010dno i kako saslu\u0161ati, ali i razumjeti njihovu pri\u010du,\u201d prisje\u0107a se Katarina.<\/p>\n\n\n\n<p>Njezin odnos sa savjetnicom Sandra bio je klju\u010dan: <\/p>\n\n\n\n<blockquote class=\"wp-block-quote is-layout-flow wp-block-quote-is-layout-flow\">\n<p>\u201cPodr\u0161ka je bitna svakome, pogotovo mladim ljudima. Sandra mi je predlo\u017eila da se upustim u program stru\u010dnog osposobljavanja, \u0161to sam odmah prihvatila.\u201d<\/p>\n<\/blockquote>\n\n\n\n<p>Najizazovnije joj je bilo prihvatiti sam put i odlu\u010diti se na sudjelovanje, dok je kao najvrijednije iskustvo istaknula nova prijateljstva i obnovljena stara poznanstva.<\/p>\n\n\n\n<figure class=\"wp-block-gallery has-nested-images columns-default is-cropped wp-block-gallery-1 is-layout-flex wp-block-gallery-is-layout-flex\">\n<figure class=\"wp-block-image size-large\"><img loading=\"lazy\" decoding=\"async\" width=\"768\" height=\"1024\" data-id=\"678\" src=\"https:\/\/yourjob.ba\/wp-content\/uploads\/2025\/09\/20250529_171511-768x1024.jpg\" alt=\"\" class=\"wp-image-678\" srcset=\"https:\/\/yourjob.ba\/wp-content\/uploads\/2025\/09\/20250529_171511-768x1024.jpg 768w, https:\/\/yourjob.ba\/wp-content\/uploads\/2025\/09\/20250529_171511-225x300.jpg 225w, https:\/\/yourjob.ba\/wp-content\/uploads\/2025\/09\/20250529_171511-1152x1536.jpg 1152w, https:\/\/yourjob.ba\/wp-content\/uploads\/2025\/09\/20250529_171511-1536x2048.jpg 1536w, https:\/\/yourjob.ba\/wp-content\/uploads\/2025\/09\/20250529_171511-scaled.jpg 1920w\" sizes=\"auto, (max-width: 768px) 100vw, 768px\" \/><\/figure>\n\n\n\n<figure class=\"wp-block-image size-large\"><img loading=\"lazy\" decoding=\"async\" width=\"768\" height=\"1024\" data-id=\"679\" src=\"https:\/\/yourjob.ba\/wp-content\/uploads\/2025\/09\/20250529_171555-768x1024.jpg\" alt=\"\" class=\"wp-image-679\" srcset=\"https:\/\/yourjob.ba\/wp-content\/uploads\/2025\/09\/20250529_171555-768x1024.jpg 768w, https:\/\/yourjob.ba\/wp-content\/uploads\/2025\/09\/20250529_171555-225x300.jpg 225w, https:\/\/yourjob.ba\/wp-content\/uploads\/2025\/09\/20250529_171555-1152x1536.jpg 1152w, https:\/\/yourjob.ba\/wp-content\/uploads\/2025\/09\/20250529_171555-1536x2048.jpg 1536w, https:\/\/yourjob.ba\/wp-content\/uploads\/2025\/09\/20250529_171555-scaled.jpg 1920w\" sizes=\"auto, (max-width: 768px) 100vw, 768px\" \/><\/figure>\n<\/figure>\n\n\n\n<p><strong>Promjene i rezultati<\/strong><\/p>\n\n\n\n<p>Katarina isti\u010de da joj je sudjelovanje u projektu <strong>pomoglo i profesionalno i osobno<\/strong>. Rad s klijentima pomogao joj je u ja\u010danju vlastitog samopouzdanja i usvajanju zdravih navika.<\/p>\n\n\n\n<blockquote class=\"wp-block-quote is-layout-flow wp-block-quote-is-layout-flow\">\n<p>\u201cUz stjecanje znanja i iskustva pojavila se ideja o pokretanju vlastitog posla. Trenutno je to jo\u0161 samo ideja, ali nadam se da \u0107e jednog dana do\u0107i i do realizacije,\u201d ka\u017ee Katarina.<\/p>\n<\/blockquote>\n\n\n\n<p>Osim novih znanja i vje\u0161tina, projekt joj je omogu\u0107io i upoznavanje divnih ljudi, \u0161to joj je dalo dodatni \u201cvjetar u le\u0111a\u201d.<\/p>\n\n\n\n<figure class=\"wp-block-image size-large\"><img loading=\"lazy\" decoding=\"async\" width=\"844\" height=\"1024\" src=\"https:\/\/yourjob.ba\/wp-content\/uploads\/2025\/09\/20250529_171653aaa-844x1024.jpg\" alt=\"\" class=\"wp-image-681\" srcset=\"https:\/\/yourjob.ba\/wp-content\/uploads\/2025\/09\/20250529_171653aaa-844x1024.jpg 844w, https:\/\/yourjob.ba\/wp-content\/uploads\/2025\/09\/20250529_171653aaa-247x300.jpg 247w, https:\/\/yourjob.ba\/wp-content\/uploads\/2025\/09\/20250529_171653aaa-768x932.jpg 768w, https:\/\/yourjob.ba\/wp-content\/uploads\/2025\/09\/20250529_171653aaa-1266x1536.jpg 1266w, https:\/\/yourjob.ba\/wp-content\/uploads\/2025\/09\/20250529_171653aaa-1688x2048.jpg 1688w\" sizes=\"auto, (max-width: 844px) 100vw, 844px\" \/><\/figure>\n\n\n\n<p><strong>Pogled u budu\u0107nost<\/strong><\/p>\n\n\n\n<p>Katarina planira prona\u0107i siguran i stabilan posao u svojoj zemlji, vjeruju\u0107i da \u0107e se ostalo poslo\u017eiti. <strong>Osje\u0107a se spremnijom i sigurnijom za ulazak na tr\u017ei\u0161te rada<\/strong>, nadaju\u0107i se da \u0107e budu\u0107i poslodavci prepoznati njezine sposobnosti i motivaciju.<\/p>\n\n\n\n<p><strong>Poruka za druge mlade<\/strong><\/p>\n\n\n\n<p>Katarina poru\u010duje mladima koji tra\u017ee svoje mjesto na tr\u017ei\u0161tu rada da ne odustaju i da svakodnevno rade na sebi. <\/p>\n\n\n\n<blockquote class=\"wp-block-quote is-layout-flow wp-block-quote-is-layout-flow\">\n<p>\u201cUsavr\u0161avajte se koliko mo\u017eete, u\u010dite strane jezike, \u010ditajte knjige, prona\u0111ite hobi koji vas ispunjava i okru\u017eite se ljudima koji \u0107e vas podr\u017eavati u svemu dobrome \u0161to namjeravate,\u201d savjetuje.<\/p>\n<\/blockquote>\n\n\n\n<p>Za kraj, isti\u010de za\u0161to bi preporu\u010dila projekt <strong>YourJob<\/strong>: <\/p>\n\n\n\n<blockquote class=\"wp-block-quote is-layout-flow wp-block-quote-is-layout-flow\">\n<p>\u201cNosim najpozitivnija iskustva iz ovog projekta i sretna sam \u0161to sam bila dio toga. To je izvrsna prilika i odli\u010dan po\u010detak za sve mlade koji \u017eele usavr\u0161avanje na svim \u017eivotnim poljima.\u201d<\/p>\n<\/blockquote>\n","protected":false},"excerpt":{"rendered":"<p>Osobna pri\u010da i po\u010detak Katarina Miti\u0107 ro\u0111ena je i \u017eivi u Banjoj Luci. Zavr\u0161ila je osnovnu i srednju \u0161kolu, a potom i studij prehrambene tehnologije na Tehnolo\u0161kom fakultetu Sveu\u010dili\u0161ta u Banjoj Luci, stekav\u0161i zvanje dipl. ing. prehrambene tehnologije. Iako je oduvijek voljela istra\u017eiva\u010dki rad i rad u laboratoriju, shvatila je da je rad s ljudima [&hellip;]<\/p>\n","protected":false},"author":2,"featured_media":676,"comment_status":"open","ping_status":"open","sticky":false,"template":"","format":"standard","meta":{"footnotes":""},"categories":[1],"tags":[],"class_list":["post-674","post","type-post","status-publish","format-standard","has-post-thumbnail","hentry","category-price"],"yoast_head":"<!-- This site is optimized with the Yoast SEO plugin v27.4 - https:\/\/yoast.com\/product\/yoast-seo-wordpress\/ -->\n<title>Od laboratorija do klijenata: Katarina Miti\u0107 i njezino iskustvo s projektom YourJob - Potpora zapo\u0161ljivosti i mogu\u0107nostima zapo\u0161ljavanja mladih<\/title>\n<meta name=\"robots\" content=\"index, follow, max-snippet:-1, max-image-preview:large, max-video-preview:-1\" \/>\n<link rel=\"canonical\" href=\"https:\/\/yourjob.ba\/index.php\/2025\/10\/14\/od-laboratorija-do-klijenata-katarina-mitic-i-njezino-iskustvo-s-projektom-yourjob\/\" \/>\n<meta property=\"og:locale\" content=\"en_US\" \/>\n<meta property=\"og:type\" content=\"article\" \/>\n<meta property=\"og:title\" content=\"Od laboratorija do klijenata: Katarina Miti\u0107 i njezino iskustvo s projektom YourJob - Potpora zapo\u0161ljivosti i mogu\u0107nostima zapo\u0161ljavanja mladih\" \/>\n<meta property=\"og:description\" content=\"Osobna pri\u010da i po\u010detak Katarina Miti\u0107 ro\u0111ena je i \u017eivi u Banjoj Luci. Zavr\u0161ila je osnovnu i srednju \u0161kolu, a potom i studij prehrambene tehnologije na Tehnolo\u0161kom fakultetu Sveu\u010dili\u0161ta u Banjoj Luci, stekav\u0161i zvanje dipl. ing. prehrambene tehnologije. Iako je oduvijek voljela istra\u017eiva\u010dki rad i rad u laboratoriju, shvatila je da je rad s ljudima [&hellip;]\" \/>\n<meta property=\"og:url\" content=\"https:\/\/yourjob.ba\/index.php\/2025\/10\/14\/od-laboratorija-do-klijenata-katarina-mitic-i-njezino-iskustvo-s-projektom-yourjob\/\" \/>\n<meta property=\"og:site_name\" content=\"Potpora zapo\u0161ljivosti i mogu\u0107nostima zapo\u0161ljavanja mladih\" \/>\n<meta property=\"article:published_time\" content=\"2025-10-14T10:11:21+00:00\" \/>\n<meta property=\"article:modified_time\" content=\"2025-10-14T10:11:22+00:00\" \/>\n<meta property=\"og:image\" content=\"https:\/\/yourjob.ba\/wp-content\/uploads\/2025\/09\/4b9d5dfa-234e-4492-8cf6-f7fbe5d180ae-1024x768.png\" \/>\n\t<meta property=\"og:image:width\" content=\"1024\" \/>\n\t<meta property=\"og:image:height\" content=\"768\" \/>\n\t<meta property=\"og:image:type\" content=\"image\/png\" \/>\n<meta name=\"author\" content=\"Ivona VIda\u010dkovi\u0107\" \/>\n<meta name=\"twitter:card\" content=\"summary_large_image\" \/>\n<meta name=\"twitter:label1\" content=\"Written by\" \/>\n\t<meta name=\"twitter:data1\" content=\"Ivona VIda\u010dkovi\u0107\" \/>\n\t<meta name=\"twitter:label2\" content=\"Est. reading time\" \/>\n\t<meta name=\"twitter:data2\" content=\"3 minutes\" \/>\n<script type=\"application\/ld+json\" class=\"yoast-schema-graph\">{\"@context\":\"https:\\\/\\\/schema.org\",\"@graph\":[{\"@type\":\"WebPage\",\"@id\":\"https:\\\/\\\/yourjob.ba\\\/index.php\\\/2025\\\/10\\\/14\\\/od-laboratorija-do-klijenata-katarina-mitic-i-njezino-iskustvo-s-projektom-yourjob\\\/\",\"url\":\"https:\\\/\\\/yourjob.ba\\\/index.php\\\/2025\\\/10\\\/14\\\/od-laboratorija-do-klijenata-katarina-mitic-i-njezino-iskustvo-s-projektom-yourjob\\\/\",\"name\":\"Od laboratorija do klijenata: Katarina Miti\u0107 i njezino iskustvo s projektom YourJob - Potpora zapo\u0161ljivosti i mogu\u0107nostima zapo\u0161ljavanja mladih\",\"isPartOf\":{\"@id\":\"https:\\\/\\\/yourjob.ba\\\/#website\"},\"primaryImageOfPage\":{\"@id\":\"https:\\\/\\\/yourjob.ba\\\/index.php\\\/2025\\\/10\\\/14\\\/od-laboratorija-do-klijenata-katarina-mitic-i-njezino-iskustvo-s-projektom-yourjob\\\/#primaryimage\"},\"image\":{\"@id\":\"https:\\\/\\\/yourjob.ba\\\/index.php\\\/2025\\\/10\\\/14\\\/od-laboratorija-do-klijenata-katarina-mitic-i-njezino-iskustvo-s-projektom-yourjob\\\/#primaryimage\"},\"thumbnailUrl\":\"https:\\\/\\\/yourjob.ba\\\/wp-content\\\/uploads\\\/2025\\\/09\\\/4b9d5dfa-234e-4492-8cf6-f7fbe5d180ae.png\",\"datePublished\":\"2025-10-14T10:11:21+00:00\",\"dateModified\":\"2025-10-14T10:11:22+00:00\",\"breadcrumb\":{\"@id\":\"https:\\\/\\\/yourjob.ba\\\/index.php\\\/2025\\\/10\\\/14\\\/od-laboratorija-do-klijenata-katarina-mitic-i-njezino-iskustvo-s-projektom-yourjob\\\/#breadcrumb\"},\"inLanguage\":\"en-US\",\"potentialAction\":[{\"@type\":\"ReadAction\",\"target\":[\"https:\\\/\\\/yourjob.ba\\\/index.php\\\/2025\\\/10\\\/14\\\/od-laboratorija-do-klijenata-katarina-mitic-i-njezino-iskustvo-s-projektom-yourjob\\\/\"]}]},{\"@type\":\"ImageObject\",\"inLanguage\":\"en-US\",\"@id\":\"https:\\\/\\\/yourjob.ba\\\/index.php\\\/2025\\\/10\\\/14\\\/od-laboratorija-do-klijenata-katarina-mitic-i-njezino-iskustvo-s-projektom-yourjob\\\/#primaryimage\",\"url\":\"https:\\\/\\\/yourjob.ba\\\/wp-content\\\/uploads\\\/2025\\\/09\\\/4b9d5dfa-234e-4492-8cf6-f7fbe5d180ae.png\",\"contentUrl\":\"https:\\\/\\\/yourjob.ba\\\/wp-content\\\/uploads\\\/2025\\\/09\\\/4b9d5dfa-234e-4492-8cf6-f7fbe5d180ae.png\",\"width\":1911,\"height\":1433},{\"@type\":\"BreadcrumbList\",\"@id\":\"https:\\\/\\\/yourjob.ba\\\/index.php\\\/2025\\\/10\\\/14\\\/od-laboratorija-do-klijenata-katarina-mitic-i-njezino-iskustvo-s-projektom-yourjob\\\/#breadcrumb\",\"itemListElement\":[{\"@type\":\"ListItem\",\"position\":1,\"name\":\"Home\",\"item\":\"https:\\\/\\\/yourjob.ba\\\/\"},{\"@type\":\"ListItem\",\"position\":2,\"name\":\"Od laboratorija do klijenata: Katarina Miti\u0107 i njezino iskustvo s projektom YourJob\"}]},{\"@type\":\"WebSite\",\"@id\":\"https:\\\/\\\/yourjob.ba\\\/#website\",\"url\":\"https:\\\/\\\/yourjob.ba\\\/\",\"name\":\"Potpora zapo\u0161ljivosti i mogu\u0107nostima zapo\u0161ljavanja mladih\",\"description\":\"\",\"publisher\":{\"@id\":\"https:\\\/\\\/yourjob.ba\\\/#organization\"},\"alternateName\":\"YourJob\",\"potentialAction\":[{\"@type\":\"SearchAction\",\"target\":{\"@type\":\"EntryPoint\",\"urlTemplate\":\"https:\\\/\\\/yourjob.ba\\\/?s={search_term_string}\"},\"query-input\":{\"@type\":\"PropertyValueSpecification\",\"valueRequired\":true,\"valueName\":\"search_term_string\"}}],\"inLanguage\":\"en-US\"},{\"@type\":\"Organization\",\"@id\":\"https:\\\/\\\/yourjob.ba\\\/#organization\",\"name\":\"YourJob\",\"url\":\"https:\\\/\\\/yourjob.ba\\\/\",\"logo\":{\"@type\":\"ImageObject\",\"inLanguage\":\"en-US\",\"@id\":\"https:\\\/\\\/yourjob.ba\\\/#\\\/schema\\\/logo\\\/image\\\/\",\"url\":\"https:\\\/\\\/yourjob.ba\\\/wp-content\\\/uploads\\\/2024\\\/09\\\/logo-01.jpg\",\"contentUrl\":\"https:\\\/\\\/yourjob.ba\\\/wp-content\\\/uploads\\\/2024\\\/09\\\/logo-01.jpg\",\"width\":1803,\"height\":673,\"caption\":\"YourJob\"},\"image\":{\"@id\":\"https:\\\/\\\/yourjob.ba\\\/#\\\/schema\\\/logo\\\/image\\\/\"}}]}<\/script>\n<!-- \/ Yoast SEO plugin. -->","yoast_head_json":{"title":"Od laboratorija do klijenata: Katarina Miti\u0107 i njezino iskustvo s projektom YourJob - Potpora zapo\u0161ljivosti i mogu\u0107nostima zapo\u0161ljavanja mladih","robots":{"index":"index","follow":"follow","max-snippet":"max-snippet:-1","max-image-preview":"max-image-preview:large","max-video-preview":"max-video-preview:-1"},"canonical":"https:\/\/yourjob.ba\/index.php\/2025\/10\/14\/od-laboratorija-do-klijenata-katarina-mitic-i-njezino-iskustvo-s-projektom-yourjob\/","og_locale":"en_US","og_type":"article","og_title":"Od laboratorija do klijenata: Katarina Miti\u0107 i njezino iskustvo s projektom YourJob - Potpora zapo\u0161ljivosti i mogu\u0107nostima zapo\u0161ljavanja mladih","og_description":"Osobna pri\u010da i po\u010detak Katarina Miti\u0107 ro\u0111ena je i \u017eivi u Banjoj Luci. Zavr\u0161ila je osnovnu i srednju \u0161kolu, a potom i studij prehrambene tehnologije na Tehnolo\u0161kom fakultetu Sveu\u010dili\u0161ta u Banjoj Luci, stekav\u0161i zvanje dipl. ing. prehrambene tehnologije. Iako je oduvijek voljela istra\u017eiva\u010dki rad i rad u laboratoriju, shvatila je da je rad s ljudima [&hellip;]","og_url":"https:\/\/yourjob.ba\/index.php\/2025\/10\/14\/od-laboratorija-do-klijenata-katarina-mitic-i-njezino-iskustvo-s-projektom-yourjob\/","og_site_name":"Potpora zapo\u0161ljivosti i mogu\u0107nostima zapo\u0161ljavanja mladih","article_published_time":"2025-10-14T10:11:21+00:00","article_modified_time":"2025-10-14T10:11:22+00:00","og_image":[{"width":1024,"height":768,"url":"https:\/\/yourjob.ba\/wp-content\/uploads\/2025\/09\/4b9d5dfa-234e-4492-8cf6-f7fbe5d180ae-1024x768.png","type":"image\/png"}],"author":"Ivona VIda\u010dkovi\u0107","twitter_card":"summary_large_image","twitter_misc":{"Written by":"Ivona VIda\u010dkovi\u0107","Est. reading time":"3 minutes"},"schema":{"@context":"https:\/\/schema.org","@graph":[{"@type":"WebPage","@id":"https:\/\/yourjob.ba\/index.php\/2025\/10\/14\/od-laboratorija-do-klijenata-katarina-mitic-i-njezino-iskustvo-s-projektom-yourjob\/","url":"https:\/\/yourjob.ba\/index.php\/2025\/10\/14\/od-laboratorija-do-klijenata-katarina-mitic-i-njezino-iskustvo-s-projektom-yourjob\/","name":"Od laboratorija do klijenata: Katarina Miti\u0107 i njezino iskustvo s projektom YourJob - Potpora zapo\u0161ljivosti i mogu\u0107nostima zapo\u0161ljavanja mladih","isPartOf":{"@id":"https:\/\/yourjob.ba\/#website"},"primaryImageOfPage":{"@id":"https:\/\/yourjob.ba\/index.php\/2025\/10\/14\/od-laboratorija-do-klijenata-katarina-mitic-i-njezino-iskustvo-s-projektom-yourjob\/#primaryimage"},"image":{"@id":"https:\/\/yourjob.ba\/index.php\/2025\/10\/14\/od-laboratorija-do-klijenata-katarina-mitic-i-njezino-iskustvo-s-projektom-yourjob\/#primaryimage"},"thumbnailUrl":"https:\/\/yourjob.ba\/wp-content\/uploads\/2025\/09\/4b9d5dfa-234e-4492-8cf6-f7fbe5d180ae.png","datePublished":"2025-10-14T10:11:21+00:00","dateModified":"2025-10-14T10:11:22+00:00","breadcrumb":{"@id":"https:\/\/yourjob.ba\/index.php\/2025\/10\/14\/od-laboratorija-do-klijenata-katarina-mitic-i-njezino-iskustvo-s-projektom-yourjob\/#breadcrumb"},"inLanguage":"en-US","potentialAction":[{"@type":"ReadAction","target":["https:\/\/yourjob.ba\/index.php\/2025\/10\/14\/od-laboratorija-do-klijenata-katarina-mitic-i-njezino-iskustvo-s-projektom-yourjob\/"]}]},{"@type":"ImageObject","inLanguage":"en-US","@id":"https:\/\/yourjob.ba\/index.php\/2025\/10\/14\/od-laboratorija-do-klijenata-katarina-mitic-i-njezino-iskustvo-s-projektom-yourjob\/#primaryimage","url":"https:\/\/yourjob.ba\/wp-content\/uploads\/2025\/09\/4b9d5dfa-234e-4492-8cf6-f7fbe5d180ae.png","contentUrl":"https:\/\/yourjob.ba\/wp-content\/uploads\/2025\/09\/4b9d5dfa-234e-4492-8cf6-f7fbe5d180ae.png","width":1911,"height":1433},{"@type":"BreadcrumbList","@id":"https:\/\/yourjob.ba\/index.php\/2025\/10\/14\/od-laboratorija-do-klijenata-katarina-mitic-i-njezino-iskustvo-s-projektom-yourjob\/#breadcrumb","itemListElement":[{"@type":"ListItem","position":1,"name":"Home","item":"https:\/\/yourjob.ba\/"},{"@type":"ListItem","position":2,"name":"Od laboratorija do klijenata: Katarina Miti\u0107 i njezino iskustvo s projektom YourJob"}]},{"@type":"WebSite","@id":"https:\/\/yourjob.ba\/#website","url":"https:\/\/yourjob.ba\/","name":"Potpora zapo\u0161ljivosti i mogu\u0107nostima zapo\u0161ljavanja mladih","description":"","publisher":{"@id":"https:\/\/yourjob.ba\/#organization"},"alternateName":"YourJob","potentialAction":[{"@type":"SearchAction","target":{"@type":"EntryPoint","urlTemplate":"https:\/\/yourjob.ba\/?s={search_term_string}"},"query-input":{"@type":"PropertyValueSpecification","valueRequired":true,"valueName":"search_term_string"}}],"inLanguage":"en-US"},{"@type":"Organization","@id":"https:\/\/yourjob.ba\/#organization","name":"YourJob","url":"https:\/\/yourjob.ba\/","logo":{"@type":"ImageObject","inLanguage":"en-US","@id":"https:\/\/yourjob.ba\/#\/schema\/logo\/image\/","url":"https:\/\/yourjob.ba\/wp-content\/uploads\/2024\/09\/logo-01.jpg","contentUrl":"https:\/\/yourjob.ba\/wp-content\/uploads\/2024\/09\/logo-01.jpg","width":1803,"height":673,"caption":"YourJob"},"image":{"@id":"https:\/\/yourjob.ba\/#\/schema\/logo\/image\/"}}]}},"_links":{"self":[{"href":"https:\/\/yourjob.ba\/index.php\/wp-json\/wp\/v2\/posts\/674","targetHints":{"allow":["GET"]}}],"collection":[{"href":"https:\/\/yourjob.ba\/index.php\/wp-json\/wp\/v2\/posts"}],"about":[{"href":"https:\/\/yourjob.ba\/index.php\/wp-json\/wp\/v2\/types\/post"}],"author":[{"embeddable":true,"href":"https:\/\/yourjob.ba\/index.php\/wp-json\/wp\/v2\/users\/2"}],"replies":[{"embeddable":true,"href":"https:\/\/yourjob.ba\/index.php\/wp-json\/wp\/v2\/comments?post=674"}],"version-history":[{"count":2,"href":"https:\/\/yourjob.ba\/index.php\/wp-json\/wp\/v2\/posts\/674\/revisions"}],"predecessor-version":[{"id":683,"href":"https:\/\/yourjob.ba\/index.php\/wp-json\/wp\/v2\/posts\/674\/revisions\/683"}],"wp:featuredmedia":[{"embeddable":true,"href":"https:\/\/yourjob.ba\/index.php\/wp-json\/wp\/v2\/media\/676"}],"wp:attachment":[{"href":"https:\/\/yourjob.ba\/index.php\/wp-json\/wp\/v2\/media?parent=674"}],"wp:term":[{"taxonomy":"category","embeddable":true,"href":"https:\/\/yourjob.ba\/index.php\/wp-json\/wp\/v2\/categories?post=674"},{"taxonomy":"post_tag","embeddable":true,"href":"https:\/\/yourjob.ba\/index.php\/wp-json\/wp\/v2\/tags?post=674"}],"curies":[{"name":"wp","href":"https:\/\/api.w.org\/{rel}","templated":true}]}}