{"id":596,"date":"2025-11-04T10:35:18","date_gmt":"2025-11-04T10:35:18","guid":{"rendered":"https:\/\/yourjob.ba\/?p=596"},"modified":"2025-11-04T11:26:05","modified_gmt":"2025-11-04T11:26:05","slug":"lucija-vedri-osmijeh-kao-mjesto-ucenja-i-podrske","status":"publish","type":"post","link":"https:\/\/yourjob.ba\/index.php\/2025\/11\/04\/lucija-vedri-osmijeh-kao-mjesto-ucenja-i-podrske\/","title":{"rendered":"Lucija: Vedri osmijeh kao mjesto u\u010denja i podr\u0161ke"},"content":{"rendered":"\n<p><strong>Lucija<\/strong> dolazi iz Jajca, a svoj je \u017eivot vezala uz Mostar. U ovom gradu zavr\u0161ila je <strong>studij socijalnog rada<\/strong> i prona\u0161la priliku da kroz praksu poka\u017ee za\u0161to je odabrala ba\u0161 ovu struku.<\/p>\n\n\n\n<figure class=\"wp-block-image size-large\"><img loading=\"lazy\" decoding=\"async\" width=\"1024\" height=\"576\" src=\"https:\/\/yourjob.ba\/wp-content\/uploads\/2025\/11\/IMG-20250827-WA0002_01-1024x576.jpg\" alt=\"\" class=\"wp-image-786\" srcset=\"https:\/\/yourjob.ba\/wp-content\/uploads\/2025\/11\/IMG-20250827-WA0002_01-1024x576.jpg 1024w, https:\/\/yourjob.ba\/wp-content\/uploads\/2025\/11\/IMG-20250827-WA0002_01-300x169.jpg 300w, https:\/\/yourjob.ba\/wp-content\/uploads\/2025\/11\/IMG-20250827-WA0002_01-768x432.jpg 768w, https:\/\/yourjob.ba\/wp-content\/uploads\/2025\/11\/IMG-20250827-WA0002_01.jpg 1536w\" sizes=\"auto, (max-width: 1024px) 100vw, 1024px\" \/><\/figure>\n\n\n\n<p>\u201eOdabrala sam socijalni rad jer volim raditi s ljudima i \u017eelim pru\u017eati podr\u0161ku onima kojima je to najpotrebnije\u201c, ka\u017ee Lucija.<\/p>\n\n\n\n<p>Fakultet joj je dao \u010dvrste temelje, no iskustvo u <strong>udruzi &#8220;Vedri osmijeh&#8221; <\/strong>otvorilo joj je novi pogled na rad sa zajednicom. Obuka na radnom mjestu koju prolazi u ovoj udruzi, a u okviru <strong>YourJob programa<\/strong> kojeg podr\u017eavaju <strong>Europska unija<\/strong> i <strong>\u0160vedska<\/strong> kroz projekat <strong>EUzaZapo\u0161ljavanje<\/strong>, poma\u017ee joj da ste\u010deno znanje pretvori u konkretne vje\u0161tine, te gradi samopouzdanje u svakodnevnom radu.<\/p>\n\n\n\n<p>Udruga &#8220;Vedri osmijeh&#8221; djeluje <strong>na podru\u010dju Mostara od 2001. godine<\/strong>. Udrugu su osnovali roditelji osoba sa invaliditetom kako bi pobolj\u0161ali sudjelovanje osoba sa invaliditetom u svim aspektima njihovog \u017eivota, te time pove\u0107ali kvalitetu istog. U sklopu svog rada Udruga ima i <strong>dnevni centar gdje borave osobe sa intelektualnim i kombiniranim pote\u0161ko\u0107ama iznad 18 godina<\/strong>. <\/p>\n\n\n\n<figure class=\"wp-block-image size-large\"><img loading=\"lazy\" decoding=\"async\" width=\"768\" height=\"1024\" src=\"https:\/\/yourjob.ba\/wp-content\/uploads\/2025\/09\/IMG-20250827-WA0007-768x1024.jpg\" alt=\"\" class=\"wp-image-601\" srcset=\"https:\/\/yourjob.ba\/wp-content\/uploads\/2025\/09\/IMG-20250827-WA0007-768x1024.jpg 768w, https:\/\/yourjob.ba\/wp-content\/uploads\/2025\/09\/IMG-20250827-WA0007-225x300.jpg 225w, https:\/\/yourjob.ba\/wp-content\/uploads\/2025\/09\/IMG-20250827-WA0007-1152x1536.jpg 1152w, https:\/\/yourjob.ba\/wp-content\/uploads\/2025\/09\/IMG-20250827-WA0007.jpg 1536w\" sizes=\"auto, (max-width: 768px) 100vw, 768px\" \/><figcaption class=\"wp-element-caption\">Lucija tokom likovne radionice sa korisnicom udruge &#8220;Vedri osmijeh&#8221;<\/figcaption><\/figure>\n\n\n\n<h4 class=\"wp-block-heading\"><strong>\u017divot u Vedrom osmijehu<\/strong><\/h4>\n\n\n\n<p>Lucijin dan u Udruzi zapo\u010dinje pripremom aktivnosti, a nastavlja se radionicama, igrama i individualnim razgovorima s korisnicima. Uz to poma\u017ee u organizaciji dnevnih zadataka i uklju\u010duje se u kreativne i edukativne sadr\u017eaje. Upravo kroz ovakva iskustva, Lucija je otkrila koliko je va\u017eno brzo reagirati i prona\u0107i pravi pristup za svakog korisnika. <\/p>\n\n\n\n<p>\u201eNajkorisnije su bile radionice i prakti\u010dan rad jer sam mogla primijeniti teoriju u stvarnim situacijama\u201c, obja\u0161njava nam ona.<\/p>\n\n\n\n<figure class=\"wp-block-image size-large\"><img loading=\"lazy\" decoding=\"async\" width=\"1024\" height=\"768\" src=\"https:\/\/yourjob.ba\/wp-content\/uploads\/2025\/09\/IMG-20250827-WA0005_copy-1024x768.jpg\" alt=\"\" class=\"wp-image-598\" srcset=\"https:\/\/yourjob.ba\/wp-content\/uploads\/2025\/09\/IMG-20250827-WA0005_copy-1024x768.jpg 1024w, https:\/\/yourjob.ba\/wp-content\/uploads\/2025\/09\/IMG-20250827-WA0005_copy-300x225.jpg 300w, https:\/\/yourjob.ba\/wp-content\/uploads\/2025\/09\/IMG-20250827-WA0005_copy-768x576.jpg 768w, https:\/\/yourjob.ba\/wp-content\/uploads\/2025\/09\/IMG-20250827-WA0005_copy.jpg 1536w\" sizes=\"auto, (max-width: 1024px) 100vw, 1024px\" \/><figcaption class=\"wp-element-caption\">Lucija u razgovoru sa korisnicom dnevnog centra udruge Vedri osmijeh<\/figcaption><\/figure>\n\n\n\n<p><strong>Rad s korisnicima zahtijeva strpljenje, posve\u0107enost i aktivno slu\u0161anje.<\/strong> Pored navedenog, Lucija sa sobom donosi i ne\u0161to posebno &#8211; <strong>dugogodi\u0161nje iskustvo rada u kazali\u0161tu. <\/strong><\/p>\n\n\n\n<p>\u201eGluma mi svakako poma\u017ee u komunikaciji, izra\u017eavanju i kreativnom radu s korisnicima. Kroz kazali\u0161ne metode lak\u0161e uvodim elemente igre, improvizacije, \u0161to \u010desto poma\u017ee korisnicima da se opuste i izraze,\u201c ka\u017ee nam Lucija. <\/p>\n\n\n\n<p>Uz korisnike, <strong>va\u017enu ulogu imaju i njihove obitelji<\/strong>. Lucija sura\u0111uje s njima kroz izgradnju povjerenja i zajedni\u010dko planiranje, dok timski rad s kolegama \u010dini osnovu svakodnevnih aktivnosti. <\/p>\n\n\n\n<p>Za Luciju, oni najposebniji momenti dolaze ipak kao rezultat sasvim neo\u010dekivanih situacija. <\/p>\n\n\n\n<blockquote class=\"wp-block-quote is-layout-flow wp-block-quote-is-layout-flow\">\n<p>\u201eNajdra\u017ei trenuci su mi oni spontani, u kojima ple\u0161emo, pjevamo, smijemo se ili radimo neke aktivnosti koje radim sa prijateljima iz privatnog \u017eivota. U tim trenucima mogu vidjeti njihovu najiskreniju stranu,\u201c ka\u017ee nam Lucija.<\/p>\n<\/blockquote>\n\n\n\n<p><\/p>\n\n\n\n<figure class=\"wp-block-image size-large\"><img loading=\"lazy\" decoding=\"async\" width=\"1024\" height=\"768\" src=\"https:\/\/yourjob.ba\/wp-content\/uploads\/2025\/09\/IMG-20250827-WA0006-1-1024x768.jpg\" alt=\"\" class=\"wp-image-600\" srcset=\"https:\/\/yourjob.ba\/wp-content\/uploads\/2025\/09\/IMG-20250827-WA0006-1-1024x768.jpg 1024w, https:\/\/yourjob.ba\/wp-content\/uploads\/2025\/09\/IMG-20250827-WA0006-1-300x225.jpg 300w, https:\/\/yourjob.ba\/wp-content\/uploads\/2025\/09\/IMG-20250827-WA0006-1-768x576.jpg 768w, https:\/\/yourjob.ba\/wp-content\/uploads\/2025\/09\/IMG-20250827-WA0006-1-1536x1152.jpg 1536w, https:\/\/yourjob.ba\/wp-content\/uploads\/2025\/09\/IMG-20250827-WA0006-1-rotated.jpg 2048w\" sizes=\"auto, (max-width: 1024px) 100vw, 1024px\" \/><figcaption class=\"wp-element-caption\">Lucija sa korisnicom udruge Vedri osmijeh<\/figcaption><\/figure>\n\n\n\n<h4 class=\"wp-block-heading\"><strong>Rijetka prilika u zajednici<\/strong><\/h4>\n\n\n\n<p>Za Luciju mogu\u0107nost da radi u Mostaru ima veliku vrijednost. <\/p>\n\n\n\n<p>\u201eJako mi zna\u010di jer je ovo rijetka prilika da steknem iskustvo i poka\u017eem \u0161to znam u svojoj okolini. Smatram da je va\u017eno da i Mostar ima stru\u010dnjake u ovom polju,\u201c tvrdi Lucija. <\/p>\n\n\n\n<p>Obuka u Udruzi joj je dala priliku da <strong>razvija profesionalne kompetencije<\/strong>, ali i da <strong>doprinosi zajednici kojoj pripada<\/strong>. Iako jo\u0161 uvijek razmi\u0161lja o svom daljnjem karijernom putu, ono \u0161to je sigurno jeste da <strong>socijalni rad ostaje njen poziv<\/strong>. <\/p>\n\n\n\n<p>\u201eNadam se da \u0107u nastaviti raditi u struci, bilo kroz stalno zaposlenje ili projekte. Dugoro\u010dno, \u017eelim doprinijeti razvoju socijalnih usluga u zajednici i mo\u017eda se dodatno usavr\u0161avati kroz edukacije ili postdiplomske studije,\u201c ka\u017ee nam Lucija. <\/p>\n\n\n\n<figure class=\"wp-block-image size-large\"><img loading=\"lazy\" decoding=\"async\" width=\"1024\" height=\"768\" src=\"https:\/\/yourjob.ba\/wp-content\/uploads\/2025\/10\/IMG-20250827-WA0010-1024x768.jpg\" alt=\"\" class=\"wp-image-770\" srcset=\"https:\/\/yourjob.ba\/wp-content\/uploads\/2025\/10\/IMG-20250827-WA0010-1024x768.jpg 1024w, https:\/\/yourjob.ba\/wp-content\/uploads\/2025\/10\/IMG-20250827-WA0010-300x225.jpg 300w, https:\/\/yourjob.ba\/wp-content\/uploads\/2025\/10\/IMG-20250827-WA0010-768x576.jpg 768w, https:\/\/yourjob.ba\/wp-content\/uploads\/2025\/10\/IMG-20250827-WA0010-1536x1152.jpg 1536w, https:\/\/yourjob.ba\/wp-content\/uploads\/2025\/10\/IMG-20250827-WA0010.jpg 2048w\" sizes=\"auto, (max-width: 1024px) 100vw, 1024px\" \/><\/figure>\n\n\n\n<p><strong><em>Obuka na radnom mjestu u udruzi &#8220;Vedri osmijeh&#8221; realizira se u okviru projekta YourJob i incijative EUzaZapo\u0161ljavanje, koju financira Europska unija i \u0160vedska, uz provedbu Me\u0111unarodne organizacije rada u BiH.<\/em><\/strong><\/p>\n\n\n\n<figure class=\"wp-block-gallery has-nested-images columns-default is-cropped wp-block-gallery-1 is-layout-flex wp-block-gallery-is-layout-flex\">\n<figure class=\"wp-block-image size-large\"><img loading=\"lazy\" decoding=\"async\" width=\"681\" height=\"1024\" data-id=\"772\" src=\"https:\/\/yourjob.ba\/wp-content\/uploads\/2025\/10\/IMG-20250827-WA0004-681x1024.jpg\" alt=\"\" class=\"wp-image-772\" srcset=\"https:\/\/yourjob.ba\/wp-content\/uploads\/2025\/10\/IMG-20250827-WA0004-681x1024.jpg 681w, https:\/\/yourjob.ba\/wp-content\/uploads\/2025\/10\/IMG-20250827-WA0004-200x300.jpg 200w, https:\/\/yourjob.ba\/wp-content\/uploads\/2025\/10\/IMG-20250827-WA0004-768x1155.jpg 768w, https:\/\/yourjob.ba\/wp-content\/uploads\/2025\/10\/IMG-20250827-WA0004-1022x1536.jpg 1022w, https:\/\/yourjob.ba\/wp-content\/uploads\/2025\/10\/IMG-20250827-WA0004.jpg 1362w\" sizes=\"auto, (max-width: 681px) 100vw, 681px\" \/><\/figure>\n\n\n\n<figure class=\"wp-block-image size-large\"><img loading=\"lazy\" decoding=\"async\" width=\"768\" height=\"1024\" data-id=\"775\" src=\"https:\/\/yourjob.ba\/wp-content\/uploads\/2025\/10\/IMG-20250827-WA0008-768x1024.jpg\" alt=\"\" class=\"wp-image-775\" srcset=\"https:\/\/yourjob.ba\/wp-content\/uploads\/2025\/10\/IMG-20250827-WA0008-768x1024.jpg 768w, https:\/\/yourjob.ba\/wp-content\/uploads\/2025\/10\/IMG-20250827-WA0008-225x300.jpg 225w, https:\/\/yourjob.ba\/wp-content\/uploads\/2025\/10\/IMG-20250827-WA0008-1152x1536.jpg 1152w, https:\/\/yourjob.ba\/wp-content\/uploads\/2025\/10\/IMG-20250827-WA0008.jpg 1536w\" sizes=\"auto, (max-width: 768px) 100vw, 768px\" \/><\/figure>\n\n\n\n<figure class=\"wp-block-image size-large\"><img loading=\"lazy\" decoding=\"async\" width=\"768\" height=\"1024\" data-id=\"779\" src=\"https:\/\/yourjob.ba\/wp-content\/uploads\/2025\/10\/IMG-20250827-WA0009-768x1024.jpg\" alt=\"\" class=\"wp-image-779\" srcset=\"https:\/\/yourjob.ba\/wp-content\/uploads\/2025\/10\/IMG-20250827-WA0009-768x1024.jpg 768w, https:\/\/yourjob.ba\/wp-content\/uploads\/2025\/10\/IMG-20250827-WA0009-225x300.jpg 225w, https:\/\/yourjob.ba\/wp-content\/uploads\/2025\/10\/IMG-20250827-WA0009-1152x1536.jpg 1152w, https:\/\/yourjob.ba\/wp-content\/uploads\/2025\/10\/IMG-20250827-WA0009.jpg 1536w\" sizes=\"auto, (max-width: 768px) 100vw, 768px\" \/><\/figure>\n\n\n\n<figure class=\"wp-block-image size-large\"><img loading=\"lazy\" decoding=\"async\" width=\"768\" height=\"1024\" data-id=\"774\" src=\"https:\/\/yourjob.ba\/wp-content\/uploads\/2025\/10\/IMG-20250827-WA0011-768x1024.jpg\" alt=\"\" class=\"wp-image-774\" srcset=\"https:\/\/yourjob.ba\/wp-content\/uploads\/2025\/10\/IMG-20250827-WA0011-768x1024.jpg 768w, https:\/\/yourjob.ba\/wp-content\/uploads\/2025\/10\/IMG-20250827-WA0011-225x300.jpg 225w, https:\/\/yourjob.ba\/wp-content\/uploads\/2025\/10\/IMG-20250827-WA0011-1152x1536.jpg 1152w, https:\/\/yourjob.ba\/wp-content\/uploads\/2025\/10\/IMG-20250827-WA0011.jpg 1536w\" sizes=\"auto, (max-width: 768px) 100vw, 768px\" \/><\/figure>\n<\/figure>\n","protected":false},"excerpt":{"rendered":"<p>Lucija dolazi iz Jajca, a svoj je \u017eivot vezala uz Mostar. U ovom gradu zavr\u0161ila je studij socijalnog rada i prona\u0161la priliku da kroz praksu poka\u017ee za\u0161to je odabrala ba\u0161 ovu struku. \u201eOdabrala sam socijalni rad jer volim raditi s ljudima i \u017eelim pru\u017eati podr\u0161ku onima kojima je to najpotrebnije\u201c, ka\u017ee Lucija. Fakultet joj je [&hellip;]<\/p>\n","protected":false},"author":3,"featured_media":597,"comment_status":"open","ping_status":"open","sticky":false,"template":"","format":"standard","meta":{"footnotes":""},"categories":[1],"tags":[],"class_list":["post-596","post","type-post","status-publish","format-standard","has-post-thumbnail","hentry","category-price"],"yoast_head":"<!-- This site is optimized with the Yoast SEO plugin v27.5 - https:\/\/yoast.com\/product\/yoast-seo-wordpress\/ -->\n<title>Lucija: Vedri osmijeh kao mjesto u\u010denja i podr\u0161ke - Potpora zapo\u0161ljivosti i mogu\u0107nostima zapo\u0161ljavanja mladih<\/title>\n<meta name=\"robots\" content=\"index, follow, max-snippet:-1, max-image-preview:large, max-video-preview:-1\" \/>\n<link rel=\"canonical\" href=\"https:\/\/yourjob.ba\/index.php\/2025\/11\/04\/lucija-vedri-osmijeh-kao-mjesto-ucenja-i-podrske\/\" \/>\n<meta property=\"og:locale\" content=\"en_US\" \/>\n<meta property=\"og:type\" content=\"article\" \/>\n<meta property=\"og:title\" content=\"Lucija: Vedri osmijeh kao mjesto u\u010denja i podr\u0161ke - Potpora zapo\u0161ljivosti i mogu\u0107nostima zapo\u0161ljavanja mladih\" \/>\n<meta property=\"og:description\" content=\"Lucija dolazi iz Jajca, a svoj je \u017eivot vezala uz Mostar. U ovom gradu zavr\u0161ila je studij socijalnog rada i prona\u0161la priliku da kroz praksu poka\u017ee za\u0161to je odabrala ba\u0161 ovu struku. \u201eOdabrala sam socijalni rad jer volim raditi s ljudima i \u017eelim pru\u017eati podr\u0161ku onima kojima je to najpotrebnije\u201c, ka\u017ee Lucija. Fakultet joj je [&hellip;]\" \/>\n<meta property=\"og:url\" content=\"https:\/\/yourjob.ba\/index.php\/2025\/11\/04\/lucija-vedri-osmijeh-kao-mjesto-ucenja-i-podrske\/\" \/>\n<meta property=\"og:site_name\" content=\"Potpora zapo\u0161ljivosti i mogu\u0107nostima zapo\u0161ljavanja mladih\" \/>\n<meta property=\"article:published_time\" content=\"2025-11-04T10:35:18+00:00\" \/>\n<meta property=\"article:modified_time\" content=\"2025-11-04T11:26:05+00:00\" \/>\n<meta property=\"og:image\" content=\"https:\/\/yourjob.ba\/wp-content\/uploads\/2025\/09\/IMG-20250827-WA0002_01.jpg\" \/>\n\t<meta property=\"og:image:width\" content=\"1536\" \/>\n\t<meta property=\"og:image:height\" content=\"864\" \/>\n\t<meta property=\"og:image:type\" content=\"image\/jpeg\" \/>\n<meta name=\"author\" content=\"Selma\" \/>\n<meta name=\"twitter:card\" content=\"summary_large_image\" \/>\n<meta name=\"twitter:label1\" content=\"Written by\" \/>\n\t<meta name=\"twitter:data1\" content=\"Selma\" \/>\n\t<meta name=\"twitter:label2\" content=\"Est. reading time\" \/>\n\t<meta name=\"twitter:data2\" content=\"3 minutes\" \/>\n<script type=\"application\/ld+json\" class=\"yoast-schema-graph\">{\"@context\":\"https:\\\/\\\/schema.org\",\"@graph\":[{\"@type\":\"WebPage\",\"@id\":\"https:\\\/\\\/yourjob.ba\\\/index.php\\\/2025\\\/11\\\/04\\\/lucija-vedri-osmijeh-kao-mjesto-ucenja-i-podrske\\\/\",\"url\":\"https:\\\/\\\/yourjob.ba\\\/index.php\\\/2025\\\/11\\\/04\\\/lucija-vedri-osmijeh-kao-mjesto-ucenja-i-podrske\\\/\",\"name\":\"Lucija: Vedri osmijeh kao mjesto u\u010denja i podr\u0161ke - Potpora zapo\u0161ljivosti i mogu\u0107nostima zapo\u0161ljavanja mladih\",\"isPartOf\":{\"@id\":\"https:\\\/\\\/yourjob.ba\\\/#website\"},\"primaryImageOfPage\":{\"@id\":\"https:\\\/\\\/yourjob.ba\\\/index.php\\\/2025\\\/11\\\/04\\\/lucija-vedri-osmijeh-kao-mjesto-ucenja-i-podrske\\\/#primaryimage\"},\"image\":{\"@id\":\"https:\\\/\\\/yourjob.ba\\\/index.php\\\/2025\\\/11\\\/04\\\/lucija-vedri-osmijeh-kao-mjesto-ucenja-i-podrske\\\/#primaryimage\"},\"thumbnailUrl\":\"https:\\\/\\\/yourjob.ba\\\/wp-content\\\/uploads\\\/2025\\\/09\\\/IMG-20250827-WA0002_01.jpg\",\"datePublished\":\"2025-11-04T10:35:18+00:00\",\"dateModified\":\"2025-11-04T11:26:05+00:00\",\"breadcrumb\":{\"@id\":\"https:\\\/\\\/yourjob.ba\\\/index.php\\\/2025\\\/11\\\/04\\\/lucija-vedri-osmijeh-kao-mjesto-ucenja-i-podrske\\\/#breadcrumb\"},\"inLanguage\":\"en-US\",\"potentialAction\":[{\"@type\":\"ReadAction\",\"target\":[\"https:\\\/\\\/yourjob.ba\\\/index.php\\\/2025\\\/11\\\/04\\\/lucija-vedri-osmijeh-kao-mjesto-ucenja-i-podrske\\\/\"]}]},{\"@type\":\"ImageObject\",\"inLanguage\":\"en-US\",\"@id\":\"https:\\\/\\\/yourjob.ba\\\/index.php\\\/2025\\\/11\\\/04\\\/lucija-vedri-osmijeh-kao-mjesto-ucenja-i-podrske\\\/#primaryimage\",\"url\":\"https:\\\/\\\/yourjob.ba\\\/wp-content\\\/uploads\\\/2025\\\/09\\\/IMG-20250827-WA0002_01.jpg\",\"contentUrl\":\"https:\\\/\\\/yourjob.ba\\\/wp-content\\\/uploads\\\/2025\\\/09\\\/IMG-20250827-WA0002_01.jpg\",\"width\":1536,\"height\":864},{\"@type\":\"BreadcrumbList\",\"@id\":\"https:\\\/\\\/yourjob.ba\\\/index.php\\\/2025\\\/11\\\/04\\\/lucija-vedri-osmijeh-kao-mjesto-ucenja-i-podrske\\\/#breadcrumb\",\"itemListElement\":[{\"@type\":\"ListItem\",\"position\":1,\"name\":\"Home\",\"item\":\"https:\\\/\\\/yourjob.ba\\\/\"},{\"@type\":\"ListItem\",\"position\":2,\"name\":\"Lucija: Vedri osmijeh kao mjesto u\u010denja i podr\u0161ke\"}]},{\"@type\":\"WebSite\",\"@id\":\"https:\\\/\\\/yourjob.ba\\\/#website\",\"url\":\"https:\\\/\\\/yourjob.ba\\\/\",\"name\":\"Potpora zapo\u0161ljivosti i mogu\u0107nostima zapo\u0161ljavanja mladih\",\"description\":\"\",\"publisher\":{\"@id\":\"https:\\\/\\\/yourjob.ba\\\/#organization\"},\"alternateName\":\"YourJob\",\"potentialAction\":[{\"@type\":\"SearchAction\",\"target\":{\"@type\":\"EntryPoint\",\"urlTemplate\":\"https:\\\/\\\/yourjob.ba\\\/?s={search_term_string}\"},\"query-input\":{\"@type\":\"PropertyValueSpecification\",\"valueRequired\":true,\"valueName\":\"search_term_string\"}}],\"inLanguage\":\"en-US\"},{\"@type\":\"Organization\",\"@id\":\"https:\\\/\\\/yourjob.ba\\\/#organization\",\"name\":\"YourJob\",\"url\":\"https:\\\/\\\/yourjob.ba\\\/\",\"logo\":{\"@type\":\"ImageObject\",\"inLanguage\":\"en-US\",\"@id\":\"https:\\\/\\\/yourjob.ba\\\/#\\\/schema\\\/logo\\\/image\\\/\",\"url\":\"https:\\\/\\\/yourjob.ba\\\/wp-content\\\/uploads\\\/2024\\\/09\\\/logo-01.jpg\",\"contentUrl\":\"https:\\\/\\\/yourjob.ba\\\/wp-content\\\/uploads\\\/2024\\\/09\\\/logo-01.jpg\",\"width\":1803,\"height\":673,\"caption\":\"YourJob\"},\"image\":{\"@id\":\"https:\\\/\\\/yourjob.ba\\\/#\\\/schema\\\/logo\\\/image\\\/\"}}]}<\/script>\n<!-- \/ Yoast SEO plugin. -->","yoast_head_json":{"title":"Lucija: Vedri osmijeh kao mjesto u\u010denja i podr\u0161ke - Potpora zapo\u0161ljivosti i mogu\u0107nostima zapo\u0161ljavanja mladih","robots":{"index":"index","follow":"follow","max-snippet":"max-snippet:-1","max-image-preview":"max-image-preview:large","max-video-preview":"max-video-preview:-1"},"canonical":"https:\/\/yourjob.ba\/index.php\/2025\/11\/04\/lucija-vedri-osmijeh-kao-mjesto-ucenja-i-podrske\/","og_locale":"en_US","og_type":"article","og_title":"Lucija: Vedri osmijeh kao mjesto u\u010denja i podr\u0161ke - Potpora zapo\u0161ljivosti i mogu\u0107nostima zapo\u0161ljavanja mladih","og_description":"Lucija dolazi iz Jajca, a svoj je \u017eivot vezala uz Mostar. U ovom gradu zavr\u0161ila je studij socijalnog rada i prona\u0161la priliku da kroz praksu poka\u017ee za\u0161to je odabrala ba\u0161 ovu struku. \u201eOdabrala sam socijalni rad jer volim raditi s ljudima i \u017eelim pru\u017eati podr\u0161ku onima kojima je to najpotrebnije\u201c, ka\u017ee Lucija. Fakultet joj je [&hellip;]","og_url":"https:\/\/yourjob.ba\/index.php\/2025\/11\/04\/lucija-vedri-osmijeh-kao-mjesto-ucenja-i-podrske\/","og_site_name":"Potpora zapo\u0161ljivosti i mogu\u0107nostima zapo\u0161ljavanja mladih","article_published_time":"2025-11-04T10:35:18+00:00","article_modified_time":"2025-11-04T11:26:05+00:00","og_image":[{"width":1536,"height":864,"url":"https:\/\/yourjob.ba\/wp-content\/uploads\/2025\/09\/IMG-20250827-WA0002_01.jpg","type":"image\/jpeg"}],"author":"Selma","twitter_card":"summary_large_image","twitter_misc":{"Written by":"Selma","Est. reading time":"3 minutes"},"schema":{"@context":"https:\/\/schema.org","@graph":[{"@type":"WebPage","@id":"https:\/\/yourjob.ba\/index.php\/2025\/11\/04\/lucija-vedri-osmijeh-kao-mjesto-ucenja-i-podrske\/","url":"https:\/\/yourjob.ba\/index.php\/2025\/11\/04\/lucija-vedri-osmijeh-kao-mjesto-ucenja-i-podrske\/","name":"Lucija: Vedri osmijeh kao mjesto u\u010denja i podr\u0161ke - Potpora zapo\u0161ljivosti i mogu\u0107nostima zapo\u0161ljavanja mladih","isPartOf":{"@id":"https:\/\/yourjob.ba\/#website"},"primaryImageOfPage":{"@id":"https:\/\/yourjob.ba\/index.php\/2025\/11\/04\/lucija-vedri-osmijeh-kao-mjesto-ucenja-i-podrske\/#primaryimage"},"image":{"@id":"https:\/\/yourjob.ba\/index.php\/2025\/11\/04\/lucija-vedri-osmijeh-kao-mjesto-ucenja-i-podrske\/#primaryimage"},"thumbnailUrl":"https:\/\/yourjob.ba\/wp-content\/uploads\/2025\/09\/IMG-20250827-WA0002_01.jpg","datePublished":"2025-11-04T10:35:18+00:00","dateModified":"2025-11-04T11:26:05+00:00","breadcrumb":{"@id":"https:\/\/yourjob.ba\/index.php\/2025\/11\/04\/lucija-vedri-osmijeh-kao-mjesto-ucenja-i-podrske\/#breadcrumb"},"inLanguage":"en-US","potentialAction":[{"@type":"ReadAction","target":["https:\/\/yourjob.ba\/index.php\/2025\/11\/04\/lucija-vedri-osmijeh-kao-mjesto-ucenja-i-podrske\/"]}]},{"@type":"ImageObject","inLanguage":"en-US","@id":"https:\/\/yourjob.ba\/index.php\/2025\/11\/04\/lucija-vedri-osmijeh-kao-mjesto-ucenja-i-podrske\/#primaryimage","url":"https:\/\/yourjob.ba\/wp-content\/uploads\/2025\/09\/IMG-20250827-WA0002_01.jpg","contentUrl":"https:\/\/yourjob.ba\/wp-content\/uploads\/2025\/09\/IMG-20250827-WA0002_01.jpg","width":1536,"height":864},{"@type":"BreadcrumbList","@id":"https:\/\/yourjob.ba\/index.php\/2025\/11\/04\/lucija-vedri-osmijeh-kao-mjesto-ucenja-i-podrske\/#breadcrumb","itemListElement":[{"@type":"ListItem","position":1,"name":"Home","item":"https:\/\/yourjob.ba\/"},{"@type":"ListItem","position":2,"name":"Lucija: Vedri osmijeh kao mjesto u\u010denja i podr\u0161ke"}]},{"@type":"WebSite","@id":"https:\/\/yourjob.ba\/#website","url":"https:\/\/yourjob.ba\/","name":"Potpora zapo\u0161ljivosti i mogu\u0107nostima zapo\u0161ljavanja mladih","description":"","publisher":{"@id":"https:\/\/yourjob.ba\/#organization"},"alternateName":"YourJob","potentialAction":[{"@type":"SearchAction","target":{"@type":"EntryPoint","urlTemplate":"https:\/\/yourjob.ba\/?s={search_term_string}"},"query-input":{"@type":"PropertyValueSpecification","valueRequired":true,"valueName":"search_term_string"}}],"inLanguage":"en-US"},{"@type":"Organization","@id":"https:\/\/yourjob.ba\/#organization","name":"YourJob","url":"https:\/\/yourjob.ba\/","logo":{"@type":"ImageObject","inLanguage":"en-US","@id":"https:\/\/yourjob.ba\/#\/schema\/logo\/image\/","url":"https:\/\/yourjob.ba\/wp-content\/uploads\/2024\/09\/logo-01.jpg","contentUrl":"https:\/\/yourjob.ba\/wp-content\/uploads\/2024\/09\/logo-01.jpg","width":1803,"height":673,"caption":"YourJob"},"image":{"@id":"https:\/\/yourjob.ba\/#\/schema\/logo\/image\/"}}]}},"_links":{"self":[{"href":"https:\/\/yourjob.ba\/index.php\/wp-json\/wp\/v2\/posts\/596","targetHints":{"allow":["GET"]}}],"collection":[{"href":"https:\/\/yourjob.ba\/index.php\/wp-json\/wp\/v2\/posts"}],"about":[{"href":"https:\/\/yourjob.ba\/index.php\/wp-json\/wp\/v2\/types\/post"}],"author":[{"embeddable":true,"href":"https:\/\/yourjob.ba\/index.php\/wp-json\/wp\/v2\/users\/3"}],"replies":[{"embeddable":true,"href":"https:\/\/yourjob.ba\/index.php\/wp-json\/wp\/v2\/comments?post=596"}],"version-history":[{"count":6,"href":"https:\/\/yourjob.ba\/index.php\/wp-json\/wp\/v2\/posts\/596\/revisions"}],"predecessor-version":[{"id":789,"href":"https:\/\/yourjob.ba\/index.php\/wp-json\/wp\/v2\/posts\/596\/revisions\/789"}],"wp:featuredmedia":[{"embeddable":true,"href":"https:\/\/yourjob.ba\/index.php\/wp-json\/wp\/v2\/media\/597"}],"wp:attachment":[{"href":"https:\/\/yourjob.ba\/index.php\/wp-json\/wp\/v2\/media?parent=596"}],"wp:term":[{"taxonomy":"category","embeddable":true,"href":"https:\/\/yourjob.ba\/index.php\/wp-json\/wp\/v2\/categories?post=596"},{"taxonomy":"post_tag","embeddable":true,"href":"https:\/\/yourjob.ba\/index.php\/wp-json\/wp\/v2\/tags?post=596"}],"curies":[{"name":"wp","href":"https:\/\/api.w.org\/{rel}","templated":true}]}}