{"id":585,"date":"2025-11-19T12:01:21","date_gmt":"2025-11-19T12:01:21","guid":{"rendered":"https:\/\/yourjob.ba\/?p=585"},"modified":"2025-11-19T12:01:22","modified_gmt":"2025-11-19T12:01:22","slug":"ivo-osnazivanje-mladih-kroz-znanje-i-praksu","status":"publish","type":"post","link":"https:\/\/yourjob.ba\/index.php\/2025\/11\/19\/ivo-osnazivanje-mladih-kroz-znanje-i-praksu\/","title":{"rendered":"Ivo: Osna\u017eivanje mladih kroz znanje i praksu"},"content":{"rendered":"\n<p><strong>Ivo iz Mostara<\/strong> ve\u0107 vi\u0161e od <strong>deset godina radi s mladima<\/strong>, grade\u0107i mostove izme\u0111u obrazovanja i tr\u017ei\u0161ta rada. Po struci je <strong>magistar ekonomije<\/strong>, a njegova strast prema obrazovanju i radu s ljudima oblikovala ga je u trenera i facilitator\u0430 \u010dije radionice mladima nude prostor za rast i samopouzdanje.<\/p>\n\n\n\n<p>\u201eOsje\u0107am se nadahnut prenositi znanje na druge, ali usmjeravati taj proces da sami shvate ako rade neke gre\u0161ke, koje su to gre\u0161ke i kako ih ispraviti,\u201c ka\u017ee nam Ivo.<\/p>\n\n\n\n<p>Njegov put u program YourJob po\u010deo je 2019. godine, dok je obavljao funkcije predsjednika Vije\u0107a mladih Grada Mostara i Studentskog zbora Sveu\u010dili\u0161ta u Mostaru. U to vrijeme potpisao je sporazume o podr\u0161ci realizaciji projekta i od tada je, kako ka\u017ee, bio odu\u0161evljen njegovim ciljevima. Posebno ga je privukla \u010dinjenica da se fokus stavlja na mlade bez prethodnog radnog iskustva.<\/p>\n\n\n\n<h4 class=\"wp-block-heading\"><strong>U\u010denje kroz praksu<\/strong><\/h4>\n\n\n\n<figure class=\"wp-block-image size-large\"><img loading=\"lazy\" decoding=\"async\" width=\"2560\" height=\"1440\" src=\"https:\/\/yourjob.ba\/wp-content\/uploads\/2025\/09\/IMG_8136-edited-scaled.jpg\" alt=\"\" class=\"wp-image-591\" srcset=\"https:\/\/yourjob.ba\/wp-content\/uploads\/2025\/09\/IMG_8136-edited-scaled.jpg 2560w, https:\/\/yourjob.ba\/wp-content\/uploads\/2025\/09\/IMG_8136-edited-300x169.jpg 300w, https:\/\/yourjob.ba\/wp-content\/uploads\/2025\/09\/IMG_8136-edited-1024x576.jpg 1024w, https:\/\/yourjob.ba\/wp-content\/uploads\/2025\/09\/IMG_8136-edited-768x432.jpg 768w, https:\/\/yourjob.ba\/wp-content\/uploads\/2025\/09\/IMG_8136-edited-1536x864.jpg 1536w, https:\/\/yourjob.ba\/wp-content\/uploads\/2025\/09\/IMG_8136-edited-2048x1152.jpg 2048w\" sizes=\"auto, (max-width: 2560px) 100vw, 2560px\" \/><figcaption class=\"wp-element-caption\">Ivo na otvaranju Obuke za aktivno tra\u017eenje posla<\/figcaption><\/figure>\n\n\n\n<p>Na nedavnoj obuci o <strong>aktivnom tra\u017eenju posla<\/strong>, koja je odr\u017eana u okviru <strong>programa YourJob<\/strong> kojeg podr\u017eavaju <strong>Europska unija<\/strong> i <strong>\u0160vedska<\/strong> kroz projekt <strong>EUzaZapo\u0161ljavanje<\/strong>, Ivo je polaznike u\u010dio<strong> kako prepoznati vlastite vje\u0161tine i predstaviti ih kroz \u017eivotopis<\/strong>, <strong>motivacijsko pismo i intervju<\/strong>.<\/p>\n\n\n\n<p>\u201eCilj je bio da svaki sudionik nakon radionice zna ne samo gdje tra\u017eiti posao, ve\u0107 i kako se predstaviti kao ozbiljan i kompetentan kandidat,\u201c obja\u0161njava Ivo.<\/p>\n\n\n\n<p>Najva\u017eniji trenuci radionica za njega su oni kada vidi da u\u010desnici otkrivaju vlastitu vrijednost.<\/p>\n\n\n\n<p>\u201eOsjetio sam mnoge sudionike da su jako samokriti\u010dni prema sebi i da nisu svjesni koliko vrijede i koje sve bitne vje\u0161tine posjeduju,\u201c prisje\u0107a se.<\/p>\n\n\n\n<p>U tim trenucima mentorstva, njegovo ohrabrivanje mladima otvara novi pogled na vlastite mogu\u0107nosti.<\/p>\n\n\n\n<figure class=\"wp-block-image size-large\"><img loading=\"lazy\" decoding=\"async\" width=\"1024\" height=\"768\" src=\"https:\/\/yourjob.ba\/wp-content\/uploads\/2025\/09\/IMG_8130-1-1024x768.jpg\" alt=\"\" class=\"wp-image-592\" srcset=\"https:\/\/yourjob.ba\/wp-content\/uploads\/2025\/09\/IMG_8130-1-1024x768.jpg 1024w, https:\/\/yourjob.ba\/wp-content\/uploads\/2025\/09\/IMG_8130-1-300x225.jpg 300w, https:\/\/yourjob.ba\/wp-content\/uploads\/2025\/09\/IMG_8130-1-768x576.jpg 768w, https:\/\/yourjob.ba\/wp-content\/uploads\/2025\/09\/IMG_8130-1-1536x1152.jpg 1536w, https:\/\/yourjob.ba\/wp-content\/uploads\/2025\/09\/IMG_8130-1-2048x1536.jpg 2048w\" sizes=\"auto, (max-width: 1024px) 100vw, 1024px\" \/><figcaption class=\"wp-element-caption\">Individualna sesija o pobolj\u0161anju \u017eivotopisa sa polaznicima Obuke za aktivno tra\u017eenje posla<\/figcaption><\/figure>\n\n\n\n<p>Za njega je interaktivan i prakti\u010dan pristup klju\u010dan. Simulacije razgovora za posao i vje\u017ebanje komunikacijskih vje\u0161tina nude mladima siguran prostor u kojem mogu poku\u0161ati, pogrije\u0161iti i ponovo poku\u0161ati, bez straha od osude.<\/p>\n\n\n\n<p>\u201eUvjeren sam da na prvom &#8216;pravom&#8217; intervjuu za posao \u0107e biti puno opu\u0161teniji i sa ve\u0107om razinom samopouzdanja,\u201c ka\u017ee Ivo.<\/p>\n\n\n\n<p>Svoje iskustvo tokom studija vidi kao dokaz da <strong>formalno obrazovanje \u010desto ne pru\u017ea dovoljno prakti\u010dnih znanja.<\/strong> Zato u svakoj radionici nastoji nadoknaditi taj jaz, osna\u017euju\u0107i mlade kroz prakti\u010dne alate i vje\u017ebe.<\/p>\n\n\n\n<blockquote class=\"wp-block-quote is-layout-flow wp-block-quote-is-layout-flow\">\n<p>\u201eDobijemo diplomu, a su\u0161tinski nikakvu pravu vrijednost i vje\u0161tinu nemamo sa sobom,\u201c isti\u010de Ivo.<\/p>\n<\/blockquote>\n\n\n\n<p>Povratna informacija koju dobiva od u\u010desnika potvr\u0111uje da ovakav pristup itekako ima smisla.<\/p>\n\n\n\n<p>\u201eBilo mi je iznimno zadovoljstvo vidjeti koliko su mladi zahvalni da im netko postavlja pitanja i tra\u017ei njihovo mi\u0161ljenje,\u201c pri\u010da on.<\/p>\n\n\n\n<p>U raspravama o moralu i filozofiji rada, \u010desto podsje\u0107a u\u010desnike da se <strong>prvi posao ne bira, ve\u0107 prihvati kao prilika za stjecanje iskustva.<\/strong><\/p>\n\n\n\n<figure class=\"wp-block-image size-large\"><img loading=\"lazy\" decoding=\"async\" width=\"1024\" height=\"576\" src=\"https:\/\/yourjob.ba\/wp-content\/uploads\/2025\/09\/image00013_-1024x576.jpeg\" alt=\"\" class=\"wp-image-588\" srcset=\"https:\/\/yourjob.ba\/wp-content\/uploads\/2025\/09\/image00013_-1024x576.jpeg 1024w, https:\/\/yourjob.ba\/wp-content\/uploads\/2025\/09\/image00013_-300x169.jpeg 300w, https:\/\/yourjob.ba\/wp-content\/uploads\/2025\/09\/image00013_-768x432.jpeg 768w, https:\/\/yourjob.ba\/wp-content\/uploads\/2025\/09\/image00013_-1536x864.jpeg 1536w, https:\/\/yourjob.ba\/wp-content\/uploads\/2025\/09\/image00013_-2048x1152.jpeg 2048w\" sizes=\"auto, (max-width: 1024px) 100vw, 1024px\" \/><figcaption class=\"wp-element-caption\">Ivo tokom vje\u017ebe upoznavanja sa polaznicima Obuke za aktivno tra\u017eenje posla<\/figcaption><\/figure>\n\n\n\n<h4 class=\"wp-block-heading\"><strong>Principi rada sa mladima<\/strong><\/h4>\n\n\n\n<p>Trenerski rad Ivo gradi na principima aktivnog sudjelovanja i me\u0111usobnog po\u0161tovanja. Svaka mlada osoba, ka\u017ee, ima svoj tempo i potencijal. Kroz individualizirani pristup nastoji pomo\u0107i da prepoznaju svoje snage i uvide koliko vrijede.<\/p>\n\n\n\n<p>Posebne uspomene s radionica ostaju mu i u trenucima humora i spontanosti. Prisje\u0107a se jedne situacije na radionici poslovnih komunikacija kada je jedan polaznik opisao kako je uspje\u0161no ispregovarao povi\u0161icu.<\/p>\n\n\n\n<p>\u201eJednostavno itko od nas u prostoriji, uklju\u010duju\u0107i i mene, nije mogao odoljeti da se ne nasmije do suza,\u201c govori Ivo.<\/p>\n\n\n\n<figure class=\"wp-block-image size-large\"><img loading=\"lazy\" decoding=\"async\" width=\"1024\" height=\"576\" src=\"https:\/\/yourjob.ba\/wp-content\/uploads\/2025\/09\/image00014-1024x576.jpeg\" alt=\"\" class=\"wp-image-590\" srcset=\"https:\/\/yourjob.ba\/wp-content\/uploads\/2025\/09\/image00014-1024x576.jpeg 1024w, https:\/\/yourjob.ba\/wp-content\/uploads\/2025\/09\/image00014-300x169.jpeg 300w, https:\/\/yourjob.ba\/wp-content\/uploads\/2025\/09\/image00014-768x432.jpeg 768w, https:\/\/yourjob.ba\/wp-content\/uploads\/2025\/09\/image00014-1536x864.jpeg 1536w, https:\/\/yourjob.ba\/wp-content\/uploads\/2025\/09\/image00014-2048x1152.jpeg 2048w\" sizes=\"auto, (max-width: 1024px) 100vw, 1024px\" \/><figcaption class=\"wp-element-caption\">Ivo tokom Obuke za aktivno tra\u017eenje posla<\/figcaption><\/figure>\n\n\n\n<h4 class=\"wp-block-heading\"><strong>Volontiranje kao klju\u010d uspjeha<\/strong><\/h4>\n\n\n\n<p>Iako isti\u010de da mladima u BiH nedostaje prakti\u010dnih znanja i iskustava, uvjeren je da se to mo\u017ee nadoknaditi volonterskim radom i praksama.<\/p>\n\n\n\n<p>\u201eNijedan ulo\u017een trud u sebe ne pro\u0111e bez nagrade, barem kasnije,\u201c poru\u010duje on.<\/p>\n\n\n\n<p>Ivina motivacija dolazi iz vlastitog iskustva. Kao srednjo\u0161kolac i student, dobio je priliku i\u0107i na seminare i radionice koje su ga oblikovale.<\/p>\n\n\n\n<p>\u201eImam neku potrebu vratiti zajednici ono \u0161to sam dobio,\u201c ka\u017ee Ivo.<\/p>\n\n\n\n<p>Svaka mlada osoba kojoj pomogne da se razvije i prona\u0111e put, njemu je potvrda da njegov rad ima smisla. Za Ivu, rad s mladima nije samo posao. To je poziv da znanjem, iskustvom i podr\u0161kom gradi generacije koje \u0107e samouvjereno kro\u010diti na tr\u017ei\u0161te rada i kroz \u017eivot.<\/p>\n\n\n\n<p><\/p>\n\n\n\n<p><em><strong>Obuka za aktivno tra\u017eenje posla realizirana je u okviru projekta YourJob i incijative EUzaZapo\u0161ljavanje, koju financira Europska unija i \u0160vedska, uz provedbu Me\u0111unarodne organizacije rada u BiH.<\/strong><\/em><\/p>\n\n\n\n<figure class=\"wp-block-gallery has-nested-images columns-default is-cropped wp-block-gallery-1 is-layout-flex wp-block-gallery-is-layout-flex\"><\/figure>\n","protected":false},"excerpt":{"rendered":"<p>Ivo iz Mostara ve\u0107 vi\u0161e od deset godina radi s mladima, grade\u0107i mostove izme\u0111u obrazovanja i tr\u017ei\u0161ta rada. Po struci je magistar ekonomije, a njegova strast prema obrazovanju i radu s ljudima oblikovala ga je u trenera i facilitator\u0430 \u010dije radionice mladima nude prostor za rast i samopouzdanje. \u201eOsje\u0107am se nadahnut prenositi znanje na druge, [&hellip;]<\/p>\n","protected":false},"author":3,"featured_media":798,"comment_status":"open","ping_status":"open","sticky":false,"template":"","format":"standard","meta":{"footnotes":""},"categories":[1],"tags":[],"class_list":["post-585","post","type-post","status-publish","format-standard","has-post-thumbnail","hentry","category-price"],"yoast_head":"<!-- This site is optimized with the Yoast SEO plugin v27.5 - https:\/\/yoast.com\/product\/yoast-seo-wordpress\/ -->\n<title>Ivo: Osna\u017eivanje mladih kroz znanje i praksu - Potpora zapo\u0161ljivosti i mogu\u0107nostima zapo\u0161ljavanja mladih<\/title>\n<meta name=\"robots\" content=\"index, follow, max-snippet:-1, max-image-preview:large, max-video-preview:-1\" \/>\n<link rel=\"canonical\" href=\"https:\/\/yourjob.ba\/index.php\/2025\/11\/19\/ivo-osnazivanje-mladih-kroz-znanje-i-praksu\/\" \/>\n<meta property=\"og:locale\" content=\"en_US\" \/>\n<meta property=\"og:type\" content=\"article\" \/>\n<meta property=\"og:title\" content=\"Ivo: Osna\u017eivanje mladih kroz znanje i praksu - Potpora zapo\u0161ljivosti i mogu\u0107nostima zapo\u0161ljavanja mladih\" \/>\n<meta property=\"og:description\" content=\"Ivo iz Mostara ve\u0107 vi\u0161e od deset godina radi s mladima, grade\u0107i mostove izme\u0111u obrazovanja i tr\u017ei\u0161ta rada. Po struci je magistar ekonomije, a njegova strast prema obrazovanju i radu s ljudima oblikovala ga je u trenera i facilitator\u0430 \u010dije radionice mladima nude prostor za rast i samopouzdanje. \u201eOsje\u0107am se nadahnut prenositi znanje na druge, [&hellip;]\" \/>\n<meta property=\"og:url\" content=\"https:\/\/yourjob.ba\/index.php\/2025\/11\/19\/ivo-osnazivanje-mladih-kroz-znanje-i-praksu\/\" \/>\n<meta property=\"og:site_name\" content=\"Potpora zapo\u0161ljivosti i mogu\u0107nostima zapo\u0161ljavanja mladih\" \/>\n<meta property=\"article:published_time\" content=\"2025-11-19T12:01:21+00:00\" \/>\n<meta property=\"article:modified_time\" content=\"2025-11-19T12:01:22+00:00\" \/>\n<meta property=\"og:image\" content=\"https:\/\/yourjob.ba\/wp-content\/uploads\/2025\/11\/Ivona-Carapina-3-edited.jpg\" \/>\n\t<meta property=\"og:image:width\" content=\"960\" \/>\n\t<meta property=\"og:image:height\" content=\"720\" \/>\n\t<meta property=\"og:image:type\" content=\"image\/jpeg\" \/>\n<meta name=\"author\" content=\"Selma\" \/>\n<meta name=\"twitter:card\" content=\"summary_large_image\" \/>\n<meta name=\"twitter:label1\" content=\"Written by\" \/>\n\t<meta name=\"twitter:data1\" content=\"Selma\" \/>\n\t<meta name=\"twitter:label2\" content=\"Est. reading time\" \/>\n\t<meta name=\"twitter:data2\" content=\"4 minutes\" \/>\n<script type=\"application\/ld+json\" class=\"yoast-schema-graph\">{\"@context\":\"https:\\\/\\\/schema.org\",\"@graph\":[{\"@type\":\"WebPage\",\"@id\":\"https:\\\/\\\/yourjob.ba\\\/index.php\\\/2025\\\/11\\\/19\\\/ivo-osnazivanje-mladih-kroz-znanje-i-praksu\\\/\",\"url\":\"https:\\\/\\\/yourjob.ba\\\/index.php\\\/2025\\\/11\\\/19\\\/ivo-osnazivanje-mladih-kroz-znanje-i-praksu\\\/\",\"name\":\"Ivo: Osna\u017eivanje mladih kroz znanje i praksu - Potpora zapo\u0161ljivosti i mogu\u0107nostima zapo\u0161ljavanja mladih\",\"isPartOf\":{\"@id\":\"https:\\\/\\\/yourjob.ba\\\/#website\"},\"primaryImageOfPage\":{\"@id\":\"https:\\\/\\\/yourjob.ba\\\/index.php\\\/2025\\\/11\\\/19\\\/ivo-osnazivanje-mladih-kroz-znanje-i-praksu\\\/#primaryimage\"},\"image\":{\"@id\":\"https:\\\/\\\/yourjob.ba\\\/index.php\\\/2025\\\/11\\\/19\\\/ivo-osnazivanje-mladih-kroz-znanje-i-praksu\\\/#primaryimage\"},\"thumbnailUrl\":\"https:\\\/\\\/yourjob.ba\\\/wp-content\\\/uploads\\\/2025\\\/11\\\/Ivona-Carapina-3-edited.jpg\",\"datePublished\":\"2025-11-19T12:01:21+00:00\",\"dateModified\":\"2025-11-19T12:01:22+00:00\",\"breadcrumb\":{\"@id\":\"https:\\\/\\\/yourjob.ba\\\/index.php\\\/2025\\\/11\\\/19\\\/ivo-osnazivanje-mladih-kroz-znanje-i-praksu\\\/#breadcrumb\"},\"inLanguage\":\"en-US\",\"potentialAction\":[{\"@type\":\"ReadAction\",\"target\":[\"https:\\\/\\\/yourjob.ba\\\/index.php\\\/2025\\\/11\\\/19\\\/ivo-osnazivanje-mladih-kroz-znanje-i-praksu\\\/\"]}]},{\"@type\":\"ImageObject\",\"inLanguage\":\"en-US\",\"@id\":\"https:\\\/\\\/yourjob.ba\\\/index.php\\\/2025\\\/11\\\/19\\\/ivo-osnazivanje-mladih-kroz-znanje-i-praksu\\\/#primaryimage\",\"url\":\"https:\\\/\\\/yourjob.ba\\\/wp-content\\\/uploads\\\/2025\\\/11\\\/Ivona-Carapina-3-edited.jpg\",\"contentUrl\":\"https:\\\/\\\/yourjob.ba\\\/wp-content\\\/uploads\\\/2025\\\/11\\\/Ivona-Carapina-3-edited.jpg\",\"width\":960,\"height\":720},{\"@type\":\"BreadcrumbList\",\"@id\":\"https:\\\/\\\/yourjob.ba\\\/index.php\\\/2025\\\/11\\\/19\\\/ivo-osnazivanje-mladih-kroz-znanje-i-praksu\\\/#breadcrumb\",\"itemListElement\":[{\"@type\":\"ListItem\",\"position\":1,\"name\":\"Home\",\"item\":\"https:\\\/\\\/yourjob.ba\\\/\"},{\"@type\":\"ListItem\",\"position\":2,\"name\":\"Ivo: Osna\u017eivanje mladih kroz znanje i praksu\"}]},{\"@type\":\"WebSite\",\"@id\":\"https:\\\/\\\/yourjob.ba\\\/#website\",\"url\":\"https:\\\/\\\/yourjob.ba\\\/\",\"name\":\"Potpora zapo\u0161ljivosti i mogu\u0107nostima zapo\u0161ljavanja mladih\",\"description\":\"\",\"publisher\":{\"@id\":\"https:\\\/\\\/yourjob.ba\\\/#organization\"},\"alternateName\":\"YourJob\",\"potentialAction\":[{\"@type\":\"SearchAction\",\"target\":{\"@type\":\"EntryPoint\",\"urlTemplate\":\"https:\\\/\\\/yourjob.ba\\\/?s={search_term_string}\"},\"query-input\":{\"@type\":\"PropertyValueSpecification\",\"valueRequired\":true,\"valueName\":\"search_term_string\"}}],\"inLanguage\":\"en-US\"},{\"@type\":\"Organization\",\"@id\":\"https:\\\/\\\/yourjob.ba\\\/#organization\",\"name\":\"YourJob\",\"url\":\"https:\\\/\\\/yourjob.ba\\\/\",\"logo\":{\"@type\":\"ImageObject\",\"inLanguage\":\"en-US\",\"@id\":\"https:\\\/\\\/yourjob.ba\\\/#\\\/schema\\\/logo\\\/image\\\/\",\"url\":\"https:\\\/\\\/yourjob.ba\\\/wp-content\\\/uploads\\\/2024\\\/09\\\/logo-01.jpg\",\"contentUrl\":\"https:\\\/\\\/yourjob.ba\\\/wp-content\\\/uploads\\\/2024\\\/09\\\/logo-01.jpg\",\"width\":1803,\"height\":673,\"caption\":\"YourJob\"},\"image\":{\"@id\":\"https:\\\/\\\/yourjob.ba\\\/#\\\/schema\\\/logo\\\/image\\\/\"}}]}<\/script>\n<!-- \/ Yoast SEO plugin. -->","yoast_head_json":{"title":"Ivo: Osna\u017eivanje mladih kroz znanje i praksu - Potpora zapo\u0161ljivosti i mogu\u0107nostima zapo\u0161ljavanja mladih","robots":{"index":"index","follow":"follow","max-snippet":"max-snippet:-1","max-image-preview":"max-image-preview:large","max-video-preview":"max-video-preview:-1"},"canonical":"https:\/\/yourjob.ba\/index.php\/2025\/11\/19\/ivo-osnazivanje-mladih-kroz-znanje-i-praksu\/","og_locale":"en_US","og_type":"article","og_title":"Ivo: Osna\u017eivanje mladih kroz znanje i praksu - Potpora zapo\u0161ljivosti i mogu\u0107nostima zapo\u0161ljavanja mladih","og_description":"Ivo iz Mostara ve\u0107 vi\u0161e od deset godina radi s mladima, grade\u0107i mostove izme\u0111u obrazovanja i tr\u017ei\u0161ta rada. Po struci je magistar ekonomije, a njegova strast prema obrazovanju i radu s ljudima oblikovala ga je u trenera i facilitator\u0430 \u010dije radionice mladima nude prostor za rast i samopouzdanje. \u201eOsje\u0107am se nadahnut prenositi znanje na druge, [&hellip;]","og_url":"https:\/\/yourjob.ba\/index.php\/2025\/11\/19\/ivo-osnazivanje-mladih-kroz-znanje-i-praksu\/","og_site_name":"Potpora zapo\u0161ljivosti i mogu\u0107nostima zapo\u0161ljavanja mladih","article_published_time":"2025-11-19T12:01:21+00:00","article_modified_time":"2025-11-19T12:01:22+00:00","og_image":[{"width":960,"height":720,"url":"https:\/\/yourjob.ba\/wp-content\/uploads\/2025\/11\/Ivona-Carapina-3-edited.jpg","type":"image\/jpeg"}],"author":"Selma","twitter_card":"summary_large_image","twitter_misc":{"Written by":"Selma","Est. reading time":"4 minutes"},"schema":{"@context":"https:\/\/schema.org","@graph":[{"@type":"WebPage","@id":"https:\/\/yourjob.ba\/index.php\/2025\/11\/19\/ivo-osnazivanje-mladih-kroz-znanje-i-praksu\/","url":"https:\/\/yourjob.ba\/index.php\/2025\/11\/19\/ivo-osnazivanje-mladih-kroz-znanje-i-praksu\/","name":"Ivo: Osna\u017eivanje mladih kroz znanje i praksu - Potpora zapo\u0161ljivosti i mogu\u0107nostima zapo\u0161ljavanja mladih","isPartOf":{"@id":"https:\/\/yourjob.ba\/#website"},"primaryImageOfPage":{"@id":"https:\/\/yourjob.ba\/index.php\/2025\/11\/19\/ivo-osnazivanje-mladih-kroz-znanje-i-praksu\/#primaryimage"},"image":{"@id":"https:\/\/yourjob.ba\/index.php\/2025\/11\/19\/ivo-osnazivanje-mladih-kroz-znanje-i-praksu\/#primaryimage"},"thumbnailUrl":"https:\/\/yourjob.ba\/wp-content\/uploads\/2025\/11\/Ivona-Carapina-3-edited.jpg","datePublished":"2025-11-19T12:01:21+00:00","dateModified":"2025-11-19T12:01:22+00:00","breadcrumb":{"@id":"https:\/\/yourjob.ba\/index.php\/2025\/11\/19\/ivo-osnazivanje-mladih-kroz-znanje-i-praksu\/#breadcrumb"},"inLanguage":"en-US","potentialAction":[{"@type":"ReadAction","target":["https:\/\/yourjob.ba\/index.php\/2025\/11\/19\/ivo-osnazivanje-mladih-kroz-znanje-i-praksu\/"]}]},{"@type":"ImageObject","inLanguage":"en-US","@id":"https:\/\/yourjob.ba\/index.php\/2025\/11\/19\/ivo-osnazivanje-mladih-kroz-znanje-i-praksu\/#primaryimage","url":"https:\/\/yourjob.ba\/wp-content\/uploads\/2025\/11\/Ivona-Carapina-3-edited.jpg","contentUrl":"https:\/\/yourjob.ba\/wp-content\/uploads\/2025\/11\/Ivona-Carapina-3-edited.jpg","width":960,"height":720},{"@type":"BreadcrumbList","@id":"https:\/\/yourjob.ba\/index.php\/2025\/11\/19\/ivo-osnazivanje-mladih-kroz-znanje-i-praksu\/#breadcrumb","itemListElement":[{"@type":"ListItem","position":1,"name":"Home","item":"https:\/\/yourjob.ba\/"},{"@type":"ListItem","position":2,"name":"Ivo: Osna\u017eivanje mladih kroz znanje i praksu"}]},{"@type":"WebSite","@id":"https:\/\/yourjob.ba\/#website","url":"https:\/\/yourjob.ba\/","name":"Potpora zapo\u0161ljivosti i mogu\u0107nostima zapo\u0161ljavanja mladih","description":"","publisher":{"@id":"https:\/\/yourjob.ba\/#organization"},"alternateName":"YourJob","potentialAction":[{"@type":"SearchAction","target":{"@type":"EntryPoint","urlTemplate":"https:\/\/yourjob.ba\/?s={search_term_string}"},"query-input":{"@type":"PropertyValueSpecification","valueRequired":true,"valueName":"search_term_string"}}],"inLanguage":"en-US"},{"@type":"Organization","@id":"https:\/\/yourjob.ba\/#organization","name":"YourJob","url":"https:\/\/yourjob.ba\/","logo":{"@type":"ImageObject","inLanguage":"en-US","@id":"https:\/\/yourjob.ba\/#\/schema\/logo\/image\/","url":"https:\/\/yourjob.ba\/wp-content\/uploads\/2024\/09\/logo-01.jpg","contentUrl":"https:\/\/yourjob.ba\/wp-content\/uploads\/2024\/09\/logo-01.jpg","width":1803,"height":673,"caption":"YourJob"},"image":{"@id":"https:\/\/yourjob.ba\/#\/schema\/logo\/image\/"}}]}},"_links":{"self":[{"href":"https:\/\/yourjob.ba\/index.php\/wp-json\/wp\/v2\/posts\/585","targetHints":{"allow":["GET"]}}],"collection":[{"href":"https:\/\/yourjob.ba\/index.php\/wp-json\/wp\/v2\/posts"}],"about":[{"href":"https:\/\/yourjob.ba\/index.php\/wp-json\/wp\/v2\/types\/post"}],"author":[{"embeddable":true,"href":"https:\/\/yourjob.ba\/index.php\/wp-json\/wp\/v2\/users\/3"}],"replies":[{"embeddable":true,"href":"https:\/\/yourjob.ba\/index.php\/wp-json\/wp\/v2\/comments?post=585"}],"version-history":[{"count":7,"href":"https:\/\/yourjob.ba\/index.php\/wp-json\/wp\/v2\/posts\/585\/revisions"}],"predecessor-version":[{"id":803,"href":"https:\/\/yourjob.ba\/index.php\/wp-json\/wp\/v2\/posts\/585\/revisions\/803"}],"wp:featuredmedia":[{"embeddable":true,"href":"https:\/\/yourjob.ba\/index.php\/wp-json\/wp\/v2\/media\/798"}],"wp:attachment":[{"href":"https:\/\/yourjob.ba\/index.php\/wp-json\/wp\/v2\/media?parent=585"}],"wp:term":[{"taxonomy":"category","embeddable":true,"href":"https:\/\/yourjob.ba\/index.php\/wp-json\/wp\/v2\/categories?post=585"},{"taxonomy":"post_tag","embeddable":true,"href":"https:\/\/yourjob.ba\/index.php\/wp-json\/wp\/v2\/tags?post=585"}],"curies":[{"name":"wp","href":"https:\/\/api.w.org\/{rel}","templated":true}]}}