{"id":570,"date":"2025-09-23T06:52:10","date_gmt":"2025-09-23T06:52:10","guid":{"rendered":"https:\/\/yourjob.ba\/?p=570"},"modified":"2025-09-23T11:29:44","modified_gmt":"2025-09-23T11:29:44","slug":"od-ideje-do-studija-prica-kristine-brkic-mlade-fizioterapeutkinje-iz-ljubuskog","status":"publish","type":"post","link":"https:\/\/yourjob.ba\/index.php\/2025\/09\/23\/od-ideje-do-studija-prica-kristine-brkic-mlade-fizioterapeutkinje-iz-ljubuskog\/","title":{"rendered":"Od ideje do studija \u2013 pri\u010da Kristine Brki\u0107, mlade fizioterapeutkinje iz Ljubu\u0161kog"},"content":{"rendered":"\n<p>Kristina Brki\u0107, 25-godi\u0161nja magistrica fizioterapije iz Ljubu\u0161kog, mlada je poduzetnica koja je kroz projekt <strong>YourJob<\/strong> prona\u0161la jasniji profesionalni smjer i stekla hrabrost da pokrene vlastiti posao. <strong>Danas u svom studiju<\/strong> nudi masa\u017ee, Bobath terapiju te rehabilitaciju djece i odraslih, a put prema ostvarenju svojih ciljeva opisuje kao izazovan, ali ispunjen podr\u0161kom i novim znanjima.<\/p>\n\n\n\n<h4 class=\"wp-block-heading\">Prvi koraci i uklju\u010divanje u projekt<\/h4>\n\n\n\n<p>Za YourJob projekt Kristina je prvi put \u010dula preko lokalnih portala i dru\u0161tvenih mre\u017ea, a presudno je bilo iskustvo poznanika koji joj je prenio koliko mu je sudjelovanje pomoglo u poslovnom razvoju.<br><\/p>\n\n\n\n<blockquote class=\"wp-block-quote is-layout-flow wp-block-quote-is-layout-flow\">\n<p>\u201e\u017deljela sam dodatno razviti znanja i vje\u0161tine te dobiti podr\u0161ku za svoju profesionalnu budu\u0107nost. Iskreno, bila sam malo nesigurna, ali ve\u0107 na prvom savjetovanju s Marijom ta je nesigurnost nestala i odlu\u010dila sam se potpuno uklju\u010diti,\u201c prisje\u0107a se Kristina.<\/p>\n<\/blockquote>\n\n\n\n<figure class=\"wp-block-image size-large\"><img loading=\"lazy\" decoding=\"async\" width=\"1200\" height=\"1057\" src=\"https:\/\/yourjob.ba\/wp-content\/uploads\/2025\/09\/2-1024x902.jpg\" alt=\"\" class=\"wp-image-581\" srcset=\"https:\/\/yourjob.ba\/wp-content\/uploads\/2025\/09\/2-1024x902.jpg 1024w, https:\/\/yourjob.ba\/wp-content\/uploads\/2025\/09\/2-300x264.jpg 300w, https:\/\/yourjob.ba\/wp-content\/uploads\/2025\/09\/2-768x676.jpg 768w, https:\/\/yourjob.ba\/wp-content\/uploads\/2025\/09\/2.jpg 1200w\" sizes=\"auto, (max-width: 1200px) 100vw, 1200px\" \/><\/figure>\n\n\n\n<p><\/p>\n\n\n\n<h4 class=\"wp-block-heading\">Iskustvo koje gradi samopouzdanje<\/h4>\n\n\n\n<p>U sklopu projekta sudjelovala je u edukacijama, savjetovanjima i mentorstvu na bootcampu (YourJob2 obuci za mlade poduzetnike). Najvi\u0161e joj je zna\u010dio individualan pristup i otvoren prostor za pitanja.<\/p>\n\n\n\n<blockquote class=\"wp-block-quote is-layout-flow wp-block-quote-is-layout-flow\">\n<p>\u201eIskustvo je bilo odli\u010dno. Najvi\u0161e mi je koristila dobivena potpora u izgradnji samopouzdanja i jasnijem definiranju ciljeva. \u010cak i kada bih pomislila \u2018tko \u0107e ovo, kako \u0107u ja to\u2019, nakon bootcampa bih bila puna motivacije i ideje su same dolazile,\u201c ka\u017ee ona.<br><\/p>\n<\/blockquote>\n\n\n\n<p>Posebno isti\u010de <strong>odnos sa svojom Your Job savjetnicom<\/strong>: \u201eOdnos je bio <strong>profesionalan<\/strong>, ali i <strong>prijateljski<\/strong>. Uvijek je znala dati pravu smjernicu i dodatnu motivaciju \u2013 to mi je bio najljep\u0161i dio cijelog projekta.\u201c <br>Kristina isti\u010de da joj je najve\u0107i izazov bio iza\u0107i iz zone komfora, dok kao najve\u0107u vrijednost prepoznaje nova poznanstva, sigurnost u vlastiti rad te osje\u0107aj da uvijek ima kome se obratiti kada nai\u0111e na pote\u0161ko\u0107e ili dileme u vo\u0111enju posla. <\/p>\n\n\n\n<p>Zahvaljuju\u0107i bespovratnim sredstvima programa <em>YourJob 2<\/em>, kojeg financiraju Austrijska razvojna agencija, Caritas Austrije, Fondacija Medicor i Renovabis, zapo\u010dela je svoj put samostalne poduzetnice i <strong>ostvarila ideju vlastitog studija &#8211; Studio KB<\/strong> u kojem pru\u017ea fizikalnu terapiju i rehabilitaciju&nbsp; s naglaskom na Bobath terapiju s ciljem unapre\u0111enja kvalitete \u017eivota&nbsp; kako djeci s motori\u010dkim i neurolo\u0161kim smetnjama, tako i drugim potrebitima.<\/p>\n\n\n\n<figure class=\"wp-block-gallery has-nested-images columns-default is-cropped wp-block-gallery-1 is-layout-flex wp-block-gallery-is-layout-flex\">\n<figure class=\"wp-block-image size-large\"><img loading=\"lazy\" decoding=\"async\" width=\"768\" height=\"1024\" data-id=\"617\" src=\"https:\/\/yourjob.ba\/wp-content\/uploads\/2025\/09\/WhatsApp-Slika-2025-09-06-u-22.48.16_480b840e-768x1024.jpg\" alt=\"\" class=\"wp-image-617\" srcset=\"https:\/\/yourjob.ba\/wp-content\/uploads\/2025\/09\/WhatsApp-Slika-2025-09-06-u-22.48.16_480b840e-768x1024.jpg 768w, https:\/\/yourjob.ba\/wp-content\/uploads\/2025\/09\/WhatsApp-Slika-2025-09-06-u-22.48.16_480b840e-225x300.jpg 225w, https:\/\/yourjob.ba\/wp-content\/uploads\/2025\/09\/WhatsApp-Slika-2025-09-06-u-22.48.16_480b840e-1152x1536.jpg 1152w, https:\/\/yourjob.ba\/wp-content\/uploads\/2025\/09\/WhatsApp-Slika-2025-09-06-u-22.48.16_480b840e.jpg 1200w\" sizes=\"auto, (max-width: 768px) 100vw, 768px\" \/><\/figure>\n\n\n\n<figure class=\"wp-block-image size-large\"><img loading=\"lazy\" decoding=\"async\" width=\"768\" height=\"1024\" data-id=\"618\" src=\"https:\/\/yourjob.ba\/wp-content\/uploads\/2025\/09\/WhatsApp-Slika-2025-09-06-u-22.42.32_1ed93ff7-768x1024.jpg\" alt=\"\" class=\"wp-image-618\" srcset=\"https:\/\/yourjob.ba\/wp-content\/uploads\/2025\/09\/WhatsApp-Slika-2025-09-06-u-22.42.32_1ed93ff7-768x1024.jpg 768w, https:\/\/yourjob.ba\/wp-content\/uploads\/2025\/09\/WhatsApp-Slika-2025-09-06-u-22.42.32_1ed93ff7-225x300.jpg 225w, https:\/\/yourjob.ba\/wp-content\/uploads\/2025\/09\/WhatsApp-Slika-2025-09-06-u-22.42.32_1ed93ff7-1152x1536.jpg 1152w, https:\/\/yourjob.ba\/wp-content\/uploads\/2025\/09\/WhatsApp-Slika-2025-09-06-u-22.42.32_1ed93ff7.jpg 1200w\" sizes=\"auto, (max-width: 768px) 100vw, 768px\" \/><\/figure>\n<\/figure>\n\n\n\n<h4 class=\"wp-block-heading\">Promjene i rezultati<\/h4>\n\n\n\n<p>Sudjelovanje u YourJob projektu donijelo joj je v<strong>idljive promjene, i profesionalne i osobne.<\/strong><\/p>\n\n\n\n<blockquote class=\"wp-block-quote is-layout-flow wp-block-quote-is-layout-flow\">\n<p>\u201eProfesionalno sam stekla nova znanja i dobila potporu u svakom koraku \u2013 od registracije pa do samog rada. A osobno, stekla sam ve\u0107e samopouzdanje i potvrdu da sam na pravom putu.\u201c<\/p>\n<\/blockquote>\n\n\n\n<p>Kroz projekt je oblikovala ideju vlastitog studija, stekla korisne kontakte i vje\u0161tine koje svakodnevno primjenjuje. Ipak, ono \u0161to joj je ostalo najdublje u srcu je osje\u0107aj zajedni\u0161tva: \u201ePovezali smo se kao mala obitelj.\u201c<\/p>\n\n\n\n<figure class=\"wp-block-gallery has-nested-images columns-default is-cropped wp-block-gallery-2 is-layout-flex wp-block-gallery-is-layout-flex\">\n<figure class=\"wp-block-image size-large\"><img loading=\"lazy\" decoding=\"async\" width=\"900\" height=\"1024\" data-id=\"576\" src=\"https:\/\/yourjob.ba\/wp-content\/uploads\/2025\/09\/WhatsApp-Slika-2025-09-03-u-19.51.23_f8e33c1a-900x1024.jpg\" alt=\"\" class=\"wp-image-576\" srcset=\"https:\/\/yourjob.ba\/wp-content\/uploads\/2025\/09\/WhatsApp-Slika-2025-09-03-u-19.51.23_f8e33c1a-900x1024.jpg 900w, https:\/\/yourjob.ba\/wp-content\/uploads\/2025\/09\/WhatsApp-Slika-2025-09-03-u-19.51.23_f8e33c1a-264x300.jpg 264w, https:\/\/yourjob.ba\/wp-content\/uploads\/2025\/09\/WhatsApp-Slika-2025-09-03-u-19.51.23_f8e33c1a-768x874.jpg 768w, https:\/\/yourjob.ba\/wp-content\/uploads\/2025\/09\/WhatsApp-Slika-2025-09-03-u-19.51.23_f8e33c1a.jpg 1179w\" sizes=\"auto, (max-width: 900px) 100vw, 900px\" \/><\/figure>\n\n\n\n<figure class=\"wp-block-image size-large\"><img loading=\"lazy\" decoding=\"async\" width=\"768\" height=\"1024\" data-id=\"574\" src=\"https:\/\/yourjob.ba\/wp-content\/uploads\/2025\/09\/WhatsApp-Slika-2025-09-03-u-19.49.21_ea4663fe-768x1024.jpg\" alt=\"\" class=\"wp-image-574\" srcset=\"https:\/\/yourjob.ba\/wp-content\/uploads\/2025\/09\/WhatsApp-Slika-2025-09-03-u-19.49.21_ea4663fe-768x1024.jpg 768w, https:\/\/yourjob.ba\/wp-content\/uploads\/2025\/09\/WhatsApp-Slika-2025-09-03-u-19.49.21_ea4663fe-225x300.jpg 225w, https:\/\/yourjob.ba\/wp-content\/uploads\/2025\/09\/WhatsApp-Slika-2025-09-03-u-19.49.21_ea4663fe-1152x1536.jpg 1152w, https:\/\/yourjob.ba\/wp-content\/uploads\/2025\/09\/WhatsApp-Slika-2025-09-03-u-19.49.21_ea4663fe.jpg 1200w\" sizes=\"auto, (max-width: 768px) 100vw, 768px\" \/><\/figure>\n<\/figure>\n\n\n\n<h4 class=\"wp-block-heading\">Pogled u budu\u0107nost<\/h4>\n\n\n\n<p>Kristina ve\u0107 ima <strong>jasne planove<\/strong> \u2013 <strong>\u0161irenje ponude usluga, ulaganje u dodatne edukacije te, u budu\u0107nosti, zapo\u0161ljavanje ili pru\u017eanje prakse studentima.<\/strong><\/p>\n\n\n\n<blockquote class=\"wp-block-quote is-layout-flow wp-block-quote-is-layout-flow\">\n<p>\u201eZnam koliko je meni zna\u010dilo kada nisam imala od koga u\u010diti i zato \u017eelim pru\u017eiti priliku nekome tko dolazi iza mene,\u201c isti\u010de.<\/p>\n<\/blockquote>\n\n\n\n<p><strong>Osje\u0107a se spremnije i sigurnije za ulazak na tr\u017ei\u0161te rada<\/strong>: \u201eBootcamp mi je otvorio o\u010di i kroz njega sam nau\u010dila sve ono o \u010demu prije nisam imala pojma \u2013 od pravila i normi do konkretnih poslovnih procesa.\u201c<\/p>\n\n\n\n<figure class=\"wp-block-gallery has-nested-images columns-default is-cropped wp-block-gallery-3 is-layout-flex wp-block-gallery-is-layout-flex\">\n<figure class=\"wp-block-image size-large\"><img loading=\"lazy\" decoding=\"async\" width=\"768\" height=\"1024\" data-id=\"572\" src=\"https:\/\/yourjob.ba\/wp-content\/uploads\/2025\/09\/WhatsApp-Slika-2025-09-03-u-19.49.21_069f4320-768x1024.jpg\" alt=\"\" class=\"wp-image-572\" srcset=\"https:\/\/yourjob.ba\/wp-content\/uploads\/2025\/09\/WhatsApp-Slika-2025-09-03-u-19.49.21_069f4320-768x1024.jpg 768w, https:\/\/yourjob.ba\/wp-content\/uploads\/2025\/09\/WhatsApp-Slika-2025-09-03-u-19.49.21_069f4320-225x300.jpg 225w, https:\/\/yourjob.ba\/wp-content\/uploads\/2025\/09\/WhatsApp-Slika-2025-09-03-u-19.49.21_069f4320-1152x1536.jpg 1152w, https:\/\/yourjob.ba\/wp-content\/uploads\/2025\/09\/WhatsApp-Slika-2025-09-03-u-19.49.21_069f4320.jpg 1200w\" sizes=\"auto, (max-width: 768px) 100vw, 768px\" \/><\/figure>\n\n\n\n<figure class=\"wp-block-image size-large\"><img loading=\"lazy\" decoding=\"async\" width=\"593\" height=\"1024\" data-id=\"578\" src=\"https:\/\/yourjob.ba\/wp-content\/uploads\/2025\/09\/WhatsApp-Slika-2025-09-03-u-19.55.13_8b6783e8-593x1024.jpg\" alt=\"\" class=\"wp-image-578\" srcset=\"https:\/\/yourjob.ba\/wp-content\/uploads\/2025\/09\/WhatsApp-Slika-2025-09-03-u-19.55.13_8b6783e8-593x1024.jpg 593w, https:\/\/yourjob.ba\/wp-content\/uploads\/2025\/09\/WhatsApp-Slika-2025-09-03-u-19.55.13_8b6783e8-174x300.jpg 174w, https:\/\/yourjob.ba\/wp-content\/uploads\/2025\/09\/WhatsApp-Slika-2025-09-03-u-19.55.13_8b6783e8-768x1327.jpg 768w, https:\/\/yourjob.ba\/wp-content\/uploads\/2025\/09\/WhatsApp-Slika-2025-09-03-u-19.55.13_8b6783e8-889x1536.jpg 889w, https:\/\/yourjob.ba\/wp-content\/uploads\/2025\/09\/WhatsApp-Slika-2025-09-03-u-19.55.13_8b6783e8.jpg 926w\" sizes=\"auto, (max-width: 593px) 100vw, 593px\" \/><\/figure>\n<\/figure>\n\n\n\n<h4 class=\"wp-block-heading\">Poruka mladima<\/h4>\n\n\n\n<blockquote class=\"wp-block-quote is-layout-flow wp-block-quote-is-layout-flow\">\n<p>\u201eNe odustajte, istra\u017eujte i iskoristite svaku priliku za u\u010denje. Nekad je dovoljno samo napraviti prvi korak \u2013 a ostalo \u0107e se poslo\u017eiti.\u201c<\/p>\n<\/blockquote>\n\n\n\n<p><strong>Preporuku za YourJob daje bez zadr\u0161ke<\/strong>: \u201eYourJob ne nudi samo znanje, nego i stvarnu podr\u0161ku, motivaciju i osje\u0107aj sigurnosti. To je prilika da mladi prona\u0111u svoje mjesto u na\u0161oj zemlji i izgrade stabilnu, sretnu budu\u0107nost.\u201c<\/p>\n\n\n\n<figure class=\"wp-block-gallery has-nested-images columns-default is-cropped wp-block-gallery-4 is-layout-flex wp-block-gallery-is-layout-flex\">\n<figure class=\"wp-block-image size-large\"><img loading=\"lazy\" decoding=\"async\" width=\"901\" height=\"1024\" data-id=\"577\" src=\"https:\/\/yourjob.ba\/wp-content\/uploads\/2025\/09\/WhatsApp-Slika-2025-09-03-u-19.51.35_4c7c3b2e-901x1024.jpg\" alt=\"\" class=\"wp-image-577\" srcset=\"https:\/\/yourjob.ba\/wp-content\/uploads\/2025\/09\/WhatsApp-Slika-2025-09-03-u-19.51.35_4c7c3b2e-901x1024.jpg 901w, https:\/\/yourjob.ba\/wp-content\/uploads\/2025\/09\/WhatsApp-Slika-2025-09-03-u-19.51.35_4c7c3b2e-264x300.jpg 264w, https:\/\/yourjob.ba\/wp-content\/uploads\/2025\/09\/WhatsApp-Slika-2025-09-03-u-19.51.35_4c7c3b2e-768x873.jpg 768w, https:\/\/yourjob.ba\/wp-content\/uploads\/2025\/09\/WhatsApp-Slika-2025-09-03-u-19.51.35_4c7c3b2e.jpg 1179w\" sizes=\"auto, (max-width: 901px) 100vw, 901px\" \/><\/figure>\n\n\n\n<figure class=\"wp-block-image size-large\"><img loading=\"lazy\" decoding=\"async\" width=\"773\" height=\"1024\" data-id=\"575\" src=\"https:\/\/yourjob.ba\/wp-content\/uploads\/2025\/09\/WhatsApp-Slika-2025-09-03-u-19.51.23_71090cc6-773x1024.jpg\" alt=\"\" class=\"wp-image-575\" srcset=\"https:\/\/yourjob.ba\/wp-content\/uploads\/2025\/09\/WhatsApp-Slika-2025-09-03-u-19.51.23_71090cc6-773x1024.jpg 773w, https:\/\/yourjob.ba\/wp-content\/uploads\/2025\/09\/WhatsApp-Slika-2025-09-03-u-19.51.23_71090cc6-227x300.jpg 227w, https:\/\/yourjob.ba\/wp-content\/uploads\/2025\/09\/WhatsApp-Slika-2025-09-03-u-19.51.23_71090cc6-768x1017.jpg 768w, https:\/\/yourjob.ba\/wp-content\/uploads\/2025\/09\/WhatsApp-Slika-2025-09-03-u-19.51.23_71090cc6.jpg 1079w\" sizes=\"auto, (max-width: 773px) 100vw, 773px\" \/><\/figure>\n<\/figure>\n","protected":false},"excerpt":{"rendered":"<p>Kristina Brki\u0107, 25-godi\u0161nja magistrica fizioterapije iz Ljubu\u0161kog, mlada je poduzetnica koja je kroz projekt YourJob prona\u0161la jasniji profesionalni smjer i stekla hrabrost da pokrene vlastiti posao. Danas u svom studiju nudi masa\u017ee, Bobath terapiju te rehabilitaciju djece i odraslih, a put prema ostvarenju svojih ciljeva opisuje kao izazovan, ali ispunjen podr\u0161kom i novim znanjima. Prvi [&hellip;]<\/p>\n","protected":false},"author":2,"featured_media":580,"comment_status":"open","ping_status":"open","sticky":false,"template":"","format":"standard","meta":{"footnotes":""},"categories":[1],"tags":[],"class_list":["post-570","post","type-post","status-publish","format-standard","has-post-thumbnail","hentry","category-price"],"yoast_head":"<!-- This site is optimized with the Yoast SEO plugin v27.4 - https:\/\/yoast.com\/product\/yoast-seo-wordpress\/ -->\n<title>Od ideje do studija \u2013 pri\u010da Kristine Brki\u0107, mlade fizioterapeutkinje iz Ljubu\u0161kog - Potpora zapo\u0161ljivosti i mogu\u0107nostima zapo\u0161ljavanja mladih<\/title>\n<meta name=\"robots\" content=\"index, follow, max-snippet:-1, max-image-preview:large, max-video-preview:-1\" \/>\n<link rel=\"canonical\" href=\"https:\/\/yourjob.ba\/index.php\/2025\/09\/23\/od-ideje-do-studija-prica-kristine-brkic-mlade-fizioterapeutkinje-iz-ljubuskog\/\" \/>\n<meta property=\"og:locale\" content=\"en_US\" \/>\n<meta property=\"og:type\" content=\"article\" \/>\n<meta property=\"og:title\" content=\"Od ideje do studija \u2013 pri\u010da Kristine Brki\u0107, mlade fizioterapeutkinje iz Ljubu\u0161kog - Potpora zapo\u0161ljivosti i mogu\u0107nostima zapo\u0161ljavanja mladih\" \/>\n<meta property=\"og:description\" content=\"Kristina Brki\u0107, 25-godi\u0161nja magistrica fizioterapije iz Ljubu\u0161kog, mlada je poduzetnica koja je kroz projekt YourJob prona\u0161la jasniji profesionalni smjer i stekla hrabrost da pokrene vlastiti posao. Danas u svom studiju nudi masa\u017ee, Bobath terapiju te rehabilitaciju djece i odraslih, a put prema ostvarenju svojih ciljeva opisuje kao izazovan, ali ispunjen podr\u0161kom i novim znanjima. Prvi [&hellip;]\" \/>\n<meta property=\"og:url\" content=\"https:\/\/yourjob.ba\/index.php\/2025\/09\/23\/od-ideje-do-studija-prica-kristine-brkic-mlade-fizioterapeutkinje-iz-ljubuskog\/\" \/>\n<meta property=\"og:site_name\" content=\"Potpora zapo\u0161ljivosti i mogu\u0107nostima zapo\u0161ljavanja mladih\" \/>\n<meta property=\"article:published_time\" content=\"2025-09-23T06:52:10+00:00\" \/>\n<meta property=\"article:modified_time\" content=\"2025-09-23T11:29:44+00:00\" \/>\n<meta property=\"og:image\" content=\"https:\/\/yourjob.ba\/wp-content\/uploads\/2025\/09\/1.jpg\" \/>\n\t<meta property=\"og:image:width\" content=\"1179\" \/>\n\t<meta property=\"og:image:height\" content=\"748\" \/>\n\t<meta property=\"og:image:type\" content=\"image\/jpeg\" \/>\n<meta name=\"author\" content=\"Ivona VIda\u010dkovi\u0107\" \/>\n<meta name=\"twitter:card\" content=\"summary_large_image\" \/>\n<meta name=\"twitter:label1\" content=\"Written by\" \/>\n\t<meta name=\"twitter:data1\" content=\"Ivona VIda\u010dkovi\u0107\" \/>\n\t<meta name=\"twitter:label2\" content=\"Est. reading time\" \/>\n\t<meta name=\"twitter:data2\" content=\"3 minutes\" \/>\n<script type=\"application\/ld+json\" class=\"yoast-schema-graph\">{\"@context\":\"https:\\\/\\\/schema.org\",\"@graph\":[{\"@type\":\"WebPage\",\"@id\":\"https:\\\/\\\/yourjob.ba\\\/index.php\\\/2025\\\/09\\\/23\\\/od-ideje-do-studija-prica-kristine-brkic-mlade-fizioterapeutkinje-iz-ljubuskog\\\/\",\"url\":\"https:\\\/\\\/yourjob.ba\\\/index.php\\\/2025\\\/09\\\/23\\\/od-ideje-do-studija-prica-kristine-brkic-mlade-fizioterapeutkinje-iz-ljubuskog\\\/\",\"name\":\"Od ideje do studija \u2013 pri\u010da Kristine Brki\u0107, mlade fizioterapeutkinje iz Ljubu\u0161kog - Potpora zapo\u0161ljivosti i mogu\u0107nostima zapo\u0161ljavanja mladih\",\"isPartOf\":{\"@id\":\"https:\\\/\\\/yourjob.ba\\\/#website\"},\"primaryImageOfPage\":{\"@id\":\"https:\\\/\\\/yourjob.ba\\\/index.php\\\/2025\\\/09\\\/23\\\/od-ideje-do-studija-prica-kristine-brkic-mlade-fizioterapeutkinje-iz-ljubuskog\\\/#primaryimage\"},\"image\":{\"@id\":\"https:\\\/\\\/yourjob.ba\\\/index.php\\\/2025\\\/09\\\/23\\\/od-ideje-do-studija-prica-kristine-brkic-mlade-fizioterapeutkinje-iz-ljubuskog\\\/#primaryimage\"},\"thumbnailUrl\":\"https:\\\/\\\/yourjob.ba\\\/wp-content\\\/uploads\\\/2025\\\/09\\\/1.jpg\",\"datePublished\":\"2025-09-23T06:52:10+00:00\",\"dateModified\":\"2025-09-23T11:29:44+00:00\",\"breadcrumb\":{\"@id\":\"https:\\\/\\\/yourjob.ba\\\/index.php\\\/2025\\\/09\\\/23\\\/od-ideje-do-studija-prica-kristine-brkic-mlade-fizioterapeutkinje-iz-ljubuskog\\\/#breadcrumb\"},\"inLanguage\":\"en-US\",\"potentialAction\":[{\"@type\":\"ReadAction\",\"target\":[\"https:\\\/\\\/yourjob.ba\\\/index.php\\\/2025\\\/09\\\/23\\\/od-ideje-do-studija-prica-kristine-brkic-mlade-fizioterapeutkinje-iz-ljubuskog\\\/\"]}]},{\"@type\":\"ImageObject\",\"inLanguage\":\"en-US\",\"@id\":\"https:\\\/\\\/yourjob.ba\\\/index.php\\\/2025\\\/09\\\/23\\\/od-ideje-do-studija-prica-kristine-brkic-mlade-fizioterapeutkinje-iz-ljubuskog\\\/#primaryimage\",\"url\":\"https:\\\/\\\/yourjob.ba\\\/wp-content\\\/uploads\\\/2025\\\/09\\\/1.jpg\",\"contentUrl\":\"https:\\\/\\\/yourjob.ba\\\/wp-content\\\/uploads\\\/2025\\\/09\\\/1.jpg\",\"width\":1179,\"height\":748},{\"@type\":\"BreadcrumbList\",\"@id\":\"https:\\\/\\\/yourjob.ba\\\/index.php\\\/2025\\\/09\\\/23\\\/od-ideje-do-studija-prica-kristine-brkic-mlade-fizioterapeutkinje-iz-ljubuskog\\\/#breadcrumb\",\"itemListElement\":[{\"@type\":\"ListItem\",\"position\":1,\"name\":\"Home\",\"item\":\"https:\\\/\\\/yourjob.ba\\\/\"},{\"@type\":\"ListItem\",\"position\":2,\"name\":\"Od ideje do studija \u2013 pri\u010da Kristine Brki\u0107, mlade fizioterapeutkinje iz Ljubu\u0161kog\"}]},{\"@type\":\"WebSite\",\"@id\":\"https:\\\/\\\/yourjob.ba\\\/#website\",\"url\":\"https:\\\/\\\/yourjob.ba\\\/\",\"name\":\"Potpora zapo\u0161ljivosti i mogu\u0107nostima zapo\u0161ljavanja mladih\",\"description\":\"\",\"publisher\":{\"@id\":\"https:\\\/\\\/yourjob.ba\\\/#organization\"},\"alternateName\":\"YourJob\",\"potentialAction\":[{\"@type\":\"SearchAction\",\"target\":{\"@type\":\"EntryPoint\",\"urlTemplate\":\"https:\\\/\\\/yourjob.ba\\\/?s={search_term_string}\"},\"query-input\":{\"@type\":\"PropertyValueSpecification\",\"valueRequired\":true,\"valueName\":\"search_term_string\"}}],\"inLanguage\":\"en-US\"},{\"@type\":\"Organization\",\"@id\":\"https:\\\/\\\/yourjob.ba\\\/#organization\",\"name\":\"YourJob\",\"url\":\"https:\\\/\\\/yourjob.ba\\\/\",\"logo\":{\"@type\":\"ImageObject\",\"inLanguage\":\"en-US\",\"@id\":\"https:\\\/\\\/yourjob.ba\\\/#\\\/schema\\\/logo\\\/image\\\/\",\"url\":\"https:\\\/\\\/yourjob.ba\\\/wp-content\\\/uploads\\\/2024\\\/09\\\/logo-01.jpg\",\"contentUrl\":\"https:\\\/\\\/yourjob.ba\\\/wp-content\\\/uploads\\\/2024\\\/09\\\/logo-01.jpg\",\"width\":1803,\"height\":673,\"caption\":\"YourJob\"},\"image\":{\"@id\":\"https:\\\/\\\/yourjob.ba\\\/#\\\/schema\\\/logo\\\/image\\\/\"}}]}<\/script>\n<!-- \/ Yoast SEO plugin. -->","yoast_head_json":{"title":"Od ideje do studija \u2013 pri\u010da Kristine Brki\u0107, mlade fizioterapeutkinje iz Ljubu\u0161kog - Potpora zapo\u0161ljivosti i mogu\u0107nostima zapo\u0161ljavanja mladih","robots":{"index":"index","follow":"follow","max-snippet":"max-snippet:-1","max-image-preview":"max-image-preview:large","max-video-preview":"max-video-preview:-1"},"canonical":"https:\/\/yourjob.ba\/index.php\/2025\/09\/23\/od-ideje-do-studija-prica-kristine-brkic-mlade-fizioterapeutkinje-iz-ljubuskog\/","og_locale":"en_US","og_type":"article","og_title":"Od ideje do studija \u2013 pri\u010da Kristine Brki\u0107, mlade fizioterapeutkinje iz Ljubu\u0161kog - Potpora zapo\u0161ljivosti i mogu\u0107nostima zapo\u0161ljavanja mladih","og_description":"Kristina Brki\u0107, 25-godi\u0161nja magistrica fizioterapije iz Ljubu\u0161kog, mlada je poduzetnica koja je kroz projekt YourJob prona\u0161la jasniji profesionalni smjer i stekla hrabrost da pokrene vlastiti posao. Danas u svom studiju nudi masa\u017ee, Bobath terapiju te rehabilitaciju djece i odraslih, a put prema ostvarenju svojih ciljeva opisuje kao izazovan, ali ispunjen podr\u0161kom i novim znanjima. Prvi [&hellip;]","og_url":"https:\/\/yourjob.ba\/index.php\/2025\/09\/23\/od-ideje-do-studija-prica-kristine-brkic-mlade-fizioterapeutkinje-iz-ljubuskog\/","og_site_name":"Potpora zapo\u0161ljivosti i mogu\u0107nostima zapo\u0161ljavanja mladih","article_published_time":"2025-09-23T06:52:10+00:00","article_modified_time":"2025-09-23T11:29:44+00:00","og_image":[{"width":1179,"height":748,"url":"https:\/\/yourjob.ba\/wp-content\/uploads\/2025\/09\/1.jpg","type":"image\/jpeg"}],"author":"Ivona VIda\u010dkovi\u0107","twitter_card":"summary_large_image","twitter_misc":{"Written by":"Ivona VIda\u010dkovi\u0107","Est. reading time":"3 minutes"},"schema":{"@context":"https:\/\/schema.org","@graph":[{"@type":"WebPage","@id":"https:\/\/yourjob.ba\/index.php\/2025\/09\/23\/od-ideje-do-studija-prica-kristine-brkic-mlade-fizioterapeutkinje-iz-ljubuskog\/","url":"https:\/\/yourjob.ba\/index.php\/2025\/09\/23\/od-ideje-do-studija-prica-kristine-brkic-mlade-fizioterapeutkinje-iz-ljubuskog\/","name":"Od ideje do studija \u2013 pri\u010da Kristine Brki\u0107, mlade fizioterapeutkinje iz Ljubu\u0161kog - Potpora zapo\u0161ljivosti i mogu\u0107nostima zapo\u0161ljavanja mladih","isPartOf":{"@id":"https:\/\/yourjob.ba\/#website"},"primaryImageOfPage":{"@id":"https:\/\/yourjob.ba\/index.php\/2025\/09\/23\/od-ideje-do-studija-prica-kristine-brkic-mlade-fizioterapeutkinje-iz-ljubuskog\/#primaryimage"},"image":{"@id":"https:\/\/yourjob.ba\/index.php\/2025\/09\/23\/od-ideje-do-studija-prica-kristine-brkic-mlade-fizioterapeutkinje-iz-ljubuskog\/#primaryimage"},"thumbnailUrl":"https:\/\/yourjob.ba\/wp-content\/uploads\/2025\/09\/1.jpg","datePublished":"2025-09-23T06:52:10+00:00","dateModified":"2025-09-23T11:29:44+00:00","breadcrumb":{"@id":"https:\/\/yourjob.ba\/index.php\/2025\/09\/23\/od-ideje-do-studija-prica-kristine-brkic-mlade-fizioterapeutkinje-iz-ljubuskog\/#breadcrumb"},"inLanguage":"en-US","potentialAction":[{"@type":"ReadAction","target":["https:\/\/yourjob.ba\/index.php\/2025\/09\/23\/od-ideje-do-studija-prica-kristine-brkic-mlade-fizioterapeutkinje-iz-ljubuskog\/"]}]},{"@type":"ImageObject","inLanguage":"en-US","@id":"https:\/\/yourjob.ba\/index.php\/2025\/09\/23\/od-ideje-do-studija-prica-kristine-brkic-mlade-fizioterapeutkinje-iz-ljubuskog\/#primaryimage","url":"https:\/\/yourjob.ba\/wp-content\/uploads\/2025\/09\/1.jpg","contentUrl":"https:\/\/yourjob.ba\/wp-content\/uploads\/2025\/09\/1.jpg","width":1179,"height":748},{"@type":"BreadcrumbList","@id":"https:\/\/yourjob.ba\/index.php\/2025\/09\/23\/od-ideje-do-studija-prica-kristine-brkic-mlade-fizioterapeutkinje-iz-ljubuskog\/#breadcrumb","itemListElement":[{"@type":"ListItem","position":1,"name":"Home","item":"https:\/\/yourjob.ba\/"},{"@type":"ListItem","position":2,"name":"Od ideje do studija \u2013 pri\u010da Kristine Brki\u0107, mlade fizioterapeutkinje iz Ljubu\u0161kog"}]},{"@type":"WebSite","@id":"https:\/\/yourjob.ba\/#website","url":"https:\/\/yourjob.ba\/","name":"Potpora zapo\u0161ljivosti i mogu\u0107nostima zapo\u0161ljavanja mladih","description":"","publisher":{"@id":"https:\/\/yourjob.ba\/#organization"},"alternateName":"YourJob","potentialAction":[{"@type":"SearchAction","target":{"@type":"EntryPoint","urlTemplate":"https:\/\/yourjob.ba\/?s={search_term_string}"},"query-input":{"@type":"PropertyValueSpecification","valueRequired":true,"valueName":"search_term_string"}}],"inLanguage":"en-US"},{"@type":"Organization","@id":"https:\/\/yourjob.ba\/#organization","name":"YourJob","url":"https:\/\/yourjob.ba\/","logo":{"@type":"ImageObject","inLanguage":"en-US","@id":"https:\/\/yourjob.ba\/#\/schema\/logo\/image\/","url":"https:\/\/yourjob.ba\/wp-content\/uploads\/2024\/09\/logo-01.jpg","contentUrl":"https:\/\/yourjob.ba\/wp-content\/uploads\/2024\/09\/logo-01.jpg","width":1803,"height":673,"caption":"YourJob"},"image":{"@id":"https:\/\/yourjob.ba\/#\/schema\/logo\/image\/"}}]}},"_links":{"self":[{"href":"https:\/\/yourjob.ba\/index.php\/wp-json\/wp\/v2\/posts\/570","targetHints":{"allow":["GET"]}}],"collection":[{"href":"https:\/\/yourjob.ba\/index.php\/wp-json\/wp\/v2\/posts"}],"about":[{"href":"https:\/\/yourjob.ba\/index.php\/wp-json\/wp\/v2\/types\/post"}],"author":[{"embeddable":true,"href":"https:\/\/yourjob.ba\/index.php\/wp-json\/wp\/v2\/users\/2"}],"replies":[{"embeddable":true,"href":"https:\/\/yourjob.ba\/index.php\/wp-json\/wp\/v2\/comments?post=570"}],"version-history":[{"count":2,"href":"https:\/\/yourjob.ba\/index.php\/wp-json\/wp\/v2\/posts\/570\/revisions"}],"predecessor-version":[{"id":619,"href":"https:\/\/yourjob.ba\/index.php\/wp-json\/wp\/v2\/posts\/570\/revisions\/619"}],"wp:featuredmedia":[{"embeddable":true,"href":"https:\/\/yourjob.ba\/index.php\/wp-json\/wp\/v2\/media\/580"}],"wp:attachment":[{"href":"https:\/\/yourjob.ba\/index.php\/wp-json\/wp\/v2\/media?parent=570"}],"wp:term":[{"taxonomy":"category","embeddable":true,"href":"https:\/\/yourjob.ba\/index.php\/wp-json\/wp\/v2\/categories?post=570"},{"taxonomy":"post_tag","embeddable":true,"href":"https:\/\/yourjob.ba\/index.php\/wp-json\/wp\/v2\/tags?post=570"}],"curies":[{"name":"wp","href":"https:\/\/api.w.org\/{rel}","templated":true}]}}