{"id":561,"date":"2025-08-25T10:49:02","date_gmt":"2025-08-25T10:49:02","guid":{"rendered":"https:\/\/yourjob.ba\/?p=561"},"modified":"2025-09-04T11:50:44","modified_gmt":"2025-09-04T11:50:44","slug":"andela-prva-prilika-u-struci-uz-podrsku-yourjob-programa","status":"publish","type":"post","link":"https:\/\/yourjob.ba\/index.php\/2025\/08\/25\/andela-prva-prilika-u-struci-uz-podrsku-yourjob-programa\/","title":{"rendered":"An\u0111ela: Prva prilika u struci uz podr\u0161ku YourJob programa"},"content":{"rendered":"\n<p>An\u0111ela, <strong>farmaceutski tehni\u010dar iz \u010capljine<\/strong> i majka, zapo\u010dela je svoj pripravni\u010dki sta\u017e u <strong>Gradskoj ljekarni \u010capljina<\/strong> u sklopu YourJob programa za zapo\u0161ljavanje mladih. Kada je 2024. godine odlu\u010dila da se prijavi za podr\u0161ku kroz program, tra\u017eila je vi\u0161e od posla; tra\u017eila je novi po\u010detak, motivaciju i vjeru u sebe. Danas, zahvaljuju\u0107i ste\u010denom iskustvu i podr\u0161ci mentorice, An\u0111ela uspje\u0161no balansira profesionalni razvoj i maj\u010dinstvo, postaju\u0107i inspiracija drugim \u017eenama koje se nalaze na \u017eivotnoj prekretnici.<\/p>\n\n\n\n<p><strong>\u201e<\/strong><strong>Farmacija nije za mene samo posao, nego poziv i misija,<\/strong>\u201cka\u017ee An\u0111ela.<\/p>\n\n\n\n<p>Njena ljubav prema farmaciji rodila se jo\u0161 u djetinjstvu, kada je s divljenjem gledala ljekarnice kao \u201elijepo sre\u0111ene dame s cijenjenim zanimanjem.\u201c Taj san je ostao s njom, a zahvaljuju\u0107i <strong>YourJob programu<\/strong>, koji podr\u017eavaju <strong>Europska unija<\/strong> i <strong>\u0160vedska<\/strong> kroz projekt <strong>EUzaZapo\u0161ljavanje<\/strong>, ponovo je dobio svoje mjesto u svakodnevici.<\/p>\n\n\n\n<h4 class=\"wp-block-heading\"><strong>Sigurno mjesto za novi po\u010detak<\/strong><\/h4>\n\n\n\n<p>Za YourJob je saznala preko Slu\u017ebe za zapo\u0161ljavanje grada \u010capljine.<\/p>\n\n\n\n<p>\u201ePrijavila sam se za program jer mi je trebala podr\u0161ka, konkretna informacija i motivacija za novi po\u010detak,\u201c ka\u017ee An\u0111ela<\/p>\n\n\n\n<p>Tada je upoznala <strong>Mariju<\/strong>, savjetnicu \u010diji pristup ju je, kako An\u0111ela ka\u017ee, vratio sebi.<\/p>\n\n\n\n<blockquote class=\"wp-block-quote is-layout-flow wp-block-quote-is-layout-flow\">\n<p>\u201eMarijina empatija i dostupnost u svakom trenutku ulijevale su mi sigurnost. Svijet bi bio ljep\u0161e mjesto da je vi\u0161e ljudi poput nje,\u201c tvrdi An\u0111ela.<\/p>\n<\/blockquote>\n\n\n\n<p>Marijina podr\u0161ka nije ostala samo na rije\u010dima. Kroz program pripravni\u0161tva An\u0111ela je dobila priliku raditi u <strong>Gradskoj ljekarni \u010capljina<\/strong>, gdje je od prvog dana prepoznala koliko zna\u010di imati tim koji vjeruje u tebe.<\/p>\n\n\n\n<p>\u201eBila sam uzbu\u0111ena, ali i upla\u0161ena. Toliko uzbu\u0111ena da mi je \u010dak pozlilo. Danas, gledaju\u0107i unazad, osje\u0107am se ponosno na sebe,\u201c ka\u017ee ona.<\/p>\n\n\n\n<figure class=\"wp-block-image size-large\"><img loading=\"lazy\" decoding=\"async\" width=\"1024\" height=\"576\" src=\"https:\/\/yourjob.ba\/wp-content\/uploads\/2025\/08\/490623304_1181326644004123_4929554378774272244_n-1024x576.jpg\" alt=\"\" class=\"wp-image-563\" srcset=\"https:\/\/yourjob.ba\/wp-content\/uploads\/2025\/08\/490623304_1181326644004123_4929554378774272244_n-1024x576.jpg 1024w, https:\/\/yourjob.ba\/wp-content\/uploads\/2025\/08\/490623304_1181326644004123_4929554378774272244_n-300x169.jpg 300w, https:\/\/yourjob.ba\/wp-content\/uploads\/2025\/08\/490623304_1181326644004123_4929554378774272244_n-768x432.jpg 768w, https:\/\/yourjob.ba\/wp-content\/uploads\/2025\/08\/490623304_1181326644004123_4929554378774272244_n.jpg 1536w\" sizes=\"auto, (max-width: 1024px) 100vw, 1024px\" \/><figcaption class=\"wp-element-caption\">An\u0111ela sa mentoricom Draganom<\/figcaption><\/figure>\n\n\n\n<h4 class=\"wp-block-heading\"><strong>U\u010denje, rast i balans<\/strong><\/h4>\n\n\n\n<p>Pod vodstvom <strong>mentorice Dragane<\/strong>, korak po korak u\u010dila je sve \u0161to farmaceutski posao nosi &#8211; savjetovanje pacijenata, rada u laboratoriju i izrade pripravaka, te samostalni rad. Kolektiv ju je, kako ka\u017ee, primio otvorena srca.<\/p>\n\n\n\n<p>\u201eBilo bi ru\u017eno ikoga izdvajati. Cijeli tim me prihvatio i osje\u0107ala sam se dobrodo\u0161lo,\u201c ka\u017ee nam An\u0111ela.<\/p>\n\n\n\n<p>Ali pripravni\u0161tvo nije bilo njen jedini izazov \u2013 tu je i maj\u010dinstvo.<\/p>\n\n\n\n<p>\u201eBalans izme\u0111u posla i uloge majke je ogroman izazov. Posao tra\u017ei potpun fokus, maj\u010dinstvo tra\u017ei cijelo srce,\u201c tvrdi An\u0111ela.<\/p>\n\n\n\n<p>An\u0111ela nam ka\u017ee da je zahvalna suprugu i cijeloj porodici na svakodnevnoj podr\u0161ci. Ipak, snagu crpi prvenstveno iz, kako sama ka\u017ee, njenog najve\u0107eg motiva \u2013 sina.<\/p>\n\n\n\n<figure class=\"wp-block-image size-full\"><img loading=\"lazy\" decoding=\"async\" width=\"900\" height=\"675\" src=\"https:\/\/yourjob.ba\/wp-content\/uploads\/2025\/08\/1000002882_manja.jpg\" alt=\"\" class=\"wp-image-564\" srcset=\"https:\/\/yourjob.ba\/wp-content\/uploads\/2025\/08\/1000002882_manja.jpg 900w, https:\/\/yourjob.ba\/wp-content\/uploads\/2025\/08\/1000002882_manja-300x225.jpg 300w, https:\/\/yourjob.ba\/wp-content\/uploads\/2025\/08\/1000002882_manja-768x576.jpg 768w\" sizes=\"auto, (max-width: 900px) 100vw, 900px\" \/><figcaption class=\"wp-element-caption\">An\u0111ela tokom pripravni\u0161tva u Gradskoj ljekarni \u010capljina<\/figcaption><\/figure>\n\n\n\n<h4 class=\"wp-block-heading\"><strong>Poruka iz zone hrabrosti<\/strong><\/h4>\n\n\n\n<p>Danas, An\u0111ela sa sigurno\u0161\u0107u ka\u017ee da se zaljubila u svoju profesiju jo\u0161 jednom. Budu\u0107nost u farmaciji za nju nije upitna. A poruka koju \u0161alje mladim \u017eenama koje se, mo\u017eda ba\u0161 sada, dvoume?<\/p>\n\n\n\n<blockquote class=\"wp-block-quote is-layout-flow wp-block-quote-is-layout-flow\">\n<p>\u201eNe pla\u0161ite se iza\u0107i iz zone komfora. \u017divot je ono \u0161to u\u010dinite od njega. Ako \u017eelite ste\u0107i radno iskustvo ili pokrenuti vlastiti biznis, YourJob je prilika koju ne treba propustiti.\u201c<\/p>\n<\/blockquote>\n\n\n\n<p><\/p>\n\n\n\n<p><em><strong>Pripravni\u0161tvo u Gradskoj ljekarni \u010capljina realizirano je u okviru projekta YourJob i incijative EUzaZapo\u0161ljavanje, koju financira Europska unija i \u0160vedska, uz provedbu Me\u0111unarodne organizacije rada u BiH.<\/strong><\/em><\/p>\n\n\n\n<p><\/p>\n","protected":false},"excerpt":{"rendered":"<p>An\u0111ela, farmaceutski tehni\u010dar iz \u010capljine i majka, zapo\u010dela je svoj pripravni\u010dki sta\u017e u Gradskoj ljekarni \u010capljina u sklopu YourJob programa za zapo\u0161ljavanje mladih. Kada je 2024. godine odlu\u010dila da se prijavi za podr\u0161ku kroz program, tra\u017eila je vi\u0161e od posla; tra\u017eila je novi po\u010detak, motivaciju i vjeru u sebe. Danas, zahvaljuju\u0107i ste\u010denom iskustvu i podr\u0161ci [&hellip;]<\/p>\n","protected":false},"author":3,"featured_media":562,"comment_status":"open","ping_status":"open","sticky":false,"template":"","format":"standard","meta":{"footnotes":""},"categories":[1],"tags":[],"class_list":["post-561","post","type-post","status-publish","format-standard","has-post-thumbnail","hentry","category-price"],"yoast_head":"<!-- This site is optimized with the Yoast SEO plugin v27.5 - https:\/\/yoast.com\/product\/yoast-seo-wordpress\/ -->\n<title>An\u0111ela: Prva prilika u struci uz podr\u0161ku YourJob programa - Potpora zapo\u0161ljivosti i mogu\u0107nostima zapo\u0161ljavanja mladih<\/title>\n<meta name=\"robots\" content=\"index, follow, max-snippet:-1, max-image-preview:large, max-video-preview:-1\" \/>\n<link rel=\"canonical\" href=\"https:\/\/yourjob.ba\/index.php\/2025\/08\/25\/andela-prva-prilika-u-struci-uz-podrsku-yourjob-programa\/\" \/>\n<meta property=\"og:locale\" content=\"en_US\" \/>\n<meta property=\"og:type\" content=\"article\" \/>\n<meta property=\"og:title\" content=\"An\u0111ela: Prva prilika u struci uz podr\u0161ku YourJob programa - Potpora zapo\u0161ljivosti i mogu\u0107nostima zapo\u0161ljavanja mladih\" \/>\n<meta property=\"og:description\" content=\"An\u0111ela, farmaceutski tehni\u010dar iz \u010capljine i majka, zapo\u010dela je svoj pripravni\u010dki sta\u017e u Gradskoj ljekarni \u010capljina u sklopu YourJob programa za zapo\u0161ljavanje mladih. Kada je 2024. godine odlu\u010dila da se prijavi za podr\u0161ku kroz program, tra\u017eila je vi\u0161e od posla; tra\u017eila je novi po\u010detak, motivaciju i vjeru u sebe. Danas, zahvaljuju\u0107i ste\u010denom iskustvu i podr\u0161ci [&hellip;]\" \/>\n<meta property=\"og:url\" content=\"https:\/\/yourjob.ba\/index.php\/2025\/08\/25\/andela-prva-prilika-u-struci-uz-podrsku-yourjob-programa\/\" \/>\n<meta property=\"og:site_name\" content=\"Potpora zapo\u0161ljivosti i mogu\u0107nostima zapo\u0161ljavanja mladih\" \/>\n<meta property=\"article:published_time\" content=\"2025-08-25T10:49:02+00:00\" \/>\n<meta property=\"article:modified_time\" content=\"2025-09-04T11:50:44+00:00\" \/>\n<meta property=\"og:image\" content=\"https:\/\/yourjob.ba\/wp-content\/uploads\/2025\/08\/1000002885_naslovna-e1756118363737.jpg\" \/>\n\t<meta property=\"og:image:width\" content=\"883\" \/>\n\t<meta property=\"og:image:height\" content=\"900\" \/>\n\t<meta property=\"og:image:type\" content=\"image\/jpeg\" \/>\n<meta name=\"author\" content=\"Selma\" \/>\n<meta name=\"twitter:card\" content=\"summary_large_image\" \/>\n<meta name=\"twitter:label1\" content=\"Written by\" \/>\n\t<meta name=\"twitter:data1\" content=\"Selma\" \/>\n\t<meta name=\"twitter:label2\" content=\"Est. reading time\" \/>\n\t<meta name=\"twitter:data2\" content=\"3 minutes\" \/>\n<script type=\"application\/ld+json\" class=\"yoast-schema-graph\">{\"@context\":\"https:\\\/\\\/schema.org\",\"@graph\":[{\"@type\":\"WebPage\",\"@id\":\"https:\\\/\\\/yourjob.ba\\\/index.php\\\/2025\\\/08\\\/25\\\/andela-prva-prilika-u-struci-uz-podrsku-yourjob-programa\\\/\",\"url\":\"https:\\\/\\\/yourjob.ba\\\/index.php\\\/2025\\\/08\\\/25\\\/andela-prva-prilika-u-struci-uz-podrsku-yourjob-programa\\\/\",\"name\":\"An\u0111ela: Prva prilika u struci uz podr\u0161ku YourJob programa - Potpora zapo\u0161ljivosti i mogu\u0107nostima zapo\u0161ljavanja mladih\",\"isPartOf\":{\"@id\":\"https:\\\/\\\/yourjob.ba\\\/#website\"},\"primaryImageOfPage\":{\"@id\":\"https:\\\/\\\/yourjob.ba\\\/index.php\\\/2025\\\/08\\\/25\\\/andela-prva-prilika-u-struci-uz-podrsku-yourjob-programa\\\/#primaryimage\"},\"image\":{\"@id\":\"https:\\\/\\\/yourjob.ba\\\/index.php\\\/2025\\\/08\\\/25\\\/andela-prva-prilika-u-struci-uz-podrsku-yourjob-programa\\\/#primaryimage\"},\"thumbnailUrl\":\"https:\\\/\\\/yourjob.ba\\\/wp-content\\\/uploads\\\/2025\\\/08\\\/1000002885_naslovna-e1756118363737.jpg\",\"datePublished\":\"2025-08-25T10:49:02+00:00\",\"dateModified\":\"2025-09-04T11:50:44+00:00\",\"breadcrumb\":{\"@id\":\"https:\\\/\\\/yourjob.ba\\\/index.php\\\/2025\\\/08\\\/25\\\/andela-prva-prilika-u-struci-uz-podrsku-yourjob-programa\\\/#breadcrumb\"},\"inLanguage\":\"en-US\",\"potentialAction\":[{\"@type\":\"ReadAction\",\"target\":[\"https:\\\/\\\/yourjob.ba\\\/index.php\\\/2025\\\/08\\\/25\\\/andela-prva-prilika-u-struci-uz-podrsku-yourjob-programa\\\/\"]}]},{\"@type\":\"ImageObject\",\"inLanguage\":\"en-US\",\"@id\":\"https:\\\/\\\/yourjob.ba\\\/index.php\\\/2025\\\/08\\\/25\\\/andela-prva-prilika-u-struci-uz-podrsku-yourjob-programa\\\/#primaryimage\",\"url\":\"https:\\\/\\\/yourjob.ba\\\/wp-content\\\/uploads\\\/2025\\\/08\\\/1000002885_naslovna-e1756118363737.jpg\",\"contentUrl\":\"https:\\\/\\\/yourjob.ba\\\/wp-content\\\/uploads\\\/2025\\\/08\\\/1000002885_naslovna-e1756118363737.jpg\",\"width\":883,\"height\":900},{\"@type\":\"BreadcrumbList\",\"@id\":\"https:\\\/\\\/yourjob.ba\\\/index.php\\\/2025\\\/08\\\/25\\\/andela-prva-prilika-u-struci-uz-podrsku-yourjob-programa\\\/#breadcrumb\",\"itemListElement\":[{\"@type\":\"ListItem\",\"position\":1,\"name\":\"Home\",\"item\":\"https:\\\/\\\/yourjob.ba\\\/\"},{\"@type\":\"ListItem\",\"position\":2,\"name\":\"An\u0111ela: Prva prilika u struci uz podr\u0161ku YourJob programa\"}]},{\"@type\":\"WebSite\",\"@id\":\"https:\\\/\\\/yourjob.ba\\\/#website\",\"url\":\"https:\\\/\\\/yourjob.ba\\\/\",\"name\":\"Potpora zapo\u0161ljivosti i mogu\u0107nostima zapo\u0161ljavanja mladih\",\"description\":\"\",\"publisher\":{\"@id\":\"https:\\\/\\\/yourjob.ba\\\/#organization\"},\"alternateName\":\"YourJob\",\"potentialAction\":[{\"@type\":\"SearchAction\",\"target\":{\"@type\":\"EntryPoint\",\"urlTemplate\":\"https:\\\/\\\/yourjob.ba\\\/?s={search_term_string}\"},\"query-input\":{\"@type\":\"PropertyValueSpecification\",\"valueRequired\":true,\"valueName\":\"search_term_string\"}}],\"inLanguage\":\"en-US\"},{\"@type\":\"Organization\",\"@id\":\"https:\\\/\\\/yourjob.ba\\\/#organization\",\"name\":\"YourJob\",\"url\":\"https:\\\/\\\/yourjob.ba\\\/\",\"logo\":{\"@type\":\"ImageObject\",\"inLanguage\":\"en-US\",\"@id\":\"https:\\\/\\\/yourjob.ba\\\/#\\\/schema\\\/logo\\\/image\\\/\",\"url\":\"https:\\\/\\\/yourjob.ba\\\/wp-content\\\/uploads\\\/2024\\\/09\\\/logo-01.jpg\",\"contentUrl\":\"https:\\\/\\\/yourjob.ba\\\/wp-content\\\/uploads\\\/2024\\\/09\\\/logo-01.jpg\",\"width\":1803,\"height\":673,\"caption\":\"YourJob\"},\"image\":{\"@id\":\"https:\\\/\\\/yourjob.ba\\\/#\\\/schema\\\/logo\\\/image\\\/\"}}]}<\/script>\n<!-- \/ Yoast SEO plugin. -->","yoast_head_json":{"title":"An\u0111ela: Prva prilika u struci uz podr\u0161ku YourJob programa - Potpora zapo\u0161ljivosti i mogu\u0107nostima zapo\u0161ljavanja mladih","robots":{"index":"index","follow":"follow","max-snippet":"max-snippet:-1","max-image-preview":"max-image-preview:large","max-video-preview":"max-video-preview:-1"},"canonical":"https:\/\/yourjob.ba\/index.php\/2025\/08\/25\/andela-prva-prilika-u-struci-uz-podrsku-yourjob-programa\/","og_locale":"en_US","og_type":"article","og_title":"An\u0111ela: Prva prilika u struci uz podr\u0161ku YourJob programa - Potpora zapo\u0161ljivosti i mogu\u0107nostima zapo\u0161ljavanja mladih","og_description":"An\u0111ela, farmaceutski tehni\u010dar iz \u010capljine i majka, zapo\u010dela je svoj pripravni\u010dki sta\u017e u Gradskoj ljekarni \u010capljina u sklopu YourJob programa za zapo\u0161ljavanje mladih. Kada je 2024. godine odlu\u010dila da se prijavi za podr\u0161ku kroz program, tra\u017eila je vi\u0161e od posla; tra\u017eila je novi po\u010detak, motivaciju i vjeru u sebe. Danas, zahvaljuju\u0107i ste\u010denom iskustvu i podr\u0161ci [&hellip;]","og_url":"https:\/\/yourjob.ba\/index.php\/2025\/08\/25\/andela-prva-prilika-u-struci-uz-podrsku-yourjob-programa\/","og_site_name":"Potpora zapo\u0161ljivosti i mogu\u0107nostima zapo\u0161ljavanja mladih","article_published_time":"2025-08-25T10:49:02+00:00","article_modified_time":"2025-09-04T11:50:44+00:00","og_image":[{"width":883,"height":900,"url":"https:\/\/yourjob.ba\/wp-content\/uploads\/2025\/08\/1000002885_naslovna-e1756118363737.jpg","type":"image\/jpeg"}],"author":"Selma","twitter_card":"summary_large_image","twitter_misc":{"Written by":"Selma","Est. reading time":"3 minutes"},"schema":{"@context":"https:\/\/schema.org","@graph":[{"@type":"WebPage","@id":"https:\/\/yourjob.ba\/index.php\/2025\/08\/25\/andela-prva-prilika-u-struci-uz-podrsku-yourjob-programa\/","url":"https:\/\/yourjob.ba\/index.php\/2025\/08\/25\/andela-prva-prilika-u-struci-uz-podrsku-yourjob-programa\/","name":"An\u0111ela: Prva prilika u struci uz podr\u0161ku YourJob programa - Potpora zapo\u0161ljivosti i mogu\u0107nostima zapo\u0161ljavanja mladih","isPartOf":{"@id":"https:\/\/yourjob.ba\/#website"},"primaryImageOfPage":{"@id":"https:\/\/yourjob.ba\/index.php\/2025\/08\/25\/andela-prva-prilika-u-struci-uz-podrsku-yourjob-programa\/#primaryimage"},"image":{"@id":"https:\/\/yourjob.ba\/index.php\/2025\/08\/25\/andela-prva-prilika-u-struci-uz-podrsku-yourjob-programa\/#primaryimage"},"thumbnailUrl":"https:\/\/yourjob.ba\/wp-content\/uploads\/2025\/08\/1000002885_naslovna-e1756118363737.jpg","datePublished":"2025-08-25T10:49:02+00:00","dateModified":"2025-09-04T11:50:44+00:00","breadcrumb":{"@id":"https:\/\/yourjob.ba\/index.php\/2025\/08\/25\/andela-prva-prilika-u-struci-uz-podrsku-yourjob-programa\/#breadcrumb"},"inLanguage":"en-US","potentialAction":[{"@type":"ReadAction","target":["https:\/\/yourjob.ba\/index.php\/2025\/08\/25\/andela-prva-prilika-u-struci-uz-podrsku-yourjob-programa\/"]}]},{"@type":"ImageObject","inLanguage":"en-US","@id":"https:\/\/yourjob.ba\/index.php\/2025\/08\/25\/andela-prva-prilika-u-struci-uz-podrsku-yourjob-programa\/#primaryimage","url":"https:\/\/yourjob.ba\/wp-content\/uploads\/2025\/08\/1000002885_naslovna-e1756118363737.jpg","contentUrl":"https:\/\/yourjob.ba\/wp-content\/uploads\/2025\/08\/1000002885_naslovna-e1756118363737.jpg","width":883,"height":900},{"@type":"BreadcrumbList","@id":"https:\/\/yourjob.ba\/index.php\/2025\/08\/25\/andela-prva-prilika-u-struci-uz-podrsku-yourjob-programa\/#breadcrumb","itemListElement":[{"@type":"ListItem","position":1,"name":"Home","item":"https:\/\/yourjob.ba\/"},{"@type":"ListItem","position":2,"name":"An\u0111ela: Prva prilika u struci uz podr\u0161ku YourJob programa"}]},{"@type":"WebSite","@id":"https:\/\/yourjob.ba\/#website","url":"https:\/\/yourjob.ba\/","name":"Potpora zapo\u0161ljivosti i mogu\u0107nostima zapo\u0161ljavanja mladih","description":"","publisher":{"@id":"https:\/\/yourjob.ba\/#organization"},"alternateName":"YourJob","potentialAction":[{"@type":"SearchAction","target":{"@type":"EntryPoint","urlTemplate":"https:\/\/yourjob.ba\/?s={search_term_string}"},"query-input":{"@type":"PropertyValueSpecification","valueRequired":true,"valueName":"search_term_string"}}],"inLanguage":"en-US"},{"@type":"Organization","@id":"https:\/\/yourjob.ba\/#organization","name":"YourJob","url":"https:\/\/yourjob.ba\/","logo":{"@type":"ImageObject","inLanguage":"en-US","@id":"https:\/\/yourjob.ba\/#\/schema\/logo\/image\/","url":"https:\/\/yourjob.ba\/wp-content\/uploads\/2024\/09\/logo-01.jpg","contentUrl":"https:\/\/yourjob.ba\/wp-content\/uploads\/2024\/09\/logo-01.jpg","width":1803,"height":673,"caption":"YourJob"},"image":{"@id":"https:\/\/yourjob.ba\/#\/schema\/logo\/image\/"}}]}},"_links":{"self":[{"href":"https:\/\/yourjob.ba\/index.php\/wp-json\/wp\/v2\/posts\/561","targetHints":{"allow":["GET"]}}],"collection":[{"href":"https:\/\/yourjob.ba\/index.php\/wp-json\/wp\/v2\/posts"}],"about":[{"href":"https:\/\/yourjob.ba\/index.php\/wp-json\/wp\/v2\/types\/post"}],"author":[{"embeddable":true,"href":"https:\/\/yourjob.ba\/index.php\/wp-json\/wp\/v2\/users\/3"}],"replies":[{"embeddable":true,"href":"https:\/\/yourjob.ba\/index.php\/wp-json\/wp\/v2\/comments?post=561"}],"version-history":[{"count":2,"href":"https:\/\/yourjob.ba\/index.php\/wp-json\/wp\/v2\/posts\/561\/revisions"}],"predecessor-version":[{"id":595,"href":"https:\/\/yourjob.ba\/index.php\/wp-json\/wp\/v2\/posts\/561\/revisions\/595"}],"wp:featuredmedia":[{"embeddable":true,"href":"https:\/\/yourjob.ba\/index.php\/wp-json\/wp\/v2\/media\/562"}],"wp:attachment":[{"href":"https:\/\/yourjob.ba\/index.php\/wp-json\/wp\/v2\/media?parent=561"}],"wp:term":[{"taxonomy":"category","embeddable":true,"href":"https:\/\/yourjob.ba\/index.php\/wp-json\/wp\/v2\/categories?post=561"},{"taxonomy":"post_tag","embeddable":true,"href":"https:\/\/yourjob.ba\/index.php\/wp-json\/wp\/v2\/tags?post=561"}],"curies":[{"name":"wp","href":"https:\/\/api.w.org\/{rel}","templated":true}]}}