{"id":502,"date":"2025-08-03T20:38:18","date_gmt":"2025-08-03T20:38:18","guid":{"rendered":"https:\/\/yourjob.ba\/?p=502"},"modified":"2025-08-08T11:13:01","modified_gmt":"2025-08-08T11:13:01","slug":"ermin-uz-pravu-podrsku-do-sigurnog-radnog-mjesta-i-samopouzdanja","status":"publish","type":"post","link":"https:\/\/yourjob.ba\/index.php\/2025\/08\/03\/ermin-uz-pravu-podrsku-do-sigurnog-radnog-mjesta-i-samopouzdanja\/","title":{"rendered":"Ermin: Uz pravu podr\u0161ku \u2013 do sigurnog radnog mjesta i samopouzdanja"},"content":{"rendered":"\n<p>Nakon \u0161to ste imali priliku upoznati Your Job savjetnicu za zapo\u0161ljavanje Mariju Zubac i njezin pristup u radu s mladima kroz projekt YourJob, u nastavku donosimo pri\u010du jednog od mladih s kojima je sura\u0111ivala \u2013 <strong>Ermina Zukanovi\u0107a<\/strong>, mladi\u0107a iz \u010capljine koji je uz podr\u0161ku projekta prona\u0161ao svoj profesionalni put i danas uspje\u0161no radi kao <strong>CNC operater<\/strong>.<\/p>\n\n\n\n<p>Ermin se u projekt uklju\u010dio na preporuku Slu\u017ebe za zapo\u0161ljavanje, a ve\u0107 pri prvom susretu s timom <strong>Your Job projekta<\/strong> uspostavljena je kvalitetna suradnja temeljena na razumijevanju i me\u0111usobnom povjerenju. <strong>Kroz strukturiranu podr\u0161ku, edukacije i prakti\u010dnu obuku, stekao je konkretna znanja i vje\u0161tine koje su ga osna\u017eile da se uspje\u0161no zaposli u svojoj struci.<\/strong><\/p>\n\n\n\n<p>Kroz projekt je pro\u0161ao niz edukacija \u2013 od <strong>izrade \u017eivotopisa, komunikacijskih vje\u0161tina i pripreme za intervju<\/strong>, pa sve do <strong>teorijske i prakti\u010dne obuke za CNC operatera<\/strong>, \u0161to se pokazalo kao prekretnica.<\/p>\n\n\n\n<blockquote class=\"wp-block-quote is-layout-flow wp-block-quote-is-layout-flow\">\n<p>\u201cNajizazovnije mi je bilo pripremiti kvalitetan CV i suo\u010diti se s intervjuom. To su stvari koje se rijetko u\u010de, ali mnogo zna\u010de. Najvrjednija mi je bila prakti\u010dna obuka \u2013 ona me pripremila za stvarni posao,\u201d isti\u010de Ermin.<\/p>\n<\/blockquote>\n\n\n\n<p>Govore\u0107i o svom iskustvu s obukom za <strong>CNC operatera<\/strong>, Ermin isti\u010de kako je upravo <strong>prakti\u010dna nastava<\/strong> odigrala klju\u010dnu ulogu u njegovom napretku. Ona mu je, kako ka\u017ee, pru\u017eila sigurnost da razumije stvarne radne uvjete, razvije tehni\u010dki na\u010din razmi\u0161ljanja i nau\u010di donositi brze i precizne odluke u radu s CNC ma\u0161inama. Obuka je realizirana uz podr\u0161ku <strong>Evropske unije i \u0160vedske kroz projekt EUzaZapo\u0161ljavanje<\/strong>.<\/p>\n\n\n\n<p><strong>Kontinuirana podr\u0161ka savjetnice Marije i ostatka Your Job tima<\/strong> bila je klju\u010dna za njegov osje\u0107aj<strong> sigurnosti i napredak<\/strong>. Upravo zahvaljuju\u0107i tom odnosu \u2013 u kojem je osje\u0107ao da ga netko <strong>prati, razumije i vjeruje u njegove kapacitete<\/strong> \u2013 stekao je dodatnu <strong>motivaciju i samopouzdanje <\/strong>koje su ga vodile kroz svaki korak procesa obuke i zapo\u0161ljavanja.<\/p>\n\n\n\n<blockquote class=\"wp-block-quote is-layout-flow wp-block-quote-is-layout-flow\">\n<p>\u201cSa savjetnicom Marijom i njenim kolegama sam se odli\u010dno slagao \u2013 pru\u017eali su mi podr\u0161ku od samog po\u010detka i pomogli mi da u\u0111em u program i poha\u0111am obuke koje su mi veoma pomogle da budem tu gdje sam danas,\u201d dodaje.<\/p>\n<\/blockquote>\n\n\n\n<figure class=\"wp-block-image size-large\"><img loading=\"lazy\" decoding=\"async\" width=\"1350\" height=\"1350\" src=\"https:\/\/yourjob.ba\/wp-content\/uploads\/2025\/07\/IMG-f18e1c401c68143efcfc7967fd799dee-V-edited.jpg\" alt=\"\" class=\"wp-image-517\" srcset=\"https:\/\/yourjob.ba\/wp-content\/uploads\/2025\/07\/IMG-f18e1c401c68143efcfc7967fd799dee-V-edited.jpg 1350w, https:\/\/yourjob.ba\/wp-content\/uploads\/2025\/07\/IMG-f18e1c401c68143efcfc7967fd799dee-V-edited-300x300.jpg 300w, https:\/\/yourjob.ba\/wp-content\/uploads\/2025\/07\/IMG-f18e1c401c68143efcfc7967fd799dee-V-edited-1024x1024.jpg 1024w, https:\/\/yourjob.ba\/wp-content\/uploads\/2025\/07\/IMG-f18e1c401c68143efcfc7967fd799dee-V-edited-150x150.jpg 150w, https:\/\/yourjob.ba\/wp-content\/uploads\/2025\/07\/IMG-f18e1c401c68143efcfc7967fd799dee-V-edited-768x768.jpg 768w\" sizes=\"auto, (max-width: 1350px) 100vw, 1350px\" \/><\/figure>\n\n\n\n<p>Danas je Ermin <strong>zaposlen <\/strong>i <strong>planira ostati u tvrtki u kojoj radi<\/strong>, jer zna \u0161to mo\u017ee i osje\u0107a se spremno za zahtjeve tr\u017ei\u0161ta rada.<\/p>\n\n\n\n<blockquote class=\"wp-block-quote is-layout-flow wp-block-quote-is-layout-flow\">\n<p>\u201cOsje\u0107am se spremno jer znam \u0161to je potrebno \u2013 ne samo znanje, nego i samopouzdanje, vje\u0161tina komunikacije, dobra prezentacija, spremnost da u\u010di\u0161. Sve to sam stekao kroz YourJob.\u201d<\/p>\n<\/blockquote>\n\n\n\n<p>Za mnoge mlade poput njega, prilika za ovakav oblik podr\u0161ke mo\u017ee napraviti klju\u010dnu razliku. Erminova pri\u010da potvr\u0111uje koliko je va\u017eno <strong>da mladi imaju pristup prakti\u010dnom obrazovanju, jasnom usmjerenju i osobnoj podr\u0161ci<\/strong> \u2013 jer bez toga te\u0161ko prepoznaju vlastiti potencijal.<\/p>\n\n\n\n<blockquote class=\"wp-block-quote is-layout-flow wp-block-quote-is-layout-flow\">\n<p>\u201cMladima koji jo\u0161 tra\u017ee posao preporu\u010dio bih da se jave u Your Job savjetovali\u0161te za zapo\u0161ljavanje. To je pravo mjesto za njih \u2013 neka budu uporni, neka ne \u010dekaju da im se sve samo dogodi. Trud, rad i zalaganje uvijek se isplate.\u201d<\/p>\n<\/blockquote>\n\n\n\n<p><strong>Ermin je primjer kako uz priliku i rad \u2013 dolazi i rezultat.<\/strong> Njegov put pokazuje da ulaganje u stru\u010dno obrazovanje i osna\u017eivanje mladih nije tro\u0161ak, nego ulaganje u ljude koji \u017eele raditi i napredovati u svojoj zajednici.<\/p>\n\n\n\n<figure class=\"wp-block-gallery has-nested-images columns-default is-cropped wp-block-gallery-1 is-layout-flex wp-block-gallery-is-layout-flex\">\n<figure class=\"wp-block-image size-large\"><img loading=\"lazy\" decoding=\"async\" width=\"768\" height=\"1024\" data-id=\"511\" src=\"https:\/\/yourjob.ba\/wp-content\/uploads\/2025\/07\/PHOTO-2025-05-28-12-16-27-1-768x1024.jpg\" alt=\"\" class=\"wp-image-511\" srcset=\"https:\/\/yourjob.ba\/wp-content\/uploads\/2025\/07\/PHOTO-2025-05-28-12-16-27-1-768x1024.jpg 768w, https:\/\/yourjob.ba\/wp-content\/uploads\/2025\/07\/PHOTO-2025-05-28-12-16-27-1-225x300.jpg 225w, https:\/\/yourjob.ba\/wp-content\/uploads\/2025\/07\/PHOTO-2025-05-28-12-16-27-1-1152x1536.jpg 1152w, https:\/\/yourjob.ba\/wp-content\/uploads\/2025\/07\/PHOTO-2025-05-28-12-16-27-1.jpg 1536w\" sizes=\"auto, (max-width: 768px) 100vw, 768px\" \/><figcaption class=\"wp-element-caption\">Ermin na potpisivanju ugovora za obuku<\/figcaption><\/figure>\n\n\n\n<figure class=\"wp-block-image size-large\"><img loading=\"lazy\" decoding=\"async\" width=\"768\" height=\"1024\" data-id=\"512\" src=\"https:\/\/yourjob.ba\/wp-content\/uploads\/2025\/07\/PHOTO-2025-05-28-12-16-13-1-768x1024.jpg\" alt=\"\" class=\"wp-image-512\" srcset=\"https:\/\/yourjob.ba\/wp-content\/uploads\/2025\/07\/PHOTO-2025-05-28-12-16-13-1-768x1024.jpg 768w, https:\/\/yourjob.ba\/wp-content\/uploads\/2025\/07\/PHOTO-2025-05-28-12-16-13-1-225x300.jpg 225w, https:\/\/yourjob.ba\/wp-content\/uploads\/2025\/07\/PHOTO-2025-05-28-12-16-13-1-1152x1536.jpg 1152w, https:\/\/yourjob.ba\/wp-content\/uploads\/2025\/07\/PHOTO-2025-05-28-12-16-13-1.jpg 1536w\" sizes=\"auto, (max-width: 768px) 100vw, 768px\" \/><figcaption class=\"wp-element-caption\">Ermin na obuci za CNC operatera<\/figcaption><\/figure>\n\n\n\n<figure class=\"wp-block-image size-large\"><img loading=\"lazy\" decoding=\"async\" width=\"768\" height=\"1024\" data-id=\"514\" src=\"https:\/\/yourjob.ba\/wp-content\/uploads\/2025\/07\/PHOTO-2025-05-28-12-16-22-768x1024.jpg\" alt=\"\" class=\"wp-image-514\" srcset=\"https:\/\/yourjob.ba\/wp-content\/uploads\/2025\/07\/PHOTO-2025-05-28-12-16-22-768x1024.jpg 768w, https:\/\/yourjob.ba\/wp-content\/uploads\/2025\/07\/PHOTO-2025-05-28-12-16-22-225x300.jpg 225w, https:\/\/yourjob.ba\/wp-content\/uploads\/2025\/07\/PHOTO-2025-05-28-12-16-22-1152x1536.jpg 1152w, https:\/\/yourjob.ba\/wp-content\/uploads\/2025\/07\/PHOTO-2025-05-28-12-16-22.jpg 1536w\" sizes=\"auto, (max-width: 768px) 100vw, 768px\" \/><figcaption class=\"wp-element-caption\">Ermin na obuci za CNC operatera<\/figcaption><\/figure>\n\n\n\n<figure class=\"wp-block-image size-large\"><img loading=\"lazy\" decoding=\"async\" width=\"768\" height=\"1024\" data-id=\"513\" src=\"https:\/\/yourjob.ba\/wp-content\/uploads\/2025\/07\/PHOTO-2025-05-28-12-16-23-768x1024.jpg\" alt=\"\" class=\"wp-image-513\" srcset=\"https:\/\/yourjob.ba\/wp-content\/uploads\/2025\/07\/PHOTO-2025-05-28-12-16-23-768x1024.jpg 768w, https:\/\/yourjob.ba\/wp-content\/uploads\/2025\/07\/PHOTO-2025-05-28-12-16-23-225x300.jpg 225w, https:\/\/yourjob.ba\/wp-content\/uploads\/2025\/07\/PHOTO-2025-05-28-12-16-23-1152x1536.jpg 1152w, https:\/\/yourjob.ba\/wp-content\/uploads\/2025\/07\/PHOTO-2025-05-28-12-16-23.jpg 1536w\" sizes=\"auto, (max-width: 768px) 100vw, 768px\" \/><figcaption class=\"wp-element-caption\">Ermin na obuci za CNC operatera<\/figcaption><\/figure>\n<\/figure>\n\n\n\n<p><\/p>\n\n\n\n<p><em><strong>Obuka za aktivno tra\u017eenje posla i obuka za CNC operatera odr\u017eana je u okviru projekta Your Job i inicijative EUzaZapo\u0161ljavanje, koju financiraju Europska unija i \u0160vedska, uz provedbu Me\u0111unarodne organizacije rada u BiH.<\/strong><\/em><\/p>\n","protected":false},"excerpt":{"rendered":"<p>Nakon \u0161to ste imali priliku upoznati Your Job savjetnicu za zapo\u0161ljavanje Mariju Zubac i njezin pristup u radu s mladima kroz projekt YourJob, u nastavku donosimo pri\u010du jednog od mladih s kojima je sura\u0111ivala \u2013 Ermina Zukanovi\u0107a, mladi\u0107a iz \u010capljine koji je uz podr\u0161ku projekta prona\u0161ao svoj profesionalni put i danas uspje\u0161no radi kao CNC [&hellip;]<\/p>\n","protected":false},"author":2,"featured_media":504,"comment_status":"open","ping_status":"open","sticky":false,"template":"","format":"standard","meta":{"footnotes":""},"categories":[1],"tags":[],"class_list":["post-502","post","type-post","status-publish","format-standard","has-post-thumbnail","hentry","category-price"],"yoast_head":"<!-- This site is optimized with the Yoast SEO plugin v27.5 - https:\/\/yoast.com\/product\/yoast-seo-wordpress\/ -->\n<title>Ermin: Uz pravu podr\u0161ku \u2013 do sigurnog radnog mjesta i samopouzdanja - Potpora zapo\u0161ljivosti i mogu\u0107nostima zapo\u0161ljavanja mladih<\/title>\n<meta name=\"robots\" content=\"index, follow, max-snippet:-1, max-image-preview:large, max-video-preview:-1\" \/>\n<link rel=\"canonical\" href=\"https:\/\/yourjob.ba\/index.php\/2025\/08\/03\/ermin-uz-pravu-podrsku-do-sigurnog-radnog-mjesta-i-samopouzdanja\/\" \/>\n<meta property=\"og:locale\" content=\"en_US\" \/>\n<meta property=\"og:type\" content=\"article\" \/>\n<meta property=\"og:title\" content=\"Ermin: Uz pravu podr\u0161ku \u2013 do sigurnog radnog mjesta i samopouzdanja - Potpora zapo\u0161ljivosti i mogu\u0107nostima zapo\u0161ljavanja mladih\" \/>\n<meta property=\"og:description\" content=\"Nakon \u0161to ste imali priliku upoznati Your Job savjetnicu za zapo\u0161ljavanje Mariju Zubac i njezin pristup u radu s mladima kroz projekt YourJob, u nastavku donosimo pri\u010du jednog od mladih s kojima je sura\u0111ivala \u2013 Ermina Zukanovi\u0107a, mladi\u0107a iz \u010capljine koji je uz podr\u0161ku projekta prona\u0161ao svoj profesionalni put i danas uspje\u0161no radi kao CNC [&hellip;]\" \/>\n<meta property=\"og:url\" content=\"https:\/\/yourjob.ba\/index.php\/2025\/08\/03\/ermin-uz-pravu-podrsku-do-sigurnog-radnog-mjesta-i-samopouzdanja\/\" \/>\n<meta property=\"og:site_name\" content=\"Potpora zapo\u0161ljivosti i mogu\u0107nostima zapo\u0161ljavanja mladih\" \/>\n<meta property=\"article:published_time\" content=\"2025-08-03T20:38:18+00:00\" \/>\n<meta property=\"article:modified_time\" content=\"2025-08-08T11:13:01+00:00\" \/>\n<meta property=\"og:image\" content=\"https:\/\/yourjob.ba\/wp-content\/uploads\/2025\/07\/PHOTO-2025-05-28-12-16-13a.jpg\" \/>\n\t<meta property=\"og:image:width\" content=\"1536\" \/>\n\t<meta property=\"og:image:height\" content=\"1227\" \/>\n\t<meta property=\"og:image:type\" content=\"image\/jpeg\" \/>\n<meta name=\"author\" content=\"Ivona VIda\u010dkovi\u0107\" \/>\n<meta name=\"twitter:card\" content=\"summary_large_image\" \/>\n<meta name=\"twitter:label1\" content=\"Written by\" \/>\n\t<meta name=\"twitter:data1\" content=\"Ivona VIda\u010dkovi\u0107\" \/>\n\t<meta name=\"twitter:label2\" content=\"Est. reading time\" \/>\n\t<meta name=\"twitter:data2\" content=\"3 minutes\" \/>\n<script type=\"application\/ld+json\" class=\"yoast-schema-graph\">{\"@context\":\"https:\\\/\\\/schema.org\",\"@graph\":[{\"@type\":\"WebPage\",\"@id\":\"https:\\\/\\\/yourjob.ba\\\/index.php\\\/2025\\\/08\\\/03\\\/ermin-uz-pravu-podrsku-do-sigurnog-radnog-mjesta-i-samopouzdanja\\\/\",\"url\":\"https:\\\/\\\/yourjob.ba\\\/index.php\\\/2025\\\/08\\\/03\\\/ermin-uz-pravu-podrsku-do-sigurnog-radnog-mjesta-i-samopouzdanja\\\/\",\"name\":\"Ermin: Uz pravu podr\u0161ku \u2013 do sigurnog radnog mjesta i samopouzdanja - Potpora zapo\u0161ljivosti i mogu\u0107nostima zapo\u0161ljavanja mladih\",\"isPartOf\":{\"@id\":\"https:\\\/\\\/yourjob.ba\\\/#website\"},\"primaryImageOfPage\":{\"@id\":\"https:\\\/\\\/yourjob.ba\\\/index.php\\\/2025\\\/08\\\/03\\\/ermin-uz-pravu-podrsku-do-sigurnog-radnog-mjesta-i-samopouzdanja\\\/#primaryimage\"},\"image\":{\"@id\":\"https:\\\/\\\/yourjob.ba\\\/index.php\\\/2025\\\/08\\\/03\\\/ermin-uz-pravu-podrsku-do-sigurnog-radnog-mjesta-i-samopouzdanja\\\/#primaryimage\"},\"thumbnailUrl\":\"https:\\\/\\\/yourjob.ba\\\/wp-content\\\/uploads\\\/2025\\\/07\\\/PHOTO-2025-05-28-12-16-13a.jpg\",\"datePublished\":\"2025-08-03T20:38:18+00:00\",\"dateModified\":\"2025-08-08T11:13:01+00:00\",\"breadcrumb\":{\"@id\":\"https:\\\/\\\/yourjob.ba\\\/index.php\\\/2025\\\/08\\\/03\\\/ermin-uz-pravu-podrsku-do-sigurnog-radnog-mjesta-i-samopouzdanja\\\/#breadcrumb\"},\"inLanguage\":\"en-US\",\"potentialAction\":[{\"@type\":\"ReadAction\",\"target\":[\"https:\\\/\\\/yourjob.ba\\\/index.php\\\/2025\\\/08\\\/03\\\/ermin-uz-pravu-podrsku-do-sigurnog-radnog-mjesta-i-samopouzdanja\\\/\"]}]},{\"@type\":\"ImageObject\",\"inLanguage\":\"en-US\",\"@id\":\"https:\\\/\\\/yourjob.ba\\\/index.php\\\/2025\\\/08\\\/03\\\/ermin-uz-pravu-podrsku-do-sigurnog-radnog-mjesta-i-samopouzdanja\\\/#primaryimage\",\"url\":\"https:\\\/\\\/yourjob.ba\\\/wp-content\\\/uploads\\\/2025\\\/07\\\/PHOTO-2025-05-28-12-16-13a.jpg\",\"contentUrl\":\"https:\\\/\\\/yourjob.ba\\\/wp-content\\\/uploads\\\/2025\\\/07\\\/PHOTO-2025-05-28-12-16-13a.jpg\",\"width\":1536,\"height\":1227},{\"@type\":\"BreadcrumbList\",\"@id\":\"https:\\\/\\\/yourjob.ba\\\/index.php\\\/2025\\\/08\\\/03\\\/ermin-uz-pravu-podrsku-do-sigurnog-radnog-mjesta-i-samopouzdanja\\\/#breadcrumb\",\"itemListElement\":[{\"@type\":\"ListItem\",\"position\":1,\"name\":\"Home\",\"item\":\"https:\\\/\\\/yourjob.ba\\\/\"},{\"@type\":\"ListItem\",\"position\":2,\"name\":\"Ermin: Uz pravu podr\u0161ku \u2013 do sigurnog radnog mjesta i samopouzdanja\"}]},{\"@type\":\"WebSite\",\"@id\":\"https:\\\/\\\/yourjob.ba\\\/#website\",\"url\":\"https:\\\/\\\/yourjob.ba\\\/\",\"name\":\"Potpora zapo\u0161ljivosti i mogu\u0107nostima zapo\u0161ljavanja mladih\",\"description\":\"\",\"publisher\":{\"@id\":\"https:\\\/\\\/yourjob.ba\\\/#organization\"},\"alternateName\":\"YourJob\",\"potentialAction\":[{\"@type\":\"SearchAction\",\"target\":{\"@type\":\"EntryPoint\",\"urlTemplate\":\"https:\\\/\\\/yourjob.ba\\\/?s={search_term_string}\"},\"query-input\":{\"@type\":\"PropertyValueSpecification\",\"valueRequired\":true,\"valueName\":\"search_term_string\"}}],\"inLanguage\":\"en-US\"},{\"@type\":\"Organization\",\"@id\":\"https:\\\/\\\/yourjob.ba\\\/#organization\",\"name\":\"YourJob\",\"url\":\"https:\\\/\\\/yourjob.ba\\\/\",\"logo\":{\"@type\":\"ImageObject\",\"inLanguage\":\"en-US\",\"@id\":\"https:\\\/\\\/yourjob.ba\\\/#\\\/schema\\\/logo\\\/image\\\/\",\"url\":\"https:\\\/\\\/yourjob.ba\\\/wp-content\\\/uploads\\\/2024\\\/09\\\/logo-01.jpg\",\"contentUrl\":\"https:\\\/\\\/yourjob.ba\\\/wp-content\\\/uploads\\\/2024\\\/09\\\/logo-01.jpg\",\"width\":1803,\"height\":673,\"caption\":\"YourJob\"},\"image\":{\"@id\":\"https:\\\/\\\/yourjob.ba\\\/#\\\/schema\\\/logo\\\/image\\\/\"}}]}<\/script>\n<!-- \/ Yoast SEO plugin. -->","yoast_head_json":{"title":"Ermin: Uz pravu podr\u0161ku \u2013 do sigurnog radnog mjesta i samopouzdanja - Potpora zapo\u0161ljivosti i mogu\u0107nostima zapo\u0161ljavanja mladih","robots":{"index":"index","follow":"follow","max-snippet":"max-snippet:-1","max-image-preview":"max-image-preview:large","max-video-preview":"max-video-preview:-1"},"canonical":"https:\/\/yourjob.ba\/index.php\/2025\/08\/03\/ermin-uz-pravu-podrsku-do-sigurnog-radnog-mjesta-i-samopouzdanja\/","og_locale":"en_US","og_type":"article","og_title":"Ermin: Uz pravu podr\u0161ku \u2013 do sigurnog radnog mjesta i samopouzdanja - Potpora zapo\u0161ljivosti i mogu\u0107nostima zapo\u0161ljavanja mladih","og_description":"Nakon \u0161to ste imali priliku upoznati Your Job savjetnicu za zapo\u0161ljavanje Mariju Zubac i njezin pristup u radu s mladima kroz projekt YourJob, u nastavku donosimo pri\u010du jednog od mladih s kojima je sura\u0111ivala \u2013 Ermina Zukanovi\u0107a, mladi\u0107a iz \u010capljine koji je uz podr\u0161ku projekta prona\u0161ao svoj profesionalni put i danas uspje\u0161no radi kao CNC [&hellip;]","og_url":"https:\/\/yourjob.ba\/index.php\/2025\/08\/03\/ermin-uz-pravu-podrsku-do-sigurnog-radnog-mjesta-i-samopouzdanja\/","og_site_name":"Potpora zapo\u0161ljivosti i mogu\u0107nostima zapo\u0161ljavanja mladih","article_published_time":"2025-08-03T20:38:18+00:00","article_modified_time":"2025-08-08T11:13:01+00:00","og_image":[{"width":1536,"height":1227,"url":"https:\/\/yourjob.ba\/wp-content\/uploads\/2025\/07\/PHOTO-2025-05-28-12-16-13a.jpg","type":"image\/jpeg"}],"author":"Ivona VIda\u010dkovi\u0107","twitter_card":"summary_large_image","twitter_misc":{"Written by":"Ivona VIda\u010dkovi\u0107","Est. reading time":"3 minutes"},"schema":{"@context":"https:\/\/schema.org","@graph":[{"@type":"WebPage","@id":"https:\/\/yourjob.ba\/index.php\/2025\/08\/03\/ermin-uz-pravu-podrsku-do-sigurnog-radnog-mjesta-i-samopouzdanja\/","url":"https:\/\/yourjob.ba\/index.php\/2025\/08\/03\/ermin-uz-pravu-podrsku-do-sigurnog-radnog-mjesta-i-samopouzdanja\/","name":"Ermin: Uz pravu podr\u0161ku \u2013 do sigurnog radnog mjesta i samopouzdanja - Potpora zapo\u0161ljivosti i mogu\u0107nostima zapo\u0161ljavanja mladih","isPartOf":{"@id":"https:\/\/yourjob.ba\/#website"},"primaryImageOfPage":{"@id":"https:\/\/yourjob.ba\/index.php\/2025\/08\/03\/ermin-uz-pravu-podrsku-do-sigurnog-radnog-mjesta-i-samopouzdanja\/#primaryimage"},"image":{"@id":"https:\/\/yourjob.ba\/index.php\/2025\/08\/03\/ermin-uz-pravu-podrsku-do-sigurnog-radnog-mjesta-i-samopouzdanja\/#primaryimage"},"thumbnailUrl":"https:\/\/yourjob.ba\/wp-content\/uploads\/2025\/07\/PHOTO-2025-05-28-12-16-13a.jpg","datePublished":"2025-08-03T20:38:18+00:00","dateModified":"2025-08-08T11:13:01+00:00","breadcrumb":{"@id":"https:\/\/yourjob.ba\/index.php\/2025\/08\/03\/ermin-uz-pravu-podrsku-do-sigurnog-radnog-mjesta-i-samopouzdanja\/#breadcrumb"},"inLanguage":"en-US","potentialAction":[{"@type":"ReadAction","target":["https:\/\/yourjob.ba\/index.php\/2025\/08\/03\/ermin-uz-pravu-podrsku-do-sigurnog-radnog-mjesta-i-samopouzdanja\/"]}]},{"@type":"ImageObject","inLanguage":"en-US","@id":"https:\/\/yourjob.ba\/index.php\/2025\/08\/03\/ermin-uz-pravu-podrsku-do-sigurnog-radnog-mjesta-i-samopouzdanja\/#primaryimage","url":"https:\/\/yourjob.ba\/wp-content\/uploads\/2025\/07\/PHOTO-2025-05-28-12-16-13a.jpg","contentUrl":"https:\/\/yourjob.ba\/wp-content\/uploads\/2025\/07\/PHOTO-2025-05-28-12-16-13a.jpg","width":1536,"height":1227},{"@type":"BreadcrumbList","@id":"https:\/\/yourjob.ba\/index.php\/2025\/08\/03\/ermin-uz-pravu-podrsku-do-sigurnog-radnog-mjesta-i-samopouzdanja\/#breadcrumb","itemListElement":[{"@type":"ListItem","position":1,"name":"Home","item":"https:\/\/yourjob.ba\/"},{"@type":"ListItem","position":2,"name":"Ermin: Uz pravu podr\u0161ku \u2013 do sigurnog radnog mjesta i samopouzdanja"}]},{"@type":"WebSite","@id":"https:\/\/yourjob.ba\/#website","url":"https:\/\/yourjob.ba\/","name":"Potpora zapo\u0161ljivosti i mogu\u0107nostima zapo\u0161ljavanja mladih","description":"","publisher":{"@id":"https:\/\/yourjob.ba\/#organization"},"alternateName":"YourJob","potentialAction":[{"@type":"SearchAction","target":{"@type":"EntryPoint","urlTemplate":"https:\/\/yourjob.ba\/?s={search_term_string}"},"query-input":{"@type":"PropertyValueSpecification","valueRequired":true,"valueName":"search_term_string"}}],"inLanguage":"en-US"},{"@type":"Organization","@id":"https:\/\/yourjob.ba\/#organization","name":"YourJob","url":"https:\/\/yourjob.ba\/","logo":{"@type":"ImageObject","inLanguage":"en-US","@id":"https:\/\/yourjob.ba\/#\/schema\/logo\/image\/","url":"https:\/\/yourjob.ba\/wp-content\/uploads\/2024\/09\/logo-01.jpg","contentUrl":"https:\/\/yourjob.ba\/wp-content\/uploads\/2024\/09\/logo-01.jpg","width":1803,"height":673,"caption":"YourJob"},"image":{"@id":"https:\/\/yourjob.ba\/#\/schema\/logo\/image\/"}}]}},"_links":{"self":[{"href":"https:\/\/yourjob.ba\/index.php\/wp-json\/wp\/v2\/posts\/502","targetHints":{"allow":["GET"]}}],"collection":[{"href":"https:\/\/yourjob.ba\/index.php\/wp-json\/wp\/v2\/posts"}],"about":[{"href":"https:\/\/yourjob.ba\/index.php\/wp-json\/wp\/v2\/types\/post"}],"author":[{"embeddable":true,"href":"https:\/\/yourjob.ba\/index.php\/wp-json\/wp\/v2\/users\/2"}],"replies":[{"embeddable":true,"href":"https:\/\/yourjob.ba\/index.php\/wp-json\/wp\/v2\/comments?post=502"}],"version-history":[{"count":7,"href":"https:\/\/yourjob.ba\/index.php\/wp-json\/wp\/v2\/posts\/502\/revisions"}],"predecessor-version":[{"id":557,"href":"https:\/\/yourjob.ba\/index.php\/wp-json\/wp\/v2\/posts\/502\/revisions\/557"}],"wp:featuredmedia":[{"embeddable":true,"href":"https:\/\/yourjob.ba\/index.php\/wp-json\/wp\/v2\/media\/504"}],"wp:attachment":[{"href":"https:\/\/yourjob.ba\/index.php\/wp-json\/wp\/v2\/media?parent=502"}],"wp:term":[{"taxonomy":"category","embeddable":true,"href":"https:\/\/yourjob.ba\/index.php\/wp-json\/wp\/v2\/categories?post=502"},{"taxonomy":"post_tag","embeddable":true,"href":"https:\/\/yourjob.ba\/index.php\/wp-json\/wp\/v2\/tags?post=502"}],"curies":[{"name":"wp","href":"https:\/\/api.w.org\/{rel}","templated":true}]}}