{"id":489,"date":"2025-09-01T12:07:57","date_gmt":"2025-09-01T12:07:57","guid":{"rendered":"https:\/\/yourjob.ba\/?p=489"},"modified":"2025-09-01T12:07:59","modified_gmt":"2025-09-01T12:07:59","slug":"ferdinando-prica-o-povratku-ucenju-i-ostanku","status":"publish","type":"post","link":"https:\/\/yourjob.ba\/index.php\/2025\/09\/01\/ferdinando-prica-o-povratku-ucenju-i-ostanku\/","title":{"rendered":"Ferdinando: Pri\u010da o povratku, u\u010denju i ostanku"},"content":{"rendered":"\n<p><\/p>\n\n\n\n<p><strong>Ferdinando Ivankovi\u0107<\/strong> dolazi iz \u010citluka, a danas radi kao <strong>CNC programer u jednoj doma\u0107oj kompaniji<\/strong> \u2013 posao koji je prona\u0161ao zahvaljuju\u0107i vlastitom anga\u017emanu, jasnoj viziji i podr\u0161ci projekta <strong>YourJob<\/strong>.<\/p>\n\n\n\n<p>Nakon \u0161to je <strong>pet godina radio u inozemstvu kao konobar<\/strong>, odlu\u010dio se vratiti u Bosnu i Hercegovinu. U trenutku povratka, nije znao \u0161to ga to\u010dno \u010deka, ali bio je uvjeren da \u017eeli poku\u0161ati izgraditi karijeru upravo ovdje. Tra\u017eio je ozbiljnu priliku, konkretno usmjerenje \u2013 i prona\u0161ao ga je.<\/p>\n\n\n\n<p>Za projekt YourJob saznao je putem <strong>Udruge Mlada snaga Hamzi\u0107i<\/strong>, \u010diji je \u010dlan. Obratio se <strong>savjetovali\u0161tu YourJob u Mostaru<\/strong>, gdje je razgovarao sa <strong>savjetnicom Danijelom \u010cule<\/strong>, koja je prepoznala njegov potencijal.<\/p>\n\n\n\n<blockquote class=\"wp-block-quote is-layout-flow wp-block-quote-is-layout-flow\">\n<p>\u201cNakon obavljenog savjetovanja, izradili smo individualni plan i program podr\u0161ke \u2013 i tako je zapo\u010deo njegov put prema zanimanju CNC operatera,\u201d ka\u017ee savjetnica Danijela.<br>\u201cFerdinando je bio iznimno motiviran, komunikativan i spreman u\u010diti. S takvim stavom nije iznena\u0111enje da je ostvario ono \u0161to je \u017eelio.\u201d<\/p>\n<\/blockquote>\n\n\n\n<figure class=\"wp-block-image size-large\"><img loading=\"lazy\" decoding=\"async\" width=\"1024\" height=\"1016\" src=\"https:\/\/yourjob.ba\/wp-content\/uploads\/2025\/07\/IMG-20250411-WA0045a-1024x1016.jpg\" alt=\"\" class=\"wp-image-493\" srcset=\"https:\/\/yourjob.ba\/wp-content\/uploads\/2025\/07\/IMG-20250411-WA0045a-1024x1016.jpg 1024w, https:\/\/yourjob.ba\/wp-content\/uploads\/2025\/07\/IMG-20250411-WA0045a-300x298.jpg 300w, https:\/\/yourjob.ba\/wp-content\/uploads\/2025\/07\/IMG-20250411-WA0045a-150x150.jpg 150w, https:\/\/yourjob.ba\/wp-content\/uploads\/2025\/07\/IMG-20250411-WA0045a-768x762.jpg 768w, https:\/\/yourjob.ba\/wp-content\/uploads\/2025\/07\/IMG-20250411-WA0045a.jpg 1530w\" sizes=\"auto, (max-width: 1024px) 100vw, 1024px\" \/><figcaption class=\"wp-element-caption\">Ferdinando na obuci za CNC operatera<\/figcaption><\/figure>\n\n\n\n<p>Ubrzo je upisan na <strong>obuku za CNC operatera<\/strong>, organiziranu <strong>uz podr\u0161ku Evropske unije i \u0160vedske kroz projekt EUzaZapo\u0161ljavanje<\/strong>. Iako ranije nije imao iskustva u strojarstvu, pokazao se kao <strong>jedan od najuspje\u0161nijih i najposve\u0107enijih polaznika<\/strong>. Znanja je stjecao kroz prakti\u010dan rad i uz podr\u0161ku mentora, a nova vje\u0161tina otvorila mu je vrata stabilnog zaposlenja.<\/p>\n\n\n\n<blockquote class=\"wp-block-quote is-layout-flow wp-block-quote-is-layout-flow\">\n<p>\u201cDanijelina posve\u0107enost, znanje i strpljenje zaista su nam olak\u0161ali u\u010denje i ohrabrili sve nas da damo svoj maksimum,\u201d prisje\u0107a se Ferdinando.<\/p>\n<\/blockquote>\n\n\n\n<p>Ferdinando danas radi, napreduje i planira budu\u0107nost u BiH. Isti\u010de koliko je va\u017eno <strong>da mladi dobiju priliku za obrazovanje i stru\u010dno osposobljavanje<\/strong>, jer je upravo to ono \u0161to mnogima nedostaje \u2013 prava informacija, dobra podr\u0161ka i jasno usmjerenje.<\/p>\n\n\n\n<blockquote class=\"wp-block-quote is-layout-flow wp-block-quote-is-layout-flow\">\n<p>\u201cU budu\u0107nosti se vidim kao uspje\u0161an poduzetnik s vlastitom kompanijom u podru\u010dju strojarstva, koja \u0107e animirati mlade i poticati ih na razvoj. Svima bih preporu\u010dio da poku\u0161aju \u2013 nemojte biti nesigurni u sebe. Uz podr\u0161ku savjetnika i edukatora iz YourJob tima, sve je lak\u0161e.\u201d<\/p>\n<\/blockquote>\n\n\n\n<figure class=\"wp-block-gallery has-nested-images columns-default is-cropped wp-block-gallery-1 is-layout-flex wp-block-gallery-is-layout-flex\">\n<figure class=\"wp-block-image size-large\"><img loading=\"lazy\" decoding=\"async\" width=\"1024\" height=\"631\" data-id=\"507\" src=\"https:\/\/yourjob.ba\/wp-content\/uploads\/2025\/07\/IMG-20250411-WA0009a-1-1024x631.jpg\" alt=\"\" class=\"wp-image-507\" srcset=\"https:\/\/yourjob.ba\/wp-content\/uploads\/2025\/07\/IMG-20250411-WA0009a-1-1024x631.jpg 1024w, https:\/\/yourjob.ba\/wp-content\/uploads\/2025\/07\/IMG-20250411-WA0009a-1-300x185.jpg 300w, https:\/\/yourjob.ba\/wp-content\/uploads\/2025\/07\/IMG-20250411-WA0009a-1-768x474.jpg 768w, https:\/\/yourjob.ba\/wp-content\/uploads\/2025\/07\/IMG-20250411-WA0009a-1-1536x947.jpg 1536w, https:\/\/yourjob.ba\/wp-content\/uploads\/2025\/07\/IMG-20250411-WA0009a-1.jpg 1753w\" sizes=\"auto, (max-width: 1024px) 100vw, 1024px\" \/><figcaption class=\"wp-element-caption\">Ferdinando na CNC obuci<\/figcaption><\/figure>\n<\/figure>\n\n\n\n<p><strong>Za Ferdinanda, ova obuka bila je prekretnica<\/strong> \u2013 ne samo da je prona\u0161ao posao, nego i <strong>u\u010dvrstio svoju odluku da ostane u BiH i doprinosi ovdje<\/strong>. Njegova pri\u010da potvr\u0111uje ono \u0161to je temelj svake odr\u017eive zajednice: <strong>kad mladima damo priliku da u\u010de, rastu i biraju, oni biraju ostanak \u2013 i prave razliku.<\/strong><\/p>\n\n\n\n<figure class=\"wp-block-image size-large\"><img loading=\"lazy\" decoding=\"async\" width=\"1024\" height=\"768\" src=\"https:\/\/yourjob.ba\/wp-content\/uploads\/2025\/07\/IMG-f6c02b751f9a7950439e4b3366edfa55-V-1024x768.jpg\" alt=\"\" class=\"wp-image-500\" srcset=\"https:\/\/yourjob.ba\/wp-content\/uploads\/2025\/07\/IMG-f6c02b751f9a7950439e4b3366edfa55-V-1024x768.jpg 1024w, https:\/\/yourjob.ba\/wp-content\/uploads\/2025\/07\/IMG-f6c02b751f9a7950439e4b3366edfa55-V-300x225.jpg 300w, https:\/\/yourjob.ba\/wp-content\/uploads\/2025\/07\/IMG-f6c02b751f9a7950439e4b3366edfa55-V-768x576.jpg 768w, https:\/\/yourjob.ba\/wp-content\/uploads\/2025\/07\/IMG-f6c02b751f9a7950439e4b3366edfa55-V-1536x1152.jpg 1536w, https:\/\/yourjob.ba\/wp-content\/uploads\/2025\/07\/IMG-f6c02b751f9a7950439e4b3366edfa55-V.jpg 1800w\" sizes=\"auto, (max-width: 1024px) 100vw, 1024px\" \/><figcaption class=\"wp-element-caption\">Ferdinando na Your Job soft skills obuci u Mostaru<\/figcaption><\/figure>\n","protected":false},"excerpt":{"rendered":"<p>Ferdinando Ivankovi\u0107 dolazi iz \u010citluka, a danas radi kao CNC programer u jednoj doma\u0107oj kompaniji \u2013 posao koji je prona\u0161ao zahvaljuju\u0107i vlastitom anga\u017emanu, jasnoj viziji i podr\u0161ci projekta YourJob. Nakon \u0161to je pet godina radio u inozemstvu kao konobar, odlu\u010dio se vratiti u Bosnu i Hercegovinu. U trenutku povratka, nije znao \u0161to ga to\u010dno \u010deka, [&hellip;]<\/p>\n","protected":false},"author":2,"featured_media":506,"comment_status":"open","ping_status":"open","sticky":false,"template":"","format":"standard","meta":{"footnotes":""},"categories":[1],"tags":[],"class_list":["post-489","post","type-post","status-publish","format-standard","has-post-thumbnail","hentry","category-price"],"yoast_head":"<!-- This site is optimized with the Yoast SEO plugin v27.4 - https:\/\/yoast.com\/product\/yoast-seo-wordpress\/ -->\n<title>Ferdinando: Pri\u010da o povratku, u\u010denju i ostanku - Potpora zapo\u0161ljivosti i mogu\u0107nostima zapo\u0161ljavanja mladih<\/title>\n<meta name=\"robots\" content=\"index, follow, max-snippet:-1, max-image-preview:large, max-video-preview:-1\" \/>\n<link rel=\"canonical\" href=\"https:\/\/yourjob.ba\/index.php\/2025\/09\/01\/ferdinando-prica-o-povratku-ucenju-i-ostanku\/\" \/>\n<meta property=\"og:locale\" content=\"en_US\" \/>\n<meta property=\"og:type\" content=\"article\" \/>\n<meta property=\"og:title\" content=\"Ferdinando: Pri\u010da o povratku, u\u010denju i ostanku - Potpora zapo\u0161ljivosti i mogu\u0107nostima zapo\u0161ljavanja mladih\" \/>\n<meta property=\"og:description\" content=\"Ferdinando Ivankovi\u0107 dolazi iz \u010citluka, a danas radi kao CNC programer u jednoj doma\u0107oj kompaniji \u2013 posao koji je prona\u0161ao zahvaljuju\u0107i vlastitom anga\u017emanu, jasnoj viziji i podr\u0161ci projekta YourJob. Nakon \u0161to je pet godina radio u inozemstvu kao konobar, odlu\u010dio se vratiti u Bosnu i Hercegovinu. U trenutku povratka, nije znao \u0161to ga to\u010dno \u010deka, [&hellip;]\" \/>\n<meta property=\"og:url\" content=\"https:\/\/yourjob.ba\/index.php\/2025\/09\/01\/ferdinando-prica-o-povratku-ucenju-i-ostanku\/\" \/>\n<meta property=\"og:site_name\" content=\"Potpora zapo\u0161ljivosti i mogu\u0107nostima zapo\u0161ljavanja mladih\" \/>\n<meta property=\"article:published_time\" content=\"2025-09-01T12:07:57+00:00\" \/>\n<meta property=\"article:modified_time\" content=\"2025-09-01T12:07:59+00:00\" \/>\n<meta property=\"og:image\" content=\"https:\/\/yourjob.ba\/wp-content\/uploads\/2025\/07\/1000023712-1.jpg\" \/>\n\t<meta property=\"og:image:width\" content=\"1123\" \/>\n\t<meta property=\"og:image:height\" content=\"837\" \/>\n\t<meta property=\"og:image:type\" content=\"image\/jpeg\" \/>\n<meta name=\"author\" content=\"Ivona VIda\u010dkovi\u0107\" \/>\n<meta name=\"twitter:card\" content=\"summary_large_image\" \/>\n<meta name=\"twitter:label1\" content=\"Written by\" \/>\n\t<meta name=\"twitter:data1\" content=\"Ivona VIda\u010dkovi\u0107\" \/>\n\t<meta name=\"twitter:label2\" content=\"Est. reading time\" \/>\n\t<meta name=\"twitter:data2\" content=\"2 minutes\" \/>\n<script type=\"application\/ld+json\" class=\"yoast-schema-graph\">{\"@context\":\"https:\\\/\\\/schema.org\",\"@graph\":[{\"@type\":\"WebPage\",\"@id\":\"https:\\\/\\\/yourjob.ba\\\/index.php\\\/2025\\\/09\\\/01\\\/ferdinando-prica-o-povratku-ucenju-i-ostanku\\\/\",\"url\":\"https:\\\/\\\/yourjob.ba\\\/index.php\\\/2025\\\/09\\\/01\\\/ferdinando-prica-o-povratku-ucenju-i-ostanku\\\/\",\"name\":\"Ferdinando: Pri\u010da o povratku, u\u010denju i ostanku - Potpora zapo\u0161ljivosti i mogu\u0107nostima zapo\u0161ljavanja mladih\",\"isPartOf\":{\"@id\":\"https:\\\/\\\/yourjob.ba\\\/#website\"},\"primaryImageOfPage\":{\"@id\":\"https:\\\/\\\/yourjob.ba\\\/index.php\\\/2025\\\/09\\\/01\\\/ferdinando-prica-o-povratku-ucenju-i-ostanku\\\/#primaryimage\"},\"image\":{\"@id\":\"https:\\\/\\\/yourjob.ba\\\/index.php\\\/2025\\\/09\\\/01\\\/ferdinando-prica-o-povratku-ucenju-i-ostanku\\\/#primaryimage\"},\"thumbnailUrl\":\"https:\\\/\\\/yourjob.ba\\\/wp-content\\\/uploads\\\/2025\\\/07\\\/1000023712-1.jpg\",\"datePublished\":\"2025-09-01T12:07:57+00:00\",\"dateModified\":\"2025-09-01T12:07:59+00:00\",\"breadcrumb\":{\"@id\":\"https:\\\/\\\/yourjob.ba\\\/index.php\\\/2025\\\/09\\\/01\\\/ferdinando-prica-o-povratku-ucenju-i-ostanku\\\/#breadcrumb\"},\"inLanguage\":\"en-US\",\"potentialAction\":[{\"@type\":\"ReadAction\",\"target\":[\"https:\\\/\\\/yourjob.ba\\\/index.php\\\/2025\\\/09\\\/01\\\/ferdinando-prica-o-povratku-ucenju-i-ostanku\\\/\"]}]},{\"@type\":\"ImageObject\",\"inLanguage\":\"en-US\",\"@id\":\"https:\\\/\\\/yourjob.ba\\\/index.php\\\/2025\\\/09\\\/01\\\/ferdinando-prica-o-povratku-ucenju-i-ostanku\\\/#primaryimage\",\"url\":\"https:\\\/\\\/yourjob.ba\\\/wp-content\\\/uploads\\\/2025\\\/07\\\/1000023712-1.jpg\",\"contentUrl\":\"https:\\\/\\\/yourjob.ba\\\/wp-content\\\/uploads\\\/2025\\\/07\\\/1000023712-1.jpg\",\"width\":1123,\"height\":837},{\"@type\":\"BreadcrumbList\",\"@id\":\"https:\\\/\\\/yourjob.ba\\\/index.php\\\/2025\\\/09\\\/01\\\/ferdinando-prica-o-povratku-ucenju-i-ostanku\\\/#breadcrumb\",\"itemListElement\":[{\"@type\":\"ListItem\",\"position\":1,\"name\":\"Home\",\"item\":\"https:\\\/\\\/yourjob.ba\\\/\"},{\"@type\":\"ListItem\",\"position\":2,\"name\":\"Ferdinando: Pri\u010da o povratku, u\u010denju i ostanku\"}]},{\"@type\":\"WebSite\",\"@id\":\"https:\\\/\\\/yourjob.ba\\\/#website\",\"url\":\"https:\\\/\\\/yourjob.ba\\\/\",\"name\":\"Potpora zapo\u0161ljivosti i mogu\u0107nostima zapo\u0161ljavanja mladih\",\"description\":\"\",\"publisher\":{\"@id\":\"https:\\\/\\\/yourjob.ba\\\/#organization\"},\"alternateName\":\"YourJob\",\"potentialAction\":[{\"@type\":\"SearchAction\",\"target\":{\"@type\":\"EntryPoint\",\"urlTemplate\":\"https:\\\/\\\/yourjob.ba\\\/?s={search_term_string}\"},\"query-input\":{\"@type\":\"PropertyValueSpecification\",\"valueRequired\":true,\"valueName\":\"search_term_string\"}}],\"inLanguage\":\"en-US\"},{\"@type\":\"Organization\",\"@id\":\"https:\\\/\\\/yourjob.ba\\\/#organization\",\"name\":\"YourJob\",\"url\":\"https:\\\/\\\/yourjob.ba\\\/\",\"logo\":{\"@type\":\"ImageObject\",\"inLanguage\":\"en-US\",\"@id\":\"https:\\\/\\\/yourjob.ba\\\/#\\\/schema\\\/logo\\\/image\\\/\",\"url\":\"https:\\\/\\\/yourjob.ba\\\/wp-content\\\/uploads\\\/2024\\\/09\\\/logo-01.jpg\",\"contentUrl\":\"https:\\\/\\\/yourjob.ba\\\/wp-content\\\/uploads\\\/2024\\\/09\\\/logo-01.jpg\",\"width\":1803,\"height\":673,\"caption\":\"YourJob\"},\"image\":{\"@id\":\"https:\\\/\\\/yourjob.ba\\\/#\\\/schema\\\/logo\\\/image\\\/\"}}]}<\/script>\n<!-- \/ Yoast SEO plugin. -->","yoast_head_json":{"title":"Ferdinando: Pri\u010da o povratku, u\u010denju i ostanku - Potpora zapo\u0161ljivosti i mogu\u0107nostima zapo\u0161ljavanja mladih","robots":{"index":"index","follow":"follow","max-snippet":"max-snippet:-1","max-image-preview":"max-image-preview:large","max-video-preview":"max-video-preview:-1"},"canonical":"https:\/\/yourjob.ba\/index.php\/2025\/09\/01\/ferdinando-prica-o-povratku-ucenju-i-ostanku\/","og_locale":"en_US","og_type":"article","og_title":"Ferdinando: Pri\u010da o povratku, u\u010denju i ostanku - Potpora zapo\u0161ljivosti i mogu\u0107nostima zapo\u0161ljavanja mladih","og_description":"Ferdinando Ivankovi\u0107 dolazi iz \u010citluka, a danas radi kao CNC programer u jednoj doma\u0107oj kompaniji \u2013 posao koji je prona\u0161ao zahvaljuju\u0107i vlastitom anga\u017emanu, jasnoj viziji i podr\u0161ci projekta YourJob. Nakon \u0161to je pet godina radio u inozemstvu kao konobar, odlu\u010dio se vratiti u Bosnu i Hercegovinu. U trenutku povratka, nije znao \u0161to ga to\u010dno \u010deka, [&hellip;]","og_url":"https:\/\/yourjob.ba\/index.php\/2025\/09\/01\/ferdinando-prica-o-povratku-ucenju-i-ostanku\/","og_site_name":"Potpora zapo\u0161ljivosti i mogu\u0107nostima zapo\u0161ljavanja mladih","article_published_time":"2025-09-01T12:07:57+00:00","article_modified_time":"2025-09-01T12:07:59+00:00","og_image":[{"width":1123,"height":837,"url":"https:\/\/yourjob.ba\/wp-content\/uploads\/2025\/07\/1000023712-1.jpg","type":"image\/jpeg"}],"author":"Ivona VIda\u010dkovi\u0107","twitter_card":"summary_large_image","twitter_misc":{"Written by":"Ivona VIda\u010dkovi\u0107","Est. reading time":"2 minutes"},"schema":{"@context":"https:\/\/schema.org","@graph":[{"@type":"WebPage","@id":"https:\/\/yourjob.ba\/index.php\/2025\/09\/01\/ferdinando-prica-o-povratku-ucenju-i-ostanku\/","url":"https:\/\/yourjob.ba\/index.php\/2025\/09\/01\/ferdinando-prica-o-povratku-ucenju-i-ostanku\/","name":"Ferdinando: Pri\u010da o povratku, u\u010denju i ostanku - Potpora zapo\u0161ljivosti i mogu\u0107nostima zapo\u0161ljavanja mladih","isPartOf":{"@id":"https:\/\/yourjob.ba\/#website"},"primaryImageOfPage":{"@id":"https:\/\/yourjob.ba\/index.php\/2025\/09\/01\/ferdinando-prica-o-povratku-ucenju-i-ostanku\/#primaryimage"},"image":{"@id":"https:\/\/yourjob.ba\/index.php\/2025\/09\/01\/ferdinando-prica-o-povratku-ucenju-i-ostanku\/#primaryimage"},"thumbnailUrl":"https:\/\/yourjob.ba\/wp-content\/uploads\/2025\/07\/1000023712-1.jpg","datePublished":"2025-09-01T12:07:57+00:00","dateModified":"2025-09-01T12:07:59+00:00","breadcrumb":{"@id":"https:\/\/yourjob.ba\/index.php\/2025\/09\/01\/ferdinando-prica-o-povratku-ucenju-i-ostanku\/#breadcrumb"},"inLanguage":"en-US","potentialAction":[{"@type":"ReadAction","target":["https:\/\/yourjob.ba\/index.php\/2025\/09\/01\/ferdinando-prica-o-povratku-ucenju-i-ostanku\/"]}]},{"@type":"ImageObject","inLanguage":"en-US","@id":"https:\/\/yourjob.ba\/index.php\/2025\/09\/01\/ferdinando-prica-o-povratku-ucenju-i-ostanku\/#primaryimage","url":"https:\/\/yourjob.ba\/wp-content\/uploads\/2025\/07\/1000023712-1.jpg","contentUrl":"https:\/\/yourjob.ba\/wp-content\/uploads\/2025\/07\/1000023712-1.jpg","width":1123,"height":837},{"@type":"BreadcrumbList","@id":"https:\/\/yourjob.ba\/index.php\/2025\/09\/01\/ferdinando-prica-o-povratku-ucenju-i-ostanku\/#breadcrumb","itemListElement":[{"@type":"ListItem","position":1,"name":"Home","item":"https:\/\/yourjob.ba\/"},{"@type":"ListItem","position":2,"name":"Ferdinando: Pri\u010da o povratku, u\u010denju i ostanku"}]},{"@type":"WebSite","@id":"https:\/\/yourjob.ba\/#website","url":"https:\/\/yourjob.ba\/","name":"Potpora zapo\u0161ljivosti i mogu\u0107nostima zapo\u0161ljavanja mladih","description":"","publisher":{"@id":"https:\/\/yourjob.ba\/#organization"},"alternateName":"YourJob","potentialAction":[{"@type":"SearchAction","target":{"@type":"EntryPoint","urlTemplate":"https:\/\/yourjob.ba\/?s={search_term_string}"},"query-input":{"@type":"PropertyValueSpecification","valueRequired":true,"valueName":"search_term_string"}}],"inLanguage":"en-US"},{"@type":"Organization","@id":"https:\/\/yourjob.ba\/#organization","name":"YourJob","url":"https:\/\/yourjob.ba\/","logo":{"@type":"ImageObject","inLanguage":"en-US","@id":"https:\/\/yourjob.ba\/#\/schema\/logo\/image\/","url":"https:\/\/yourjob.ba\/wp-content\/uploads\/2024\/09\/logo-01.jpg","contentUrl":"https:\/\/yourjob.ba\/wp-content\/uploads\/2024\/09\/logo-01.jpg","width":1803,"height":673,"caption":"YourJob"},"image":{"@id":"https:\/\/yourjob.ba\/#\/schema\/logo\/image\/"}}]}},"_links":{"self":[{"href":"https:\/\/yourjob.ba\/index.php\/wp-json\/wp\/v2\/posts\/489","targetHints":{"allow":["GET"]}}],"collection":[{"href":"https:\/\/yourjob.ba\/index.php\/wp-json\/wp\/v2\/posts"}],"about":[{"href":"https:\/\/yourjob.ba\/index.php\/wp-json\/wp\/v2\/types\/post"}],"author":[{"embeddable":true,"href":"https:\/\/yourjob.ba\/index.php\/wp-json\/wp\/v2\/users\/2"}],"replies":[{"embeddable":true,"href":"https:\/\/yourjob.ba\/index.php\/wp-json\/wp\/v2\/comments?post=489"}],"version-history":[{"count":2,"href":"https:\/\/yourjob.ba\/index.php\/wp-json\/wp\/v2\/posts\/489\/revisions"}],"predecessor-version":[{"id":508,"href":"https:\/\/yourjob.ba\/index.php\/wp-json\/wp\/v2\/posts\/489\/revisions\/508"}],"wp:featuredmedia":[{"embeddable":true,"href":"https:\/\/yourjob.ba\/index.php\/wp-json\/wp\/v2\/media\/506"}],"wp:attachment":[{"href":"https:\/\/yourjob.ba\/index.php\/wp-json\/wp\/v2\/media?parent=489"}],"wp:term":[{"taxonomy":"category","embeddable":true,"href":"https:\/\/yourjob.ba\/index.php\/wp-json\/wp\/v2\/categories?post=489"},{"taxonomy":"post_tag","embeddable":true,"href":"https:\/\/yourjob.ba\/index.php\/wp-json\/wp\/v2\/tags?post=489"}],"curies":[{"name":"wp","href":"https:\/\/api.w.org\/{rel}","templated":true}]}}