{"id":301,"date":"2022-01-06T09:28:00","date_gmt":"2022-01-06T09:28:00","guid":{"rendered":"https:\/\/yourjob.ba\/?p=301"},"modified":"2025-07-18T13:04:39","modified_gmt":"2025-07-18T13:04:39","slug":"luka-moj-put-nakon-fakulteta","status":"publish","type":"post","link":"https:\/\/yourjob.ba\/index.php\/2022\/01\/06\/luka-moj-put-nakon-fakulteta\/","title":{"rendered":"Luka: moj put nakon fakulteta"},"content":{"rendered":"\n<p>Luka D\u017eidi\u0107 iz Mostara ima 27 godina i zaposlen je kao voditelj robne marke u tvrtki Ataco. Posao je prona\u0161ao uz posredovanje projekta YourJob. Nakon zavr\u0161enog fakulteta radio je studentske poslove i potom 8 mjeseci bio registriran na zavodu za zapo\u0161ljavanje. <\/p>\n\n\n\n<h4 class=\"wp-block-heading\">Sve je po\u010delo sa YourJob<\/h4>\n\n\n\n<p>Kolegica s fakulteta mu je preporu\u010dila projekt YourJob te je zajedno sa savjetnicom za zapo\u0161ljavanje mladih prona\u0161ao mogu\u0107nost obavljanja pripravni\u010dkog sta\u017ea u kompaniji u kojoj i sada radi. <\/p>\n\n\n\n<p>Posao mu se svi\u0111a, a zanimaju ga i srodna podru\u010dja poput <strong>brend menad\u017ementa<\/strong>, <strong>prodaje<\/strong> i <strong>distribucije<\/strong>. Iako je ranije razmi\u0161ljao o odlasku izvan BiH, danas, kad je osigurao svoju egzistenciju, \u017eeli ostati i graditi budu\u0107nost u vlastitom okru\u017eenju.<\/p>\n\n\n\n<p class=\"has-text-align-left\"><\/p>\n\n\n\n<blockquote class=\"wp-block-quote is-layout-flow wp-block-quote-is-layout-flow\">\n<p>\u201eMladi su u podre\u0111enom polo\u017eaju radi situacije u dr\u017eavi. Lijepo je vidjeti da se netko zala\u017ee za mlade, posebno u pronala\u017eenju prvog posla. To je najte\u017ee ostvariti. A YourJob projekt poma\u017ee svima koji imaju pote\u0161ko\u0107e u pronala\u017eenju zaposlenja. Prijavite se. Ne odustajte i nastavite se truditi.\u201c- poru\u010duje Luka.<\/p>\n<\/blockquote>\n\n\n\n<p><\/p>\n","protected":false},"excerpt":{"rendered":"<p>Luka D\u017eidi\u0107 iz Mostara ima 27 godina i zaposlen je kao voditelj robne marke u tvrtki Ataco. Posao je prona\u0161ao uz posredovanje projekta YourJob. Nakon zavr\u0161enog fakulteta radio je studentske poslove i potom 8 mjeseci bio registriran na zavodu za zapo\u0161ljavanje. Sve je po\u010delo sa YourJob Kolegica s fakulteta mu je preporu\u010dila projekt YourJob te [&hellip;]<\/p>\n","protected":false},"author":3,"featured_media":363,"comment_status":"open","ping_status":"open","sticky":false,"template":"","format":"standard","meta":{"footnotes":""},"categories":[1],"tags":[17,18,15,10,16,9,12,13],"class_list":["post-301","post","type-post","status-publish","format-standard","has-post-thumbnail","hentry","category-price","tag-caritasbih-mladi-prilike-uspjesnaprica-luka-mostar","tag-caritasbih","tag-kakopronaciposao","tag-mostar","tag-podrskamladima-2","tag-pripravnik","tag-yourjob","tag-yourjobbih"],"yoast_head":"<!-- This site is optimized with the Yoast SEO plugin v27.4 - https:\/\/yoast.com\/product\/yoast-seo-wordpress\/ -->\n<title>Luka: moj put nakon fakulteta - Potpora zapo\u0161ljivosti i mogu\u0107nostima zapo\u0161ljavanja mladih<\/title>\n<meta name=\"robots\" content=\"index, follow, max-snippet:-1, max-image-preview:large, max-video-preview:-1\" \/>\n<link rel=\"canonical\" href=\"https:\/\/yourjob.ba\/index.php\/2022\/01\/06\/luka-moj-put-nakon-fakulteta\/\" \/>\n<meta property=\"og:locale\" content=\"en_US\" \/>\n<meta property=\"og:type\" content=\"article\" \/>\n<meta property=\"og:title\" content=\"Luka: moj put nakon fakulteta - Potpora zapo\u0161ljivosti i mogu\u0107nostima zapo\u0161ljavanja mladih\" \/>\n<meta property=\"og:description\" content=\"Luka D\u017eidi\u0107 iz Mostara ima 27 godina i zaposlen je kao voditelj robne marke u tvrtki Ataco. Posao je prona\u0161ao uz posredovanje projekta YourJob. Nakon zavr\u0161enog fakulteta radio je studentske poslove i potom 8 mjeseci bio registriran na zavodu za zapo\u0161ljavanje. Sve je po\u010delo sa YourJob Kolegica s fakulteta mu je preporu\u010dila projekt YourJob te [&hellip;]\" \/>\n<meta property=\"og:url\" content=\"https:\/\/yourjob.ba\/index.php\/2022\/01\/06\/luka-moj-put-nakon-fakulteta\/\" \/>\n<meta property=\"og:site_name\" content=\"Potpora zapo\u0161ljivosti i mogu\u0107nostima zapo\u0161ljavanja mladih\" \/>\n<meta property=\"article:published_time\" content=\"2022-01-06T09:28:00+00:00\" \/>\n<meta property=\"article:modified_time\" content=\"2025-07-18T13:04:39+00:00\" \/>\n<meta name=\"author\" content=\"Selma\" \/>\n<meta name=\"twitter:card\" content=\"summary_large_image\" \/>\n<meta name=\"twitter:label1\" content=\"Written by\" \/>\n\t<meta name=\"twitter:data1\" content=\"Selma\" \/>\n\t<meta name=\"twitter:label2\" content=\"Est. reading time\" \/>\n\t<meta name=\"twitter:data2\" content=\"1 minute\" \/>\n<script type=\"application\/ld+json\" class=\"yoast-schema-graph\">{\"@context\":\"https:\\\/\\\/schema.org\",\"@graph\":[{\"@type\":\"WebPage\",\"@id\":\"https:\\\/\\\/yourjob.ba\\\/index.php\\\/2022\\\/01\\\/06\\\/luka-moj-put-nakon-fakulteta\\\/\",\"url\":\"https:\\\/\\\/yourjob.ba\\\/index.php\\\/2022\\\/01\\\/06\\\/luka-moj-put-nakon-fakulteta\\\/\",\"name\":\"Luka: moj put nakon fakulteta - Potpora zapo\u0161ljivosti i mogu\u0107nostima zapo\u0161ljavanja mladih\",\"isPartOf\":{\"@id\":\"https:\\\/\\\/yourjob.ba\\\/#website\"},\"primaryImageOfPage\":{\"@id\":\"https:\\\/\\\/yourjob.ba\\\/index.php\\\/2022\\\/01\\\/06\\\/luka-moj-put-nakon-fakulteta\\\/#primaryimage\"},\"image\":{\"@id\":\"https:\\\/\\\/yourjob.ba\\\/index.php\\\/2022\\\/01\\\/06\\\/luka-moj-put-nakon-fakulteta\\\/#primaryimage\"},\"thumbnailUrl\":\"https:\\\/\\\/yourjob.ba\\\/wp-content\\\/uploads\\\/2022\\\/01\\\/474633305_2368417736847299_4143561856179002458_n.jpg\",\"datePublished\":\"2022-01-06T09:28:00+00:00\",\"dateModified\":\"2025-07-18T13:04:39+00:00\",\"breadcrumb\":{\"@id\":\"https:\\\/\\\/yourjob.ba\\\/index.php\\\/2022\\\/01\\\/06\\\/luka-moj-put-nakon-fakulteta\\\/#breadcrumb\"},\"inLanguage\":\"en-US\",\"potentialAction\":[{\"@type\":\"ReadAction\",\"target\":[\"https:\\\/\\\/yourjob.ba\\\/index.php\\\/2022\\\/01\\\/06\\\/luka-moj-put-nakon-fakulteta\\\/\"]}]},{\"@type\":\"ImageObject\",\"inLanguage\":\"en-US\",\"@id\":\"https:\\\/\\\/yourjob.ba\\\/index.php\\\/2022\\\/01\\\/06\\\/luka-moj-put-nakon-fakulteta\\\/#primaryimage\",\"url\":\"https:\\\/\\\/yourjob.ba\\\/wp-content\\\/uploads\\\/2022\\\/01\\\/474633305_2368417736847299_4143561856179002458_n.jpg\",\"contentUrl\":\"https:\\\/\\\/yourjob.ba\\\/wp-content\\\/uploads\\\/2022\\\/01\\\/474633305_2368417736847299_4143561856179002458_n.jpg\",\"width\":2016,\"height\":1512},{\"@type\":\"BreadcrumbList\",\"@id\":\"https:\\\/\\\/yourjob.ba\\\/index.php\\\/2022\\\/01\\\/06\\\/luka-moj-put-nakon-fakulteta\\\/#breadcrumb\",\"itemListElement\":[{\"@type\":\"ListItem\",\"position\":1,\"name\":\"Home\",\"item\":\"https:\\\/\\\/yourjob.ba\\\/\"},{\"@type\":\"ListItem\",\"position\":2,\"name\":\"Luka: moj put nakon fakulteta\"}]},{\"@type\":\"WebSite\",\"@id\":\"https:\\\/\\\/yourjob.ba\\\/#website\",\"url\":\"https:\\\/\\\/yourjob.ba\\\/\",\"name\":\"Potpora zapo\u0161ljivosti i mogu\u0107nostima zapo\u0161ljavanja mladih\",\"description\":\"\",\"publisher\":{\"@id\":\"https:\\\/\\\/yourjob.ba\\\/#organization\"},\"alternateName\":\"YourJob\",\"potentialAction\":[{\"@type\":\"SearchAction\",\"target\":{\"@type\":\"EntryPoint\",\"urlTemplate\":\"https:\\\/\\\/yourjob.ba\\\/?s={search_term_string}\"},\"query-input\":{\"@type\":\"PropertyValueSpecification\",\"valueRequired\":true,\"valueName\":\"search_term_string\"}}],\"inLanguage\":\"en-US\"},{\"@type\":\"Organization\",\"@id\":\"https:\\\/\\\/yourjob.ba\\\/#organization\",\"name\":\"YourJob\",\"url\":\"https:\\\/\\\/yourjob.ba\\\/\",\"logo\":{\"@type\":\"ImageObject\",\"inLanguage\":\"en-US\",\"@id\":\"https:\\\/\\\/yourjob.ba\\\/#\\\/schema\\\/logo\\\/image\\\/\",\"url\":\"https:\\\/\\\/yourjob.ba\\\/wp-content\\\/uploads\\\/2024\\\/09\\\/logo-01.jpg\",\"contentUrl\":\"https:\\\/\\\/yourjob.ba\\\/wp-content\\\/uploads\\\/2024\\\/09\\\/logo-01.jpg\",\"width\":1803,\"height\":673,\"caption\":\"YourJob\"},\"image\":{\"@id\":\"https:\\\/\\\/yourjob.ba\\\/#\\\/schema\\\/logo\\\/image\\\/\"}}]}<\/script>\n<!-- \/ Yoast SEO plugin. -->","yoast_head_json":{"title":"Luka: moj put nakon fakulteta - Potpora zapo\u0161ljivosti i mogu\u0107nostima zapo\u0161ljavanja mladih","robots":{"index":"index","follow":"follow","max-snippet":"max-snippet:-1","max-image-preview":"max-image-preview:large","max-video-preview":"max-video-preview:-1"},"canonical":"https:\/\/yourjob.ba\/index.php\/2022\/01\/06\/luka-moj-put-nakon-fakulteta\/","og_locale":"en_US","og_type":"article","og_title":"Luka: moj put nakon fakulteta - Potpora zapo\u0161ljivosti i mogu\u0107nostima zapo\u0161ljavanja mladih","og_description":"Luka D\u017eidi\u0107 iz Mostara ima 27 godina i zaposlen je kao voditelj robne marke u tvrtki Ataco. Posao je prona\u0161ao uz posredovanje projekta YourJob. Nakon zavr\u0161enog fakulteta radio je studentske poslove i potom 8 mjeseci bio registriran na zavodu za zapo\u0161ljavanje. Sve je po\u010delo sa YourJob Kolegica s fakulteta mu je preporu\u010dila projekt YourJob te [&hellip;]","og_url":"https:\/\/yourjob.ba\/index.php\/2022\/01\/06\/luka-moj-put-nakon-fakulteta\/","og_site_name":"Potpora zapo\u0161ljivosti i mogu\u0107nostima zapo\u0161ljavanja mladih","article_published_time":"2022-01-06T09:28:00+00:00","article_modified_time":"2025-07-18T13:04:39+00:00","author":"Selma","twitter_card":"summary_large_image","twitter_misc":{"Written by":"Selma","Est. reading time":"1 minute"},"schema":{"@context":"https:\/\/schema.org","@graph":[{"@type":"WebPage","@id":"https:\/\/yourjob.ba\/index.php\/2022\/01\/06\/luka-moj-put-nakon-fakulteta\/","url":"https:\/\/yourjob.ba\/index.php\/2022\/01\/06\/luka-moj-put-nakon-fakulteta\/","name":"Luka: moj put nakon fakulteta - Potpora zapo\u0161ljivosti i mogu\u0107nostima zapo\u0161ljavanja mladih","isPartOf":{"@id":"https:\/\/yourjob.ba\/#website"},"primaryImageOfPage":{"@id":"https:\/\/yourjob.ba\/index.php\/2022\/01\/06\/luka-moj-put-nakon-fakulteta\/#primaryimage"},"image":{"@id":"https:\/\/yourjob.ba\/index.php\/2022\/01\/06\/luka-moj-put-nakon-fakulteta\/#primaryimage"},"thumbnailUrl":"https:\/\/yourjob.ba\/wp-content\/uploads\/2022\/01\/474633305_2368417736847299_4143561856179002458_n.jpg","datePublished":"2022-01-06T09:28:00+00:00","dateModified":"2025-07-18T13:04:39+00:00","breadcrumb":{"@id":"https:\/\/yourjob.ba\/index.php\/2022\/01\/06\/luka-moj-put-nakon-fakulteta\/#breadcrumb"},"inLanguage":"en-US","potentialAction":[{"@type":"ReadAction","target":["https:\/\/yourjob.ba\/index.php\/2022\/01\/06\/luka-moj-put-nakon-fakulteta\/"]}]},{"@type":"ImageObject","inLanguage":"en-US","@id":"https:\/\/yourjob.ba\/index.php\/2022\/01\/06\/luka-moj-put-nakon-fakulteta\/#primaryimage","url":"https:\/\/yourjob.ba\/wp-content\/uploads\/2022\/01\/474633305_2368417736847299_4143561856179002458_n.jpg","contentUrl":"https:\/\/yourjob.ba\/wp-content\/uploads\/2022\/01\/474633305_2368417736847299_4143561856179002458_n.jpg","width":2016,"height":1512},{"@type":"BreadcrumbList","@id":"https:\/\/yourjob.ba\/index.php\/2022\/01\/06\/luka-moj-put-nakon-fakulteta\/#breadcrumb","itemListElement":[{"@type":"ListItem","position":1,"name":"Home","item":"https:\/\/yourjob.ba\/"},{"@type":"ListItem","position":2,"name":"Luka: moj put nakon fakulteta"}]},{"@type":"WebSite","@id":"https:\/\/yourjob.ba\/#website","url":"https:\/\/yourjob.ba\/","name":"Potpora zapo\u0161ljivosti i mogu\u0107nostima zapo\u0161ljavanja mladih","description":"","publisher":{"@id":"https:\/\/yourjob.ba\/#organization"},"alternateName":"YourJob","potentialAction":[{"@type":"SearchAction","target":{"@type":"EntryPoint","urlTemplate":"https:\/\/yourjob.ba\/?s={search_term_string}"},"query-input":{"@type":"PropertyValueSpecification","valueRequired":true,"valueName":"search_term_string"}}],"inLanguage":"en-US"},{"@type":"Organization","@id":"https:\/\/yourjob.ba\/#organization","name":"YourJob","url":"https:\/\/yourjob.ba\/","logo":{"@type":"ImageObject","inLanguage":"en-US","@id":"https:\/\/yourjob.ba\/#\/schema\/logo\/image\/","url":"https:\/\/yourjob.ba\/wp-content\/uploads\/2024\/09\/logo-01.jpg","contentUrl":"https:\/\/yourjob.ba\/wp-content\/uploads\/2024\/09\/logo-01.jpg","width":1803,"height":673,"caption":"YourJob"},"image":{"@id":"https:\/\/yourjob.ba\/#\/schema\/logo\/image\/"}}]}},"_links":{"self":[{"href":"https:\/\/yourjob.ba\/index.php\/wp-json\/wp\/v2\/posts\/301","targetHints":{"allow":["GET"]}}],"collection":[{"href":"https:\/\/yourjob.ba\/index.php\/wp-json\/wp\/v2\/posts"}],"about":[{"href":"https:\/\/yourjob.ba\/index.php\/wp-json\/wp\/v2\/types\/post"}],"author":[{"embeddable":true,"href":"https:\/\/yourjob.ba\/index.php\/wp-json\/wp\/v2\/users\/3"}],"replies":[{"embeddable":true,"href":"https:\/\/yourjob.ba\/index.php\/wp-json\/wp\/v2\/comments?post=301"}],"version-history":[{"count":3,"href":"https:\/\/yourjob.ba\/index.php\/wp-json\/wp\/v2\/posts\/301\/revisions"}],"predecessor-version":[{"id":364,"href":"https:\/\/yourjob.ba\/index.php\/wp-json\/wp\/v2\/posts\/301\/revisions\/364"}],"wp:featuredmedia":[{"embeddable":true,"href":"https:\/\/yourjob.ba\/index.php\/wp-json\/wp\/v2\/media\/363"}],"wp:attachment":[{"href":"https:\/\/yourjob.ba\/index.php\/wp-json\/wp\/v2\/media?parent=301"}],"wp:term":[{"taxonomy":"category","embeddable":true,"href":"https:\/\/yourjob.ba\/index.php\/wp-json\/wp\/v2\/categories?post=301"},{"taxonomy":"post_tag","embeddable":true,"href":"https:\/\/yourjob.ba\/index.php\/wp-json\/wp\/v2\/tags?post=301"}],"curies":[{"name":"wp","href":"https:\/\/api.w.org\/{rel}","templated":true}]}}