{"id":236,"date":"2025-07-17T10:49:44","date_gmt":"2025-07-17T10:49:44","guid":{"rendered":"https:\/\/yourjob.ba\/?p=236"},"modified":"2025-07-28T13:13:37","modified_gmt":"2025-07-28T13:13:37","slug":"darko-bilic-znanje-koje-lijeci-i-pokrece","status":"publish","type":"post","link":"https:\/\/yourjob.ba\/index.php\/2025\/07\/17\/darko-bilic-znanje-koje-lijeci-i-pokrece\/","title":{"rendered":"Darko Bili\u0107: Znanje koje lije\u010di i pokre\u0107e\u00a0"},"content":{"rendered":"\n<p>U svijetu u kojem je konkurencija sve ve\u0107a, a mladima sve te\u017ee prona\u0107i svoj put, postoje ljudi koji ne samo da vjeruju u nove generacije, ve\u0107 im <strong>svakodnevno poma\u017eu da stanu na noge<\/strong>. Jedan od njih je <strong>Darko Bili\u0107, fizioterapeut, predava\u010d i osniva\u010d Rehabilitacijskog centra \u017divot u Mostaru<\/strong>.&nbsp;<\/p>\n\n\n\n<blockquote class=\"wp-block-quote is-layout-flow wp-block-quote-is-layout-flow\">\n<p>\u201eFizioterapija je poziv, a ne posao\u201c, ka\u017ee nam Darko na po\u010detku razgovora.&nbsp;<\/p>\n<\/blockquote>\n\n\n\n<p>Dok opisuje svoj profesionalni put, od srednje \u0161kole za zubnog tehni\u010dara, preko fakultetskih dana do otvaranja vlastitog centra, postaje jasno da Darko sve \u0161to radi, radi sa srcem. <strong>I upravo tim srcem vodi i svoj centar, koji nije samo mjesto lije\u010denja, ve\u0107 i u\u010denja.&nbsp;<\/strong><\/p>\n\n\n\n<figure class=\"wp-block-image size-large\"><img loading=\"lazy\" decoding=\"async\" width=\"1024\" height=\"576\" src=\"https:\/\/yourjob.ba\/wp-content\/uploads\/2025\/07\/image00014-1-1024x576.jpeg\" alt=\"\" class=\"wp-image-244\" srcset=\"https:\/\/yourjob.ba\/wp-content\/uploads\/2025\/07\/image00014-1-1024x576.jpeg 1024w, https:\/\/yourjob.ba\/wp-content\/uploads\/2025\/07\/image00014-1-300x169.jpeg 300w, https:\/\/yourjob.ba\/wp-content\/uploads\/2025\/07\/image00014-1-768x432.jpeg 768w, https:\/\/yourjob.ba\/wp-content\/uploads\/2025\/07\/image00014-1-1536x864.jpeg 1536w, https:\/\/yourjob.ba\/wp-content\/uploads\/2025\/07\/image00014-1-2048x1152.jpeg 2048w\" sizes=\"auto, (max-width: 1024px) 100vw, 1024px\" \/><figcaption class=\"wp-element-caption\"><em>Kristina i Iva, YourJob polaznice obuka u Rehabilitacijskom centru \u017divot<\/em><\/figcaption><\/figure>\n\n\n\n<h4 class=\"wp-block-heading\"><strong>U centru znanja i podr\u0161ke&nbsp;<\/strong><\/h4>\n\n\n\n<p><strong>Rehabilitacijski centar \u017divot godinama aktivno u\u010destvuje u YourJob programu<\/strong>. Kroz protekli period omogu\u0107io je <strong>niz obuka i praksi za mlade iz Mostara i okolice<\/strong>. Kroz saradnju s programom, vi\u0161e mladih fizioterapeuta dobilo je priliku da<strong> u sigurnom i podr\u017eavaju\u0107em okru\u017eenju stekne prakti\u010dno znanje i iskustvo<\/strong>.<\/p>\n\n\n\n<blockquote class=\"wp-block-quote is-layout-flow wp-block-quote-is-layout-flow\">\n<p>\u201eZa mene je najva\u017enije vidjeti ljubav prema ovom pozivu. Kad mladi do\u0111u i poka\u017eu iskrenu \u017eelju za i ljubav prema u\u010denju, ja im \u017eelim prenijeti svo svoje znanje kako bi bili uspje\u0161ni u ovom pozivu,\u201c isti\u010de Darko.&nbsp;&nbsp;<\/p>\n<\/blockquote>\n\n\n\n<p>Kroz <strong>personaliziran pristup<\/strong>, Darko i njegov tim najprije identificiraju podru\u010dje fizioterapije koje najvi\u0161e zanima praktikante i u skladu s tim razvijaju njihov individualni plan obuke, omogu\u0107uju\u0107i im da se usmjere tamo gdje se osje\u0107aju najsna\u017enije i gdje mogu najvi\u0161e doprinijeti.<\/p>\n\n\n\n<figure class=\"wp-block-video\"><video height=\"360\" style=\"aspect-ratio: 640 \/ 360;\" width=\"640\" controls src=\"https:\/\/yourjob.ba\/wp-content\/uploads\/2025\/07\/AQOjZpGEzGRlKe0s6nNGuBYDiwK-FPUOXhgbNErFxheV8Vwu5DPmLTcQv6rhFWNHda9ro-9imYEM2XZC3xM50ll.mp4\"><\/video><\/figure>\n\n\n\n<p>Takav pristup pokazao se izuzetno uspje\u0161nim i u slu\u010daju <strong>Ive<\/strong>, mlade praktikantice koja je kroz YourJob program obavila praksu u Centru, ostavila sna\u017ean dojam na mentora i kolege, te nakon zavr\u0161ene obuke postala stalni dio tima.<\/p>\n\n\n\n<blockquote class=\"wp-block-quote is-layout-flow wp-block-quote-is-layout-flow\">\n<p>\u201eKolega Marin koji je radio s Ivom je rekao da bi joj prenio cijelo svoje znanje besplatno jer ima ogromnu \u017eelju za radom,\u201c prisje\u0107a se Darko s osmijehom.&nbsp;<\/p>\n<\/blockquote>\n\n\n\n<p>Kroz vi\u0161emjese\u010dnu <strong>Akademiju fizioterapije \u017divot<\/strong>, koja je uklju\u010divala teotretska predavanja stru\u010dnjaka iz oblasti fizioterapije i praksu, <strong>Kristina<\/strong>, jo\u0161 jedna praktikantica uklju\u010dena kroz YourJob program, dobila je priliku da ono \u0161to je u\u010dila na fakultetu, testira i nadogradi u stvarnom okru\u017eenju.&nbsp;<\/p>\n\n\n\n<p>Kristina danas sa ponosom radi kao fizioterapeutkinja, potvr\u0111uju\u0107i koliko ovakva praksa mo\u017ee imati dugoro\u010dan pozitivan utjecaj.<\/p>\n\n\n\n<p>Upravo kroz ovakve prilike, koje YourJob program omogu\u0107ava u saradnji s lokalnim partnerima, a uz podr\u0161ku <strong>Evropske unije<\/strong> i <strong>\u0160vedske<\/strong> putem inicijative <em><strong>EUzaZapo\u0161ljavanje<\/strong><\/em>, mladima se otvara prostor za profesionalni rast i razvoj u praksi.<\/p>\n\n\n\n<h4 class=\"wp-block-heading\"><strong>Mentorstvo kao misija<\/strong>&nbsp;<\/h4>\n\n\n\n<p>Radni dan ovog mostarskog fizioterapeuta po\u010dinje ve\u0107 u 7:00 i traje do kasnih ve\u010dernjih sati. Uz rad s pacijentima, vo\u0111enje centra i predavanja na fakultetu, Darko i dalje pronalazi vrijeme da podu\u010dava druge, jer, kako ka\u017ee, kroz podu\u010davanje i on sam raste.&nbsp;<\/p>\n\n\n\n<blockquote class=\"wp-block-quote is-layout-flow wp-block-quote-is-layout-flow\">\n<p>\u201eKad prenosi\u0161 znanje, u\u010di\u0161 i sam. A kada vidi\u0161 da neko napreduje, da samostalno kre\u0107e u karijeru, jo\u0161 ako je moj tim doprinjeo tom novom po\u010detku, ima li i\u0161ta ljep\u0161e od toga,\u201c tvrdi Darko.&nbsp;&nbsp;<\/p>\n<\/blockquote>\n\n\n\n<p>Za Darka, mentorstvo nije obaveza, to je na\u010din da zajednica raste. Upravo zato, ve\u0107 sada razvija plan za novi edukativni program unutar centra, koji bi mladima omogu\u0107io da steknu prakti\u010dna znanja i priznatu praksu kroz vi\u0161emjese\u010dne obuke.&nbsp;<\/p>\n\n\n\n<figure class=\"wp-block-image size-large\"><img loading=\"lazy\" decoding=\"async\" width=\"1024\" height=\"576\" src=\"https:\/\/yourjob.ba\/wp-content\/uploads\/2025\/07\/image00002-1-1024x576.jpeg\" alt=\"\" class=\"wp-image-243\" srcset=\"https:\/\/yourjob.ba\/wp-content\/uploads\/2025\/07\/image00002-1-1024x576.jpeg 1024w, https:\/\/yourjob.ba\/wp-content\/uploads\/2025\/07\/image00002-1-300x169.jpeg 300w, https:\/\/yourjob.ba\/wp-content\/uploads\/2025\/07\/image00002-1-768x432.jpeg 768w, https:\/\/yourjob.ba\/wp-content\/uploads\/2025\/07\/image00002-1-1536x864.jpeg 1536w, https:\/\/yourjob.ba\/wp-content\/uploads\/2025\/07\/image00002-1-2048x1152.jpeg 2048w\" sizes=\"auto, (max-width: 1024px) 100vw, 1024px\" \/><figcaption class=\"wp-element-caption\">Tim RC \u017divot i YourJob savjetnica Danijela \u010cule &#8211; <em>Zahvalnica YourJob projektu od tima Rehabilitacijskog centra \u017divot<\/em><\/figcaption><\/figure>\n\n\n\n<h4 class=\"wp-block-heading\"><strong>Prilike koje mijenjaju \u017eivote<\/strong>&nbsp;<\/h4>\n\n\n\n<p>Kao poslodavac, Darko otvoreno govori o va\u017enosti ovakvih programa.<\/p>\n\n\n\n<blockquote class=\"wp-block-quote is-layout-flow wp-block-quote-is-layout-flow\">\n<p>\u201eDa se mene pita, zakonom bih obvezao tvrtke da sudjeluju u ovakvim projektima, odnosno da daju priliku mladima za praksu. Mladi dobivaju konkretnu \u0161ansu za unapre\u0111enje znanja ili stjecanje radnog iskustva, a poslodavci radnu snagu i konkretne financijske olak\u0161ice. Osobno smatram da je prednost ovakvih projekata ogromna i volio bih da ih ima vi\u0161e,\u201c&nbsp;ka\u017ee Darko.<\/p>\n<\/blockquote>\n\n\n\n<p>U njegovoj viziji, prilika ne smije biti privilegija, ona treba biti pravilo.&nbsp;&nbsp;<\/p>\n\n\n\n<p>\u201e<strong>Mladi su ti na kojima svijet ostaje. Na nama je da im olak\u0161amo taj po\u010detak. Ne moraju svi ponovo prolaziti iste stepenice koje smo mi morali<\/strong>,\u201c poru\u010duje Darko.&nbsp;&nbsp;<\/p>\n\n\n\n<p>Na pitanje kako se osje\u0107a kad vidi da njegovi biv\u0161i polaznici obuka danas grade vlastite karijere, bez razmi\u0161ljanja odgovara: <\/p>\n\n\n\n<blockquote class=\"wp-block-quote is-layout-flow wp-block-quote-is-layout-flow\">\n<p>\u201eNa sam pomen toga se naje\u017eim koliko me \u010dini sretnim. Nema ljep\u0161eg osje\u0107aja nego znati da si ti i tim okupljen oko tebe bio dio njihovog po\u010detka.\u201c&nbsp;<\/p>\n<\/blockquote>\n\n\n\n<p><em>Sve aktivnosti su realizirane u okviru programa YourJob, koji se od 2019. godine u Bosni i Hercegovini provodi pod vodstvom Caritasa Bosne i Hercegovine, u suradnji s Caritasom biskupija Mostar \u2013 Duvno i Trebinje \u2013 Mrkan, te Caritasom biskupije Banja Luka. Program su do sada financirali Austrijska razvojna agencija (ADA), Caritas Francuske, Renovabis, Fondacija Medicor i Caritas Austrije.<\/em><\/p>\n\n\n\n<p><em>Od 1. srpnja 2024. godine aktivnosti YourJob programa provode se i kroz projekt EUzaZapo\u0161ljavanje, koji financiraju Evropska unija s 4 milijuna eura i \u0160vedska s 1 milijun eura, a realizira ga Me\u0111unarodna organizacija rada (ILO) u Bosni i Hercegovini.<\/em><\/p>\n\n\n\n<figure class=\"wp-block-gallery has-nested-images columns-default is-cropped wp-block-gallery-1 is-layout-flex wp-block-gallery-is-layout-flex\">\n<figure class=\"wp-block-image size-large\"><img loading=\"lazy\" decoding=\"async\" width=\"960\" height=\"720\" data-id=\"398\" src=\"https:\/\/yourjob.ba\/wp-content\/uploads\/2025\/07\/104490611_1161240604231691_4109242330742966031_n.jpg\" alt=\"\" class=\"wp-image-398\" srcset=\"https:\/\/yourjob.ba\/wp-content\/uploads\/2025\/07\/104490611_1161240604231691_4109242330742966031_n.jpg 960w, https:\/\/yourjob.ba\/wp-content\/uploads\/2025\/07\/104490611_1161240604231691_4109242330742966031_n-300x225.jpg 300w, https:\/\/yourjob.ba\/wp-content\/uploads\/2025\/07\/104490611_1161240604231691_4109242330742966031_n-768x576.jpg 768w\" sizes=\"auto, (max-width: 960px) 100vw, 960px\" \/><figcaption class=\"wp-element-caption\">Potpisivanje Memoranduma o suradnji i razumijevanju, 2019. godine<\/figcaption><\/figure>\n\n\n\n<figure class=\"wp-block-image size-large\"><img loading=\"lazy\" decoding=\"async\" width=\"720\" height=\"960\" data-id=\"397\" src=\"https:\/\/yourjob.ba\/wp-content\/uploads\/2025\/07\/104892984_1161240517565033_5503115858911854233_n.jpg\" alt=\"\" class=\"wp-image-397\" srcset=\"https:\/\/yourjob.ba\/wp-content\/uploads\/2025\/07\/104892984_1161240517565033_5503115858911854233_n.jpg 720w, https:\/\/yourjob.ba\/wp-content\/uploads\/2025\/07\/104892984_1161240517565033_5503115858911854233_n-225x300.jpg 225w\" sizes=\"auto, (max-width: 720px) 100vw, 720px\" \/><figcaption class=\"wp-element-caption\">Potpisivanje Memoranduma o suradnji i razumijevanju, 2019. godine<\/figcaption><\/figure>\n<\/figure>\n\n\n\n<figure class=\"wp-block-gallery has-nested-images columns-default is-cropped wp-block-gallery-2 is-layout-flex wp-block-gallery-is-layout-flex\">\n<figure class=\"wp-block-image size-large\"><img loading=\"lazy\" decoding=\"async\" width=\"1024\" height=\"766\" data-id=\"432\" src=\"https:\/\/yourjob.ba\/wp-content\/uploads\/2025\/07\/152070772_1360337644321985_5298078657025447065_n-1-1024x766.jpg\" alt=\"\" class=\"wp-image-432\" srcset=\"https:\/\/yourjob.ba\/wp-content\/uploads\/2025\/07\/152070772_1360337644321985_5298078657025447065_n-1-1024x766.jpg 1024w, https:\/\/yourjob.ba\/wp-content\/uploads\/2025\/07\/152070772_1360337644321985_5298078657025447065_n-1-300x224.jpg 300w, https:\/\/yourjob.ba\/wp-content\/uploads\/2025\/07\/152070772_1360337644321985_5298078657025447065_n-1-768x575.jpg 768w, https:\/\/yourjob.ba\/wp-content\/uploads\/2025\/07\/152070772_1360337644321985_5298078657025447065_n-1-1536x1149.jpg 1536w, https:\/\/yourjob.ba\/wp-content\/uploads\/2025\/07\/152070772_1360337644321985_5298078657025447065_n-1.jpg 1600w\" sizes=\"auto, (max-width: 1024px) 100vw, 1024px\" \/><figcaption class=\"wp-element-caption\">Stru\u010dna praksa za osam mladih fizioterapeuta, 2021. godina<\/figcaption><\/figure>\n<\/figure>\n\n\n\n<figure class=\"wp-block-gallery has-nested-images columns-3 is-cropped wp-block-gallery-3 is-layout-flex wp-block-gallery-is-layout-flex\">\n<figure class=\"wp-block-image size-large\"><img loading=\"lazy\" decoding=\"async\" width=\"1024\" height=\"768\" data-id=\"411\" src=\"https:\/\/yourjob.ba\/wp-content\/uploads\/2025\/07\/140151197_1338719516483798_4664459344478725029_n-2-1024x768.jpg\" alt=\"\" class=\"wp-image-411\" srcset=\"https:\/\/yourjob.ba\/wp-content\/uploads\/2025\/07\/140151197_1338719516483798_4664459344478725029_n-2-1024x768.jpg 1024w, https:\/\/yourjob.ba\/wp-content\/uploads\/2025\/07\/140151197_1338719516483798_4664459344478725029_n-2-300x225.jpg 300w, https:\/\/yourjob.ba\/wp-content\/uploads\/2025\/07\/140151197_1338719516483798_4664459344478725029_n-2-768x576.jpg 768w, https:\/\/yourjob.ba\/wp-content\/uploads\/2025\/07\/140151197_1338719516483798_4664459344478725029_n-2-1536x1152.jpg 1536w, https:\/\/yourjob.ba\/wp-content\/uploads\/2025\/07\/140151197_1338719516483798_4664459344478725029_n-2.jpg 2016w\" sizes=\"auto, (max-width: 1024px) 100vw, 1024px\" \/><figcaption class=\"wp-element-caption\">Stru\u010dna praksa za osam mladih fizioterapeuta, 2021. godina<\/figcaption><\/figure>\n\n\n\n<figure class=\"wp-block-image size-large\"><img loading=\"lazy\" decoding=\"async\" width=\"1024\" height=\"1024\" data-id=\"413\" src=\"https:\/\/yourjob.ba\/wp-content\/uploads\/2025\/07\/145282268_1347746045581145_6029168536141946331_n-1024x1024.jpg\" alt=\"\" class=\"wp-image-413\" srcset=\"https:\/\/yourjob.ba\/wp-content\/uploads\/2025\/07\/145282268_1347746045581145_6029168536141946331_n-1024x1024.jpg 1024w, https:\/\/yourjob.ba\/wp-content\/uploads\/2025\/07\/145282268_1347746045581145_6029168536141946331_n-300x300.jpg 300w, https:\/\/yourjob.ba\/wp-content\/uploads\/2025\/07\/145282268_1347746045581145_6029168536141946331_n-150x150.jpg 150w, https:\/\/yourjob.ba\/wp-content\/uploads\/2025\/07\/145282268_1347746045581145_6029168536141946331_n-768x768.jpg 768w, https:\/\/yourjob.ba\/wp-content\/uploads\/2025\/07\/145282268_1347746045581145_6029168536141946331_n.jpg 1200w\" sizes=\"auto, (max-width: 1024px) 100vw, 1024px\" \/><figcaption class=\"wp-element-caption\">Stru\u010dna praksa za osam mladih fizioterapeuta, 2021. godina<\/figcaption><\/figure>\n\n\n\n<figure class=\"wp-block-image size-large\"><img loading=\"lazy\" decoding=\"async\" width=\"1024\" height=\"576\" data-id=\"414\" src=\"https:\/\/yourjob.ba\/wp-content\/uploads\/2025\/07\/145427995_1347724345583315_342374352053820743_n-1024x576.jpg\" alt=\"\" class=\"wp-image-414\" srcset=\"https:\/\/yourjob.ba\/wp-content\/uploads\/2025\/07\/145427995_1347724345583315_342374352053820743_n-1024x576.jpg 1024w, https:\/\/yourjob.ba\/wp-content\/uploads\/2025\/07\/145427995_1347724345583315_342374352053820743_n-300x169.jpg 300w, https:\/\/yourjob.ba\/wp-content\/uploads\/2025\/07\/145427995_1347724345583315_342374352053820743_n-768x432.jpg 768w, https:\/\/yourjob.ba\/wp-content\/uploads\/2025\/07\/145427995_1347724345583315_342374352053820743_n-1536x864.jpg 1536w, https:\/\/yourjob.ba\/wp-content\/uploads\/2025\/07\/145427995_1347724345583315_342374352053820743_n.jpg 1600w\" sizes=\"auto, (max-width: 1024px) 100vw, 1024px\" \/><figcaption class=\"wp-element-caption\">Stru\u010dna praksa za osam mladih fizioterapeuta, 2021. godina<\/figcaption><\/figure>\n\n\n\n<figure class=\"wp-block-image size-large\"><img loading=\"lazy\" decoding=\"async\" width=\"1024\" height=\"768\" data-id=\"399\" src=\"https:\/\/yourjob.ba\/wp-content\/uploads\/2025\/07\/5-1024x768.jpg\" alt=\"\" class=\"wp-image-399\" srcset=\"https:\/\/yourjob.ba\/wp-content\/uploads\/2025\/07\/5-1024x768.jpg 1024w, https:\/\/yourjob.ba\/wp-content\/uploads\/2025\/07\/5-300x225.jpg 300w, https:\/\/yourjob.ba\/wp-content\/uploads\/2025\/07\/5-768x576.jpg 768w, https:\/\/yourjob.ba\/wp-content\/uploads\/2025\/07\/5.jpg 1400w\" sizes=\"auto, (max-width: 1024px) 100vw, 1024px\" \/><figcaption class=\"wp-element-caption\">Anel Gosto, obuka fizioterapije, 2021. godina<\/figcaption><\/figure>\n\n\n\n<figure class=\"wp-block-image size-large\"><img loading=\"lazy\" decoding=\"async\" width=\"576\" height=\"1024\" data-id=\"401\" src=\"https:\/\/yourjob.ba\/wp-content\/uploads\/2025\/07\/3-576x1024.jpg\" alt=\"\" class=\"wp-image-401\" srcset=\"https:\/\/yourjob.ba\/wp-content\/uploads\/2025\/07\/3-576x1024.jpg 576w, https:\/\/yourjob.ba\/wp-content\/uploads\/2025\/07\/3-169x300.jpg 169w, https:\/\/yourjob.ba\/wp-content\/uploads\/2025\/07\/3-768x1365.jpg 768w, https:\/\/yourjob.ba\/wp-content\/uploads\/2025\/07\/3-864x1536.jpg 864w, https:\/\/yourjob.ba\/wp-content\/uploads\/2025\/07\/3.jpg 900w\" sizes=\"auto, (max-width: 576px) 100vw, 576px\" \/><figcaption class=\"wp-element-caption\">Anel Gosto, obuka fizioterapije, 2021. godina<\/figcaption><\/figure>\n\n\n\n<figure class=\"wp-block-image size-large\"><img loading=\"lazy\" decoding=\"async\" width=\"766\" height=\"1024\" data-id=\"400\" src=\"https:\/\/yourjob.ba\/wp-content\/uploads\/2025\/07\/8-766x1024.jpg\" alt=\"\" class=\"wp-image-400\" srcset=\"https:\/\/yourjob.ba\/wp-content\/uploads\/2025\/07\/8-766x1024.jpg 766w, https:\/\/yourjob.ba\/wp-content\/uploads\/2025\/07\/8-224x300.jpg 224w, https:\/\/yourjob.ba\/wp-content\/uploads\/2025\/07\/8-768x1027.jpg 768w, https:\/\/yourjob.ba\/wp-content\/uploads\/2025\/07\/8-1149x1536.jpg 1149w, https:\/\/yourjob.ba\/wp-content\/uploads\/2025\/07\/8.jpg 1197w\" sizes=\"auto, (max-width: 766px) 100vw, 766px\" \/><figcaption class=\"wp-element-caption\">Anel Gosto, obuka fizioterapije, 2021. godina<\/figcaption><\/figure>\n\n\n\n<figure class=\"wp-block-image size-large\"><img loading=\"lazy\" decoding=\"async\" width=\"768\" height=\"1024\" data-id=\"404\" src=\"https:\/\/yourjob.ba\/wp-content\/uploads\/2025\/07\/PHOTO-2024-06-09-14-19-17-768x1024.jpg\" alt=\"\" class=\"wp-image-404\" srcset=\"https:\/\/yourjob.ba\/wp-content\/uploads\/2025\/07\/PHOTO-2024-06-09-14-19-17-768x1024.jpg 768w, https:\/\/yourjob.ba\/wp-content\/uploads\/2025\/07\/PHOTO-2024-06-09-14-19-17-225x300.jpg 225w, https:\/\/yourjob.ba\/wp-content\/uploads\/2025\/07\/PHOTO-2024-06-09-14-19-17-1152x1536.jpg 1152w, https:\/\/yourjob.ba\/wp-content\/uploads\/2025\/07\/PHOTO-2024-06-09-14-19-17.jpg 1500w\" sizes=\"auto, (max-width: 768px) 100vw, 768px\" \/><figcaption class=\"wp-element-caption\">Bowen obuka, 2023. godina<\/figcaption><\/figure>\n\n\n\n<figure class=\"wp-block-image size-large\"><img loading=\"lazy\" decoding=\"async\" width=\"640\" height=\"596\" data-id=\"403\" src=\"https:\/\/yourjob.ba\/wp-content\/uploads\/2025\/07\/IMG_1233.jpg\" alt=\"\" class=\"wp-image-403\" srcset=\"https:\/\/yourjob.ba\/wp-content\/uploads\/2025\/07\/IMG_1233.jpg 640w, https:\/\/yourjob.ba\/wp-content\/uploads\/2025\/07\/IMG_1233-300x279.jpg 300w\" sizes=\"auto, (max-width: 640px) 100vw, 640px\" \/><figcaption class=\"wp-element-caption\">Bowen obuka, 2023. godina<\/figcaption><\/figure>\n\n\n\n<figure class=\"wp-block-image size-large\"><img loading=\"lazy\" decoding=\"async\" width=\"640\" height=\"620\" data-id=\"402\" src=\"https:\/\/yourjob.ba\/wp-content\/uploads\/2025\/07\/IMG_1224.jpg\" alt=\"\" class=\"wp-image-402\" srcset=\"https:\/\/yourjob.ba\/wp-content\/uploads\/2025\/07\/IMG_1224.jpg 640w, https:\/\/yourjob.ba\/wp-content\/uploads\/2025\/07\/IMG_1224-300x291.jpg 300w\" sizes=\"auto, (max-width: 640px) 100vw, 640px\" \/><figcaption class=\"wp-element-caption\">Bowen obuka, 2023. godina<\/figcaption><\/figure>\n\n\n\n<figure class=\"wp-block-image size-large\"><img loading=\"lazy\" decoding=\"async\" width=\"733\" height=\"1024\" data-id=\"407\" src=\"https:\/\/yourjob.ba\/wp-content\/uploads\/2025\/07\/2-1-733x1024.jpeg\" alt=\"\" class=\"wp-image-407\" srcset=\"https:\/\/yourjob.ba\/wp-content\/uploads\/2025\/07\/2-1-733x1024.jpeg 733w, https:\/\/yourjob.ba\/wp-content\/uploads\/2025\/07\/2-1-215x300.jpeg 215w, https:\/\/yourjob.ba\/wp-content\/uploads\/2025\/07\/2-1-768x1072.jpeg 768w, https:\/\/yourjob.ba\/wp-content\/uploads\/2025\/07\/2-1.jpeg 979w\" sizes=\"auto, (max-width: 733px) 100vw, 733px\" \/><figcaption class=\"wp-element-caption\">Pripravnica Lana Mari\u0107, 2023. godina<\/figcaption><\/figure>\n\n\n\n<figure class=\"wp-block-image size-large\"><img loading=\"lazy\" decoding=\"async\" width=\"768\" height=\"1024\" data-id=\"406\" src=\"https:\/\/yourjob.ba\/wp-content\/uploads\/2025\/07\/1-768x1024.jpeg\" alt=\"\" class=\"wp-image-406\" srcset=\"https:\/\/yourjob.ba\/wp-content\/uploads\/2025\/07\/1-768x1024.jpeg 768w, https:\/\/yourjob.ba\/wp-content\/uploads\/2025\/07\/1-225x300.jpeg 225w, https:\/\/yourjob.ba\/wp-content\/uploads\/2025\/07\/1-1152x1536.jpeg 1152w, https:\/\/yourjob.ba\/wp-content\/uploads\/2025\/07\/1.jpeg 1536w\" sizes=\"auto, (max-width: 768px) 100vw, 768px\" \/><figcaption class=\"wp-element-caption\">Pripravnica Lana Mari\u0107, 2023. godina<\/figcaption><\/figure>\n<\/figure>\n\n\n\n<figure class=\"wp-block-gallery has-nested-images columns-default is-cropped wp-block-gallery-4 is-layout-flex wp-block-gallery-is-layout-flex\">\n<figure class=\"wp-block-image size-large\"><img loading=\"lazy\" decoding=\"async\" width=\"843\" height=\"843\" data-id=\"429\" src=\"https:\/\/yourjob.ba\/wp-content\/uploads\/2025\/07\/489973271_1180770397393081_960219503270545121_n-4.jpg\" alt=\"\" class=\"wp-image-429\" srcset=\"https:\/\/yourjob.ba\/wp-content\/uploads\/2025\/07\/489973271_1180770397393081_960219503270545121_n-4.jpg 843w, https:\/\/yourjob.ba\/wp-content\/uploads\/2025\/07\/489973271_1180770397393081_960219503270545121_n-4-300x300.jpg 300w, https:\/\/yourjob.ba\/wp-content\/uploads\/2025\/07\/489973271_1180770397393081_960219503270545121_n-4-150x150.jpg 150w, https:\/\/yourjob.ba\/wp-content\/uploads\/2025\/07\/489973271_1180770397393081_960219503270545121_n-4-768x768.jpg 768w\" sizes=\"auto, (max-width: 843px) 100vw, 843px\" \/><figcaption class=\"wp-element-caption\">Kristina na Akademiji fizioterapije \u017divot, 2024<\/figcaption><\/figure>\n\n\n\n<figure class=\"wp-block-image size-large\"><img loading=\"lazy\" decoding=\"async\" width=\"1024\" height=\"1024\" data-id=\"430\" src=\"https:\/\/yourjob.ba\/wp-content\/uploads\/2025\/07\/490761750_1180707477399373_5469947219624828186_n-1-5-1024x1024.jpg\" alt=\"\" class=\"wp-image-430\" srcset=\"https:\/\/yourjob.ba\/wp-content\/uploads\/2025\/07\/490761750_1180707477399373_5469947219624828186_n-1-5-1024x1024.jpg 1024w, https:\/\/yourjob.ba\/wp-content\/uploads\/2025\/07\/490761750_1180707477399373_5469947219624828186_n-1-5-300x300.jpg 300w, https:\/\/yourjob.ba\/wp-content\/uploads\/2025\/07\/490761750_1180707477399373_5469947219624828186_n-1-5-150x150.jpg 150w, https:\/\/yourjob.ba\/wp-content\/uploads\/2025\/07\/490761750_1180707477399373_5469947219624828186_n-1-5-768x768.jpg 768w, https:\/\/yourjob.ba\/wp-content\/uploads\/2025\/07\/490761750_1180707477399373_5469947219624828186_n-1-5.jpg 1536w\" sizes=\"auto, (max-width: 1024px) 100vw, 1024px\" \/><figcaption class=\"wp-element-caption\">Iva na Akademiji fizioterapije \u017divot, 2024<\/figcaption><\/figure>\n<\/figure>\n\n\n\n<figure class=\"wp-block-gallery has-nested-images columns-default is-cropped wp-block-gallery-5 is-layout-flex wp-block-gallery-is-layout-flex\">\n<figure class=\"wp-block-image size-large\"><img loading=\"lazy\" decoding=\"async\" width=\"721\" height=\"564\" data-id=\"435\" src=\"https:\/\/yourjob.ba\/wp-content\/uploads\/2025\/07\/510973499_10237872220649394_9165915392410086726_n-1.jpg\" alt=\"\" class=\"wp-image-435\" srcset=\"https:\/\/yourjob.ba\/wp-content\/uploads\/2025\/07\/510973499_10237872220649394_9165915392410086726_n-1.jpg 721w, https:\/\/yourjob.ba\/wp-content\/uploads\/2025\/07\/510973499_10237872220649394_9165915392410086726_n-1-300x235.jpg 300w\" sizes=\"auto, (max-width: 721px) 100vw, 721px\" \/><figcaption class=\"wp-element-caption\">Darko na po\u010detnoj konferenciji YourJob projekta u okviru inicijative EUzaZapo\u0161ljavanje<\/figcaption><\/figure>\n\n\n\n<figure class=\"wp-block-image size-large\"><img loading=\"lazy\" decoding=\"async\" width=\"1024\" height=\"673\" data-id=\"436\" src=\"https:\/\/yourjob.ba\/wp-content\/uploads\/2025\/07\/510147855_10237872220129381_5280713749035470062_n-1-1024x673.jpg\" alt=\"\" class=\"wp-image-436\" srcset=\"https:\/\/yourjob.ba\/wp-content\/uploads\/2025\/07\/510147855_10237872220129381_5280713749035470062_n-1-1024x673.jpg 1024w, https:\/\/yourjob.ba\/wp-content\/uploads\/2025\/07\/510147855_10237872220129381_5280713749035470062_n-1-300x197.jpg 300w, https:\/\/yourjob.ba\/wp-content\/uploads\/2025\/07\/510147855_10237872220129381_5280713749035470062_n-1-768x505.jpg 768w, https:\/\/yourjob.ba\/wp-content\/uploads\/2025\/07\/510147855_10237872220129381_5280713749035470062_n-1-1536x1009.jpg 1536w, https:\/\/yourjob.ba\/wp-content\/uploads\/2025\/07\/510147855_10237872220129381_5280713749035470062_n-1.jpg 1584w\" sizes=\"auto, (max-width: 1024px) 100vw, 1024px\" \/><figcaption class=\"wp-element-caption\">Darko na po\u010detnoj konferenciji YourJob projekta u okviru inicijative EUzaZapo\u0161ljavanje<\/figcaption><\/figure>\n<\/figure>\n","protected":false},"excerpt":{"rendered":"<p>U svijetu u kojem je konkurencija sve ve\u0107a, a mladima sve te\u017ee prona\u0107i svoj put, postoje ljudi koji ne samo da vjeruju u nove generacije, ve\u0107 im svakodnevno poma\u017eu da stanu na noge. Jedan od njih je Darko Bili\u0107, fizioterapeut, predava\u010d i osniva\u010d Rehabilitacijskog centra \u017divot u Mostaru.&nbsp; \u201eFizioterapija je poziv, a ne posao\u201c, ka\u017ee [&hellip;]<\/p>\n","protected":false},"author":3,"featured_media":378,"comment_status":"open","ping_status":"open","sticky":false,"template":"","format":"standard","meta":{"footnotes":""},"categories":[1],"tags":[],"class_list":["post-236","post","type-post","status-publish","format-standard","has-post-thumbnail","hentry","category-price"],"yoast_head":"<!-- This site is optimized with the Yoast SEO plugin v27.4 - https:\/\/yoast.com\/product\/yoast-seo-wordpress\/ -->\n<title>Darko Bili\u0107: Znanje koje lije\u010di i pokre\u0107e\u00a0 - Potpora zapo\u0161ljivosti i mogu\u0107nostima zapo\u0161ljavanja mladih<\/title>\n<meta name=\"robots\" content=\"index, follow, max-snippet:-1, max-image-preview:large, max-video-preview:-1\" \/>\n<link rel=\"canonical\" href=\"https:\/\/yourjob.ba\/index.php\/2025\/07\/17\/darko-bilic-znanje-koje-lijeci-i-pokrece\/\" \/>\n<meta property=\"og:locale\" content=\"en_US\" \/>\n<meta property=\"og:type\" content=\"article\" \/>\n<meta property=\"og:title\" content=\"Darko Bili\u0107: Znanje koje lije\u010di i pokre\u0107e\u00a0 - Potpora zapo\u0161ljivosti i mogu\u0107nostima zapo\u0161ljavanja mladih\" \/>\n<meta property=\"og:description\" content=\"U svijetu u kojem je konkurencija sve ve\u0107a, a mladima sve te\u017ee prona\u0107i svoj put, postoje ljudi koji ne samo da vjeruju u nove generacije, ve\u0107 im svakodnevno poma\u017eu da stanu na noge. Jedan od njih je Darko Bili\u0107, fizioterapeut, predava\u010d i osniva\u010d Rehabilitacijskog centra \u017divot u Mostaru.&nbsp; \u201eFizioterapija je poziv, a ne posao\u201c, ka\u017ee [&hellip;]\" \/>\n<meta property=\"og:url\" content=\"https:\/\/yourjob.ba\/index.php\/2025\/07\/17\/darko-bilic-znanje-koje-lijeci-i-pokrece\/\" \/>\n<meta property=\"og:site_name\" content=\"Potpora zapo\u0161ljivosti i mogu\u0107nostima zapo\u0161ljavanja mladih\" \/>\n<meta property=\"article:published_time\" content=\"2025-07-17T10:49:44+00:00\" \/>\n<meta property=\"article:modified_time\" content=\"2025-07-28T13:13:37+00:00\" \/>\n<meta property=\"og:image\" content=\"https:\/\/yourjob.ba\/wp-content\/uploads\/2025\/07\/Darko-Bilic-2.jpg\" \/>\n\t<meta property=\"og:image:width\" content=\"1707\" \/>\n\t<meta property=\"og:image:height\" content=\"960\" \/>\n\t<meta property=\"og:image:type\" content=\"image\/jpeg\" \/>\n<meta name=\"author\" content=\"Selma\" \/>\n<meta name=\"twitter:card\" content=\"summary_large_image\" \/>\n<meta name=\"twitter:label1\" content=\"Written by\" \/>\n\t<meta name=\"twitter:data1\" content=\"Selma\" \/>\n\t<meta name=\"twitter:label2\" content=\"Est. reading time\" \/>\n\t<meta name=\"twitter:data2\" content=\"5 minutes\" \/>\n<script type=\"application\/ld+json\" class=\"yoast-schema-graph\">{\"@context\":\"https:\\\/\\\/schema.org\",\"@graph\":[{\"@type\":\"WebPage\",\"@id\":\"https:\\\/\\\/yourjob.ba\\\/index.php\\\/2025\\\/07\\\/17\\\/darko-bilic-znanje-koje-lijeci-i-pokrece\\\/\",\"url\":\"https:\\\/\\\/yourjob.ba\\\/index.php\\\/2025\\\/07\\\/17\\\/darko-bilic-znanje-koje-lijeci-i-pokrece\\\/\",\"name\":\"Darko Bili\u0107: Znanje koje lije\u010di i pokre\u0107e\u00a0 - Potpora zapo\u0161ljivosti i mogu\u0107nostima zapo\u0161ljavanja mladih\",\"isPartOf\":{\"@id\":\"https:\\\/\\\/yourjob.ba\\\/#website\"},\"primaryImageOfPage\":{\"@id\":\"https:\\\/\\\/yourjob.ba\\\/index.php\\\/2025\\\/07\\\/17\\\/darko-bilic-znanje-koje-lijeci-i-pokrece\\\/#primaryimage\"},\"image\":{\"@id\":\"https:\\\/\\\/yourjob.ba\\\/index.php\\\/2025\\\/07\\\/17\\\/darko-bilic-znanje-koje-lijeci-i-pokrece\\\/#primaryimage\"},\"thumbnailUrl\":\"https:\\\/\\\/yourjob.ba\\\/wp-content\\\/uploads\\\/2025\\\/07\\\/Darko-Bilic-2.jpg\",\"datePublished\":\"2025-07-17T10:49:44+00:00\",\"dateModified\":\"2025-07-28T13:13:37+00:00\",\"breadcrumb\":{\"@id\":\"https:\\\/\\\/yourjob.ba\\\/index.php\\\/2025\\\/07\\\/17\\\/darko-bilic-znanje-koje-lijeci-i-pokrece\\\/#breadcrumb\"},\"inLanguage\":\"en-US\",\"potentialAction\":[{\"@type\":\"ReadAction\",\"target\":[\"https:\\\/\\\/yourjob.ba\\\/index.php\\\/2025\\\/07\\\/17\\\/darko-bilic-znanje-koje-lijeci-i-pokrece\\\/\"]}]},{\"@type\":\"ImageObject\",\"inLanguage\":\"en-US\",\"@id\":\"https:\\\/\\\/yourjob.ba\\\/index.php\\\/2025\\\/07\\\/17\\\/darko-bilic-znanje-koje-lijeci-i-pokrece\\\/#primaryimage\",\"url\":\"https:\\\/\\\/yourjob.ba\\\/wp-content\\\/uploads\\\/2025\\\/07\\\/Darko-Bilic-2.jpg\",\"contentUrl\":\"https:\\\/\\\/yourjob.ba\\\/wp-content\\\/uploads\\\/2025\\\/07\\\/Darko-Bilic-2.jpg\",\"width\":1707,\"height\":960},{\"@type\":\"BreadcrumbList\",\"@id\":\"https:\\\/\\\/yourjob.ba\\\/index.php\\\/2025\\\/07\\\/17\\\/darko-bilic-znanje-koje-lijeci-i-pokrece\\\/#breadcrumb\",\"itemListElement\":[{\"@type\":\"ListItem\",\"position\":1,\"name\":\"Home\",\"item\":\"https:\\\/\\\/yourjob.ba\\\/\"},{\"@type\":\"ListItem\",\"position\":2,\"name\":\"Darko Bili\u0107: Znanje koje lije\u010di i pokre\u0107e\u00a0\"}]},{\"@type\":\"WebSite\",\"@id\":\"https:\\\/\\\/yourjob.ba\\\/#website\",\"url\":\"https:\\\/\\\/yourjob.ba\\\/\",\"name\":\"Potpora zapo\u0161ljivosti i mogu\u0107nostima zapo\u0161ljavanja mladih\",\"description\":\"\",\"publisher\":{\"@id\":\"https:\\\/\\\/yourjob.ba\\\/#organization\"},\"alternateName\":\"YourJob\",\"potentialAction\":[{\"@type\":\"SearchAction\",\"target\":{\"@type\":\"EntryPoint\",\"urlTemplate\":\"https:\\\/\\\/yourjob.ba\\\/?s={search_term_string}\"},\"query-input\":{\"@type\":\"PropertyValueSpecification\",\"valueRequired\":true,\"valueName\":\"search_term_string\"}}],\"inLanguage\":\"en-US\"},{\"@type\":\"Organization\",\"@id\":\"https:\\\/\\\/yourjob.ba\\\/#organization\",\"name\":\"YourJob\",\"url\":\"https:\\\/\\\/yourjob.ba\\\/\",\"logo\":{\"@type\":\"ImageObject\",\"inLanguage\":\"en-US\",\"@id\":\"https:\\\/\\\/yourjob.ba\\\/#\\\/schema\\\/logo\\\/image\\\/\",\"url\":\"https:\\\/\\\/yourjob.ba\\\/wp-content\\\/uploads\\\/2024\\\/09\\\/logo-01.jpg\",\"contentUrl\":\"https:\\\/\\\/yourjob.ba\\\/wp-content\\\/uploads\\\/2024\\\/09\\\/logo-01.jpg\",\"width\":1803,\"height\":673,\"caption\":\"YourJob\"},\"image\":{\"@id\":\"https:\\\/\\\/yourjob.ba\\\/#\\\/schema\\\/logo\\\/image\\\/\"}}]}<\/script>\n<!-- \/ Yoast SEO plugin. -->","yoast_head_json":{"title":"Darko Bili\u0107: Znanje koje lije\u010di i pokre\u0107e\u00a0 - Potpora zapo\u0161ljivosti i mogu\u0107nostima zapo\u0161ljavanja mladih","robots":{"index":"index","follow":"follow","max-snippet":"max-snippet:-1","max-image-preview":"max-image-preview:large","max-video-preview":"max-video-preview:-1"},"canonical":"https:\/\/yourjob.ba\/index.php\/2025\/07\/17\/darko-bilic-znanje-koje-lijeci-i-pokrece\/","og_locale":"en_US","og_type":"article","og_title":"Darko Bili\u0107: Znanje koje lije\u010di i pokre\u0107e\u00a0 - Potpora zapo\u0161ljivosti i mogu\u0107nostima zapo\u0161ljavanja mladih","og_description":"U svijetu u kojem je konkurencija sve ve\u0107a, a mladima sve te\u017ee prona\u0107i svoj put, postoje ljudi koji ne samo da vjeruju u nove generacije, ve\u0107 im svakodnevno poma\u017eu da stanu na noge. Jedan od njih je Darko Bili\u0107, fizioterapeut, predava\u010d i osniva\u010d Rehabilitacijskog centra \u017divot u Mostaru.&nbsp; \u201eFizioterapija je poziv, a ne posao\u201c, ka\u017ee [&hellip;]","og_url":"https:\/\/yourjob.ba\/index.php\/2025\/07\/17\/darko-bilic-znanje-koje-lijeci-i-pokrece\/","og_site_name":"Potpora zapo\u0161ljivosti i mogu\u0107nostima zapo\u0161ljavanja mladih","article_published_time":"2025-07-17T10:49:44+00:00","article_modified_time":"2025-07-28T13:13:37+00:00","og_image":[{"width":1707,"height":960,"url":"https:\/\/yourjob.ba\/wp-content\/uploads\/2025\/07\/Darko-Bilic-2.jpg","type":"image\/jpeg"}],"author":"Selma","twitter_card":"summary_large_image","twitter_misc":{"Written by":"Selma","Est. reading time":"5 minutes"},"schema":{"@context":"https:\/\/schema.org","@graph":[{"@type":"WebPage","@id":"https:\/\/yourjob.ba\/index.php\/2025\/07\/17\/darko-bilic-znanje-koje-lijeci-i-pokrece\/","url":"https:\/\/yourjob.ba\/index.php\/2025\/07\/17\/darko-bilic-znanje-koje-lijeci-i-pokrece\/","name":"Darko Bili\u0107: Znanje koje lije\u010di i pokre\u0107e\u00a0 - Potpora zapo\u0161ljivosti i mogu\u0107nostima zapo\u0161ljavanja mladih","isPartOf":{"@id":"https:\/\/yourjob.ba\/#website"},"primaryImageOfPage":{"@id":"https:\/\/yourjob.ba\/index.php\/2025\/07\/17\/darko-bilic-znanje-koje-lijeci-i-pokrece\/#primaryimage"},"image":{"@id":"https:\/\/yourjob.ba\/index.php\/2025\/07\/17\/darko-bilic-znanje-koje-lijeci-i-pokrece\/#primaryimage"},"thumbnailUrl":"https:\/\/yourjob.ba\/wp-content\/uploads\/2025\/07\/Darko-Bilic-2.jpg","datePublished":"2025-07-17T10:49:44+00:00","dateModified":"2025-07-28T13:13:37+00:00","breadcrumb":{"@id":"https:\/\/yourjob.ba\/index.php\/2025\/07\/17\/darko-bilic-znanje-koje-lijeci-i-pokrece\/#breadcrumb"},"inLanguage":"en-US","potentialAction":[{"@type":"ReadAction","target":["https:\/\/yourjob.ba\/index.php\/2025\/07\/17\/darko-bilic-znanje-koje-lijeci-i-pokrece\/"]}]},{"@type":"ImageObject","inLanguage":"en-US","@id":"https:\/\/yourjob.ba\/index.php\/2025\/07\/17\/darko-bilic-znanje-koje-lijeci-i-pokrece\/#primaryimage","url":"https:\/\/yourjob.ba\/wp-content\/uploads\/2025\/07\/Darko-Bilic-2.jpg","contentUrl":"https:\/\/yourjob.ba\/wp-content\/uploads\/2025\/07\/Darko-Bilic-2.jpg","width":1707,"height":960},{"@type":"BreadcrumbList","@id":"https:\/\/yourjob.ba\/index.php\/2025\/07\/17\/darko-bilic-znanje-koje-lijeci-i-pokrece\/#breadcrumb","itemListElement":[{"@type":"ListItem","position":1,"name":"Home","item":"https:\/\/yourjob.ba\/"},{"@type":"ListItem","position":2,"name":"Darko Bili\u0107: Znanje koje lije\u010di i pokre\u0107e\u00a0"}]},{"@type":"WebSite","@id":"https:\/\/yourjob.ba\/#website","url":"https:\/\/yourjob.ba\/","name":"Potpora zapo\u0161ljivosti i mogu\u0107nostima zapo\u0161ljavanja mladih","description":"","publisher":{"@id":"https:\/\/yourjob.ba\/#organization"},"alternateName":"YourJob","potentialAction":[{"@type":"SearchAction","target":{"@type":"EntryPoint","urlTemplate":"https:\/\/yourjob.ba\/?s={search_term_string}"},"query-input":{"@type":"PropertyValueSpecification","valueRequired":true,"valueName":"search_term_string"}}],"inLanguage":"en-US"},{"@type":"Organization","@id":"https:\/\/yourjob.ba\/#organization","name":"YourJob","url":"https:\/\/yourjob.ba\/","logo":{"@type":"ImageObject","inLanguage":"en-US","@id":"https:\/\/yourjob.ba\/#\/schema\/logo\/image\/","url":"https:\/\/yourjob.ba\/wp-content\/uploads\/2024\/09\/logo-01.jpg","contentUrl":"https:\/\/yourjob.ba\/wp-content\/uploads\/2024\/09\/logo-01.jpg","width":1803,"height":673,"caption":"YourJob"},"image":{"@id":"https:\/\/yourjob.ba\/#\/schema\/logo\/image\/"}}]}},"_links":{"self":[{"href":"https:\/\/yourjob.ba\/index.php\/wp-json\/wp\/v2\/posts\/236","targetHints":{"allow":["GET"]}}],"collection":[{"href":"https:\/\/yourjob.ba\/index.php\/wp-json\/wp\/v2\/posts"}],"about":[{"href":"https:\/\/yourjob.ba\/index.php\/wp-json\/wp\/v2\/types\/post"}],"author":[{"embeddable":true,"href":"https:\/\/yourjob.ba\/index.php\/wp-json\/wp\/v2\/users\/3"}],"replies":[{"embeddable":true,"href":"https:\/\/yourjob.ba\/index.php\/wp-json\/wp\/v2\/comments?post=236"}],"version-history":[{"count":20,"href":"https:\/\/yourjob.ba\/index.php\/wp-json\/wp\/v2\/posts\/236\/revisions"}],"predecessor-version":[{"id":484,"href":"https:\/\/yourjob.ba\/index.php\/wp-json\/wp\/v2\/posts\/236\/revisions\/484"}],"wp:featuredmedia":[{"embeddable":true,"href":"https:\/\/yourjob.ba\/index.php\/wp-json\/wp\/v2\/media\/378"}],"wp:attachment":[{"href":"https:\/\/yourjob.ba\/index.php\/wp-json\/wp\/v2\/media?parent=236"}],"wp:term":[{"taxonomy":"category","embeddable":true,"href":"https:\/\/yourjob.ba\/index.php\/wp-json\/wp\/v2\/categories?post=236"},{"taxonomy":"post_tag","embeddable":true,"href":"https:\/\/yourjob.ba\/index.php\/wp-json\/wp\/v2\/tags?post=236"}],"curies":[{"name":"wp","href":"https:\/\/api.w.org\/{rel}","templated":true}]}}