{"id":144,"date":"2024-11-22T06:07:11","date_gmt":"2024-11-22T06:07:11","guid":{"rendered":"https:\/\/yourjob.ba\/?p=144"},"modified":"2025-05-27T10:52:11","modified_gmt":"2025-05-27T10:52:11","slug":"vijesti","status":"publish","type":"post","link":"https:\/\/yourjob.ba\/index.php\/2024\/11\/22\/vijesti\/","title":{"rendered":"JAVNI POZIV MLADIMA!\u00a0"},"content":{"rendered":"\n<figure class=\"wp-block-image size-large\"><img loading=\"lazy\" decoding=\"async\" width=\"1024\" height=\"640\" src=\"https:\/\/yourjob.ba\/wp-content\/uploads\/2024\/11\/Postovi-10-1024x640.jpg\" alt=\"\" class=\"wp-image-145\" srcset=\"https:\/\/yourjob.ba\/wp-content\/uploads\/2024\/11\/Postovi-10-1024x640.jpg 1024w, https:\/\/yourjob.ba\/wp-content\/uploads\/2024\/11\/Postovi-10-300x188.jpg 300w, https:\/\/yourjob.ba\/wp-content\/uploads\/2024\/11\/Postovi-10-768x480.jpg 768w, https:\/\/yourjob.ba\/wp-content\/uploads\/2024\/11\/Postovi-10-1536x960.jpg 1536w, https:\/\/yourjob.ba\/wp-content\/uploads\/2024\/11\/Postovi-10-2048x1280.jpg 2048w\" sizes=\"auto, (max-width: 1024px) 100vw, 1024px\" \/><\/figure>\n\n\n\n<p><strong>OP\u0106E INFORMACIJE<\/strong><\/p>\n\n\n\n<p class=\"has-text-align-left\">Caritas Bosne i Hercegovine i Socijalno-edukativni centar, u partnerstvu s Impakt Fondacijom, u okviru projekta&nbsp;<em>Potpora zapo\u0161ljivosti i mogu\u0107nostima zapo\u0161ljavanja mladih \u2013 Your Job<\/em>, a koji se provodi u okviru projekta EUzaZapo\u0161ljavanje uz podr\u0161ku Europske unije i \u0160vedske, i kojeg realizira Me\u0111unarodna organizacija rada u BiH, poziva sve zainteresirane&nbsp;<strong>nezaposlene mlade u dobi od 18-29 godina<\/strong>&nbsp;da se prijave za sudjelovanje na obuci Inkubator poslovnih ideja. Obuka podrazumijeva predavanja i mentorstvo o klju\u010dnim elementima poslovnog dizajna\/modeliranja.<\/p>\n\n\n\n<p><strong>Cilj poziva:<\/strong>&nbsp;Podsticaj poduzetni\u0161tvu i samozapo\u0161ljavanju mladih iz&nbsp;<strong>Banja Luke, \u010capljine, \u010citluka, Mostara i Stoca<\/strong>, kroz sufinanciranje tro\u0161kova pokretanja i razvoja vlastitog poduze\u0107a.<\/p>\n\n\n\n<p><strong>UVJETI I NA\u010cIN SUDJELOVANJA<\/strong><\/p>\n\n\n\n<ul class=\"wp-block-list\">\n<li>Pravo sudjelovanja imaju nezaposleni mladi u dobi od 18 do 29 godina s prebivali\u0161tem u Banja Luci, \u010capljini, \u010citluku, Mostaru i Stocu koji imaju poslovnu ideju.<\/li>\n\n\n\n<li>Mladi trebaju biti prijavljeni\/registrirani na Birou\/Slu\u017ebi za zapo\u0161ljavanje.<\/li>\n\n\n\n<li>Rok za podno\u0161enje prijave je 31. decembar\/prosinac 2024. godine.<\/li>\n\n\n\n<li>Po javnom pozivu bit \u0107e odabrano: &nbsp;<strong>50 sudionika iz Banja Luke<\/strong>&nbsp;i&nbsp;<strong>50 sudionika iz Hercegovine<\/strong>&nbsp;(\u010capljina, \u010citluk, Mostar i Stolac)<\/li>\n\n\n\n<li>Odabrani sudionici su obavezni aktivno sudjelovati na Inkubatoru poslovnih ideja, tijekom kojeg se pru\u017ea osnovna obuka i prakti\u010dna potpora u izradi poslovnog plana.<\/li>\n\n\n\n<li>Pristigle prijave \u0107e pregledati i ocijeniti stru\u010dnjaci Impakt Fondacije i organizatori obuke nakon \u010dega \u0107e najbolje ideje biti odabrane za sljede\u0107u fazu.<\/li>\n\n\n\n<li>Najuspje\u0161nijim sudionicima obuke biti \u0107e osigurana financijska potpora u iznosu do 4.500 KM (bez PDV-a) i mentorski program.<\/li>\n<\/ul>\n\n\n\n<p><strong>PROGRAM OBUKE<\/strong><\/p>\n\n\n\n<p>Mladim poduzetnicima \u0107e biti osigurana intenzivna obuka\/inkubator poslovnih ideja i prakti\u010dna potpora, koja \u0107e osigurati ubrzani proces prelaska sa osnovne ideje na provediv poslovni model. Organizator obuke snosi tro\u0161kove smje\u0161taja, materijal za rad i certificiranje svakog polaznika.<\/p>\n\n\n\n<p><strong>KALENDAR AKTIVNOSTI<\/strong><\/p>\n\n\n\n<p>Odabrani kandidati, od strane stru\u010dnog povjerenstva, \u0107e morati obavezno sudjelovati u obuci za izradu i pisanje poslovnog \/biznis plana.<\/p>\n\n\n\n<p>Objavljivanje rezultata odabranih sudionika obuke Inkubator poslovnih ideja biti \u0107e do 20. januara\/sije\u010dnja 2025. god.<\/p>\n\n\n\n<p>Obuka\/trening za dizajniranje i formuliranje poslovnih ideja biti \u0107e organizirana u velja\u010di\/februaru, i trajati \u0107e 6 dana u periodu od maksimalno 2 mjeseca. Obuka \u0107e biti fokusirana na razvoj poslovnog plana i poslovnog modela te ja\u010danje poduzetni\u010dkih vje\u0161tina. Sudionici obuke \u0107e imati kontinuiranu stru\u010dnu i mentorsku podr\u0161ku trenera Impakt Fondacije u izradi zadataka i finalnoj izradi poslovnog plana i poslovnog modela. Finalni odabir kandidata i potpisivanje ugovora \u010dije \u0107e poslovne ideje biti financirane najkasnije do konca svibnja\/maja 2025. god.<\/p>\n\n\n\n<p><strong>Napomena:<\/strong>&nbsp;Organizator provedbe aktivnosti zadr\u017eava pravo, u slu\u010daju objektivnih okolnosti, promijeniti termine odr\u017eavanja obuke i objave natje\u010daja.<\/p>\n\n\n\n<p><strong>PRIJAVA<\/strong>: Prijavni obrazac je potrebno popuniti najkasnije do 31. decembra\/prosinca 2024. godine do 16:00 sati.<\/p>\n\n\n\n<div class=\"wp-block-buttons is-horizontal is-content-justification-center is-layout-flex wp-container-core-buttons-is-layout-ecd33c62 wp-block-buttons-is-layout-flex\" id=\"https:\/\/forms.office.com\/e\/LaFBSzQe1f\">\n<div class=\"wp-block-button has-custom-width wp-block-button__width-100\" id=\"https:\/\/forms.office.com\/e\/LaFBSzQe1f\"><a class=\"wp-block-button__link has-text-align-center wp-element-button\" href=\"https:\/\/forms.office.com\/e\/LaFBSzQe1f\" rel=\"https:\/\/forms.office.com\/e\/LaFBSzQe1f\">PRIJAVA<\/a><\/div>\n<\/div>\n\n\n\n<p>Za sve dodatne informacije mo\u017eete kontaktirati: <a href=\"mailto:yourjob.bih@caritas.ba\">yourjob.bih@caritas.ba<\/a>    Savjetovali\u0161te za zapo\u0161ljavanje Mostar\/\u010citluk +387 63 690 488<br>Savjetovali\u0161te za zapo\u0161ljavanje \u010capljina\/Stolac +387 63 986 748<br>Savjetovali\u0161te za zapo\u0161ljavanje Banja Luka +387 63 909 548<\/p>\n\n\n\n<p><\/p>\n","protected":false},"excerpt":{"rendered":"<p>OP\u0106E INFORMACIJE Caritas Bosne i Hercegovine i Socijalno-edukativni centar, u partnerstvu s Impakt Fondacijom, u okviru projekta&nbsp;Potpora zapo\u0161ljivosti i mogu\u0107nostima zapo\u0161ljavanja mladih \u2013 Your Job, a koji se provodi u okviru projekta EUzaZapo\u0161ljavanje uz podr\u0161ku Europske unije i \u0160vedske, i kojeg realizira Me\u0111unarodna organizacija rada u BiH, poziva sve zainteresirane&nbsp;nezaposlene mlade u dobi od 18-29 [&hellip;]<\/p>\n","protected":false},"author":1,"featured_media":0,"comment_status":"closed","ping_status":"open","sticky":false,"template":"","format":"standard","meta":{"footnotes":""},"categories":[6],"tags":[8],"class_list":["post-144","post","type-post","status-publish","format-standard","hentry","category-vijesti","tag-vijesti"],"yoast_head":"<!-- This site is optimized with the Yoast SEO plugin v27.5 - https:\/\/yoast.com\/product\/yoast-seo-wordpress\/ -->\n<title>JAVNI POZIV MLADIMA!\u00a0 - Potpora zapo\u0161ljivosti i mogu\u0107nostima zapo\u0161ljavanja mladih<\/title>\n<meta name=\"robots\" content=\"index, follow, max-snippet:-1, max-image-preview:large, max-video-preview:-1\" \/>\n<link rel=\"canonical\" href=\"https:\/\/yourjob.ba\/index.php\/2024\/11\/22\/vijesti\/\" \/>\n<meta property=\"og:locale\" content=\"en_US\" \/>\n<meta property=\"og:type\" content=\"article\" \/>\n<meta property=\"og:title\" content=\"JAVNI POZIV MLADIMA!\u00a0 - Potpora zapo\u0161ljivosti i mogu\u0107nostima zapo\u0161ljavanja mladih\" \/>\n<meta property=\"og:description\" content=\"OP\u0106E INFORMACIJE Caritas Bosne i Hercegovine i Socijalno-edukativni centar, u partnerstvu s Impakt Fondacijom, u okviru projekta&nbsp;Potpora zapo\u0161ljivosti i mogu\u0107nostima zapo\u0161ljavanja mladih \u2013 Your Job, a koji se provodi u okviru projekta EUzaZapo\u0161ljavanje uz podr\u0161ku Europske unije i \u0160vedske, i kojeg realizira Me\u0111unarodna organizacija rada u BiH, poziva sve zainteresirane&nbsp;nezaposlene mlade u dobi od 18-29 [&hellip;]\" \/>\n<meta property=\"og:url\" content=\"https:\/\/yourjob.ba\/index.php\/2024\/11\/22\/vijesti\/\" \/>\n<meta property=\"og:site_name\" content=\"Potpora zapo\u0161ljivosti i mogu\u0107nostima zapo\u0161ljavanja mladih\" \/>\n<meta property=\"article:published_time\" content=\"2024-11-22T06:07:11+00:00\" \/>\n<meta property=\"article:modified_time\" content=\"2025-05-27T10:52:11+00:00\" \/>\n<meta property=\"og:image\" content=\"https:\/\/yourjob.ba\/wp-content\/uploads\/2024\/11\/Postovi-10-scaled.jpg\" \/>\n\t<meta property=\"og:image:width\" content=\"2560\" \/>\n\t<meta property=\"og:image:height\" content=\"1600\" \/>\n\t<meta property=\"og:image:type\" content=\"image\/jpeg\" \/>\n<meta name=\"author\" content=\"admin\" \/>\n<meta name=\"twitter:card\" content=\"summary_large_image\" \/>\n<meta name=\"twitter:label1\" content=\"Written by\" \/>\n\t<meta name=\"twitter:data1\" content=\"admin\" \/>\n\t<meta name=\"twitter:label2\" content=\"Est. reading time\" \/>\n\t<meta name=\"twitter:data2\" content=\"2 minutes\" \/>\n<script type=\"application\/ld+json\" class=\"yoast-schema-graph\">{\"@context\":\"https:\\\/\\\/schema.org\",\"@graph\":[{\"@type\":\"WebPage\",\"@id\":\"https:\\\/\\\/yourjob.ba\\\/index.php\\\/2024\\\/11\\\/22\\\/vijesti\\\/\",\"url\":\"https:\\\/\\\/yourjob.ba\\\/index.php\\\/2024\\\/11\\\/22\\\/vijesti\\\/\",\"name\":\"JAVNI POZIV MLADIMA!\u00a0 - Potpora zapo\u0161ljivosti i mogu\u0107nostima zapo\u0161ljavanja mladih\",\"isPartOf\":{\"@id\":\"https:\\\/\\\/yourjob.ba\\\/#website\"},\"primaryImageOfPage\":{\"@id\":\"https:\\\/\\\/yourjob.ba\\\/index.php\\\/2024\\\/11\\\/22\\\/vijesti\\\/#primaryimage\"},\"image\":{\"@id\":\"https:\\\/\\\/yourjob.ba\\\/index.php\\\/2024\\\/11\\\/22\\\/vijesti\\\/#primaryimage\"},\"thumbnailUrl\":\"https:\\\/\\\/yourjob.ba\\\/wp-content\\\/uploads\\\/2024\\\/11\\\/Postovi-10-1024x640.jpg\",\"datePublished\":\"2024-11-22T06:07:11+00:00\",\"dateModified\":\"2025-05-27T10:52:11+00:00\",\"breadcrumb\":{\"@id\":\"https:\\\/\\\/yourjob.ba\\\/index.php\\\/2024\\\/11\\\/22\\\/vijesti\\\/#breadcrumb\"},\"inLanguage\":\"en-US\",\"potentialAction\":[{\"@type\":\"ReadAction\",\"target\":[\"https:\\\/\\\/yourjob.ba\\\/index.php\\\/2024\\\/11\\\/22\\\/vijesti\\\/\"]}]},{\"@type\":\"ImageObject\",\"inLanguage\":\"en-US\",\"@id\":\"https:\\\/\\\/yourjob.ba\\\/index.php\\\/2024\\\/11\\\/22\\\/vijesti\\\/#primaryimage\",\"url\":\"https:\\\/\\\/yourjob.ba\\\/wp-content\\\/uploads\\\/2024\\\/11\\\/Postovi-10-scaled.jpg\",\"contentUrl\":\"https:\\\/\\\/yourjob.ba\\\/wp-content\\\/uploads\\\/2024\\\/11\\\/Postovi-10-scaled.jpg\",\"width\":2560,\"height\":1600},{\"@type\":\"BreadcrumbList\",\"@id\":\"https:\\\/\\\/yourjob.ba\\\/index.php\\\/2024\\\/11\\\/22\\\/vijesti\\\/#breadcrumb\",\"itemListElement\":[{\"@type\":\"ListItem\",\"position\":1,\"name\":\"Home\",\"item\":\"https:\\\/\\\/yourjob.ba\\\/\"},{\"@type\":\"ListItem\",\"position\":2,\"name\":\"JAVNI POZIV MLADIMA!\u00a0\"}]},{\"@type\":\"WebSite\",\"@id\":\"https:\\\/\\\/yourjob.ba\\\/#website\",\"url\":\"https:\\\/\\\/yourjob.ba\\\/\",\"name\":\"Potpora zapo\u0161ljivosti i mogu\u0107nostima zapo\u0161ljavanja mladih\",\"description\":\"\",\"publisher\":{\"@id\":\"https:\\\/\\\/yourjob.ba\\\/#organization\"},\"alternateName\":\"YourJob\",\"potentialAction\":[{\"@type\":\"SearchAction\",\"target\":{\"@type\":\"EntryPoint\",\"urlTemplate\":\"https:\\\/\\\/yourjob.ba\\\/?s={search_term_string}\"},\"query-input\":{\"@type\":\"PropertyValueSpecification\",\"valueRequired\":true,\"valueName\":\"search_term_string\"}}],\"inLanguage\":\"en-US\"},{\"@type\":\"Organization\",\"@id\":\"https:\\\/\\\/yourjob.ba\\\/#organization\",\"name\":\"YourJob\",\"url\":\"https:\\\/\\\/yourjob.ba\\\/\",\"logo\":{\"@type\":\"ImageObject\",\"inLanguage\":\"en-US\",\"@id\":\"https:\\\/\\\/yourjob.ba\\\/#\\\/schema\\\/logo\\\/image\\\/\",\"url\":\"https:\\\/\\\/yourjob.ba\\\/wp-content\\\/uploads\\\/2024\\\/09\\\/logo-01.jpg\",\"contentUrl\":\"https:\\\/\\\/yourjob.ba\\\/wp-content\\\/uploads\\\/2024\\\/09\\\/logo-01.jpg\",\"width\":1803,\"height\":673,\"caption\":\"YourJob\"},\"image\":{\"@id\":\"https:\\\/\\\/yourjob.ba\\\/#\\\/schema\\\/logo\\\/image\\\/\"}}]}<\/script>\n<!-- \/ Yoast SEO plugin. -->","yoast_head_json":{"title":"JAVNI POZIV MLADIMA!\u00a0 - Potpora zapo\u0161ljivosti i mogu\u0107nostima zapo\u0161ljavanja mladih","robots":{"index":"index","follow":"follow","max-snippet":"max-snippet:-1","max-image-preview":"max-image-preview:large","max-video-preview":"max-video-preview:-1"},"canonical":"https:\/\/yourjob.ba\/index.php\/2024\/11\/22\/vijesti\/","og_locale":"en_US","og_type":"article","og_title":"JAVNI POZIV MLADIMA!\u00a0 - Potpora zapo\u0161ljivosti i mogu\u0107nostima zapo\u0161ljavanja mladih","og_description":"OP\u0106E INFORMACIJE Caritas Bosne i Hercegovine i Socijalno-edukativni centar, u partnerstvu s Impakt Fondacijom, u okviru projekta&nbsp;Potpora zapo\u0161ljivosti i mogu\u0107nostima zapo\u0161ljavanja mladih \u2013 Your Job, a koji se provodi u okviru projekta EUzaZapo\u0161ljavanje uz podr\u0161ku Europske unije i \u0160vedske, i kojeg realizira Me\u0111unarodna organizacija rada u BiH, poziva sve zainteresirane&nbsp;nezaposlene mlade u dobi od 18-29 [&hellip;]","og_url":"https:\/\/yourjob.ba\/index.php\/2024\/11\/22\/vijesti\/","og_site_name":"Potpora zapo\u0161ljivosti i mogu\u0107nostima zapo\u0161ljavanja mladih","article_published_time":"2024-11-22T06:07:11+00:00","article_modified_time":"2025-05-27T10:52:11+00:00","og_image":[{"width":2560,"height":1600,"url":"https:\/\/yourjob.ba\/wp-content\/uploads\/2024\/11\/Postovi-10-scaled.jpg","type":"image\/jpeg"}],"author":"admin","twitter_card":"summary_large_image","twitter_misc":{"Written by":"admin","Est. reading time":"2 minutes"},"schema":{"@context":"https:\/\/schema.org","@graph":[{"@type":"WebPage","@id":"https:\/\/yourjob.ba\/index.php\/2024\/11\/22\/vijesti\/","url":"https:\/\/yourjob.ba\/index.php\/2024\/11\/22\/vijesti\/","name":"JAVNI POZIV MLADIMA!\u00a0 - Potpora zapo\u0161ljivosti i mogu\u0107nostima zapo\u0161ljavanja mladih","isPartOf":{"@id":"https:\/\/yourjob.ba\/#website"},"primaryImageOfPage":{"@id":"https:\/\/yourjob.ba\/index.php\/2024\/11\/22\/vijesti\/#primaryimage"},"image":{"@id":"https:\/\/yourjob.ba\/index.php\/2024\/11\/22\/vijesti\/#primaryimage"},"thumbnailUrl":"https:\/\/yourjob.ba\/wp-content\/uploads\/2024\/11\/Postovi-10-1024x640.jpg","datePublished":"2024-11-22T06:07:11+00:00","dateModified":"2025-05-27T10:52:11+00:00","breadcrumb":{"@id":"https:\/\/yourjob.ba\/index.php\/2024\/11\/22\/vijesti\/#breadcrumb"},"inLanguage":"en-US","potentialAction":[{"@type":"ReadAction","target":["https:\/\/yourjob.ba\/index.php\/2024\/11\/22\/vijesti\/"]}]},{"@type":"ImageObject","inLanguage":"en-US","@id":"https:\/\/yourjob.ba\/index.php\/2024\/11\/22\/vijesti\/#primaryimage","url":"https:\/\/yourjob.ba\/wp-content\/uploads\/2024\/11\/Postovi-10-scaled.jpg","contentUrl":"https:\/\/yourjob.ba\/wp-content\/uploads\/2024\/11\/Postovi-10-scaled.jpg","width":2560,"height":1600},{"@type":"BreadcrumbList","@id":"https:\/\/yourjob.ba\/index.php\/2024\/11\/22\/vijesti\/#breadcrumb","itemListElement":[{"@type":"ListItem","position":1,"name":"Home","item":"https:\/\/yourjob.ba\/"},{"@type":"ListItem","position":2,"name":"JAVNI POZIV MLADIMA!\u00a0"}]},{"@type":"WebSite","@id":"https:\/\/yourjob.ba\/#website","url":"https:\/\/yourjob.ba\/","name":"Potpora zapo\u0161ljivosti i mogu\u0107nostima zapo\u0161ljavanja mladih","description":"","publisher":{"@id":"https:\/\/yourjob.ba\/#organization"},"alternateName":"YourJob","potentialAction":[{"@type":"SearchAction","target":{"@type":"EntryPoint","urlTemplate":"https:\/\/yourjob.ba\/?s={search_term_string}"},"query-input":{"@type":"PropertyValueSpecification","valueRequired":true,"valueName":"search_term_string"}}],"inLanguage":"en-US"},{"@type":"Organization","@id":"https:\/\/yourjob.ba\/#organization","name":"YourJob","url":"https:\/\/yourjob.ba\/","logo":{"@type":"ImageObject","inLanguage":"en-US","@id":"https:\/\/yourjob.ba\/#\/schema\/logo\/image\/","url":"https:\/\/yourjob.ba\/wp-content\/uploads\/2024\/09\/logo-01.jpg","contentUrl":"https:\/\/yourjob.ba\/wp-content\/uploads\/2024\/09\/logo-01.jpg","width":1803,"height":673,"caption":"YourJob"},"image":{"@id":"https:\/\/yourjob.ba\/#\/schema\/logo\/image\/"}}]}},"_links":{"self":[{"href":"https:\/\/yourjob.ba\/index.php\/wp-json\/wp\/v2\/posts\/144","targetHints":{"allow":["GET"]}}],"collection":[{"href":"https:\/\/yourjob.ba\/index.php\/wp-json\/wp\/v2\/posts"}],"about":[{"href":"https:\/\/yourjob.ba\/index.php\/wp-json\/wp\/v2\/types\/post"}],"author":[{"embeddable":true,"href":"https:\/\/yourjob.ba\/index.php\/wp-json\/wp\/v2\/users\/1"}],"replies":[{"embeddable":true,"href":"https:\/\/yourjob.ba\/index.php\/wp-json\/wp\/v2\/comments?post=144"}],"version-history":[{"count":7,"href":"https:\/\/yourjob.ba\/index.php\/wp-json\/wp\/v2\/posts\/144\/revisions"}],"predecessor-version":[{"id":154,"href":"https:\/\/yourjob.ba\/index.php\/wp-json\/wp\/v2\/posts\/144\/revisions\/154"}],"wp:attachment":[{"href":"https:\/\/yourjob.ba\/index.php\/wp-json\/wp\/v2\/media?parent=144"}],"wp:term":[{"taxonomy":"category","embeddable":true,"href":"https:\/\/yourjob.ba\/index.php\/wp-json\/wp\/v2\/categories?post=144"},{"taxonomy":"post_tag","embeddable":true,"href":"https:\/\/yourjob.ba\/index.php\/wp-json\/wp\/v2\/tags?post=144"}],"curies":[{"name":"wp","href":"https:\/\/api.w.org\/{rel}","templated":true}]}}